{"id":22,"date":"2014-02-09T14:45:40","date_gmt":"2014-02-09T14:45:40","guid":{"rendered":"https:\/\/blog.ilgiornale.it\/ferrara\/?p=22"},"modified":"2014-02-09T15:39:37","modified_gmt":"2014-02-09T15:39:37","slug":"renzi-ci-pensi-tu-allirap","status":"publish","type":"post","link":"https:\/\/blog.ilgiornale.it\/ferrara\/2014\/02\/09\/renzi-ci-pensi-tu-allirap\/","title":{"rendered":"Renzi, ci pensi tu all&#8217;Irap?"},"content":{"rendered":"<p>\u201cSe ho dieci dipendenti e ne licenzio cinque, pagher\u00f2 la met\u00e0 dell&#8217;<strong>Irap<\/strong> rispetto a chi ha dieci dipendenti e non ne licenzia nessuno (ovviamente io faccio parte di questo secondo gruppo). Vi pare normale? Anzich\u00e9 aiutare le aziende che proteggono i posti di lavoro e che evitano di creare disoccupazione lo Stato che fa? Le tassa\u201d. Paolo Federici, imprenditore nel settore della logistica e dei trasporti, attivissimo col suo <a href=\"http:\/\/lanavedeisogni.wordpress.com\/2014\/01\/17\/un-aiuto-alla-disoccupazione\/\" target=\"_blank\">blog<\/a> nell&#8217;esporre le grane che attanagliano le aziende, mi esterna cos\u00ec la sua indignazione.<\/p>\n<p>Ma non \u00e8 il solo. Perch\u00e9 se chiedi a un piccolo <strong>imprenditore<\/strong> cosa pensa dell&#8217;Irap, ti risponde cambiando l&#8217;acronimo alla tassa: \u201c\u00c8 un&#8217;imposta rapina\u201d. Il dibattito sull&#8217;odiato balzello va avanti da circa un decennio. Da Berlusconi a Letta passando per Monti, tutti parlano sempre di una sua riduzione. Nel suo<strong> Jobs Act<\/strong> il segretario del Pd, <strong>Matteo Renzi<\/strong>, propone un abbassamento dell&#8217;Irap e contemporaneamente un aumento del prelievo fiscale sulle rendite finanziarie.<\/p>\n<p><a href=\"https:\/\/blog.ilgiornale.it\/ferrara\/files\/2014\/02\/irap11.jpg\"><img loading=\"lazy\" class=\"alignleft size-medium wp-image-27\" src=\"https:\/\/blog.ilgiornale.it\/ferrara\/files\/2014\/02\/irap11-300x99.jpg\" alt=\"\" width=\"300\" height=\"99\" srcset=\"https:\/\/blog.ilgiornale.it\/ferrara\/files\/2014\/02\/irap11-300x99.jpg 300w, https:\/\/blog.ilgiornale.it\/ferrara\/files\/2014\/02\/irap11.jpg 665w\" sizes=\"(max-width: 300px) 100vw, 300px\" \/><\/a><\/p>\n<p>Ma \u00e8 cos\u00ec impopolare o impossibile proporne una totale <strong>abolizione<\/strong>?<\/p>\n<p>A quanto pare s\u00ec, perch\u00e9 gli esperti di economia spiegherebbero che \u00e8 un&#8217;imposta che ha sostituito sette tributi e ha razionalizzato il sistema fiscale e che bisognerebbe trovare coperture economiche alternative etc&#8230; L&#8217;inventore dell&#8217;Irap, Vincenzo Visco, ha spiegato pi\u00f9 volte le ragioni che hanno portato all&#8217;introduzione della tassa (se volete <a title=\"Visco spiega le ragioni dell'Irap\" href=\"http:\/\/archivio.lavoce.info\/articoli\/pagina1001349.html\" target=\"_blank\">potete leggerle qui<\/a>).\u00a0 Nell&#8217;ultima <a href=\"http:\/\/www.cgiamestre.com\/2014\/02\/tasse-lo-stato-ne-divora-il-77\/\" target=\"_blank\">rilevazione della Cgia di Mestre<\/a> \u00e8 emerso che l&#8217;Irap \u00e8 il balzello che garantisce alle Regioni il gettito pi\u00f9 importante: nel 2012 le imprese hanno versato oltre 33 miliardi di euro.<\/p>\n<p>Nonostante tutto ci\u00f2, \u00e8 difficile trovare un imprenditore che non chieda l&#8217;abolizione dell&#8217;<em><strong>Imposta Rapina<\/strong><\/em>. Perch\u00e9? Di seguito i principali motivi:<\/p>\n<ul>\n<li>L&#8217;impresa \u00e8 costretta a pagarla anche se registra una perdita.<\/li>\n<li>La tassa ha una base imponibile molto pi\u00f9 ampia dei profitti.<\/li>\n<li>Essendo regressiva, penalizza le imprese di minori dimensioni.<\/li>\n<li>L&#8217;Irap colpisce gli utili, il costo del personale, le retribuzioni degli amministratori, gli interessi passivi che non sono deducibili<\/li>\n<\/ul>\n<p>Insomma, c&#8217;\u00e8 da indignarsi o no?<\/p>\n","protected":false},"excerpt":{"rendered":"<p><p>\u201cSe ho dieci dipendenti e ne licenzio cinque, pagher\u00f2 la met\u00e0 dell&#8217;Irap rispetto a chi ha dieci dipendenti e non ne licenzia nessuno (ovviamente io faccio parte di questo secondo gruppo). Vi pare normale? Anzich\u00e9 aiutare le aziende che proteggono i posti di lavoro e che evitano di creare disoccupazione lo Stato che fa? Le tassa\u201d. Paolo Federici, imprenditore nel settore della logistica e dei trasporti, attivissimo col suo blog nell&#8217;esporre le grane che attanagliano le aziende, mi esterna cos\u00ec la sua indignazione. Ma non \u00e8 il solo. Perch\u00e9 se chiedi a un piccolo imprenditore cosa pensa dell&#8217;Irap, ti risponde [&hellip;]<\/p>\n&nbsp;&nbsp;<div class=\"readmore\"><a href=\"https:\/\/blog.ilgiornale.it\/ferrara\/2014\/02\/09\/renzi-ci-pensi-tu-allirap\/\">Continua a leggere...<\/a><\/div><\/p>","protected":false},"author":1030,"featured_media":0,"comment_status":"open","ping_status":"closed","sticky":false,"template":"","format":"standard","meta":[],"categories":[44955],"tags":[44962,44965,11709,27099,9550,5709,44963],"_links":{"self":[{"href":"https:\/\/blog.ilgiornale.it\/ferrara\/wp-json\/wp\/v2\/posts\/22"}],"collection":[{"href":"https:\/\/blog.ilgiornale.it\/ferrara\/wp-json\/wp\/v2\/posts"}],"about":[{"href":"https:\/\/blog.ilgiornale.it\/ferrara\/wp-json\/wp\/v2\/types\/post"}],"author":[{"embeddable":true,"href":"https:\/\/blog.ilgiornale.it\/ferrara\/wp-json\/wp\/v2\/users\/1030"}],"replies":[{"embeddable":true,"href":"https:\/\/blog.ilgiornale.it\/ferrara\/wp-json\/wp\/v2\/comments?post=22"}],"version-history":[{"count":9,"href":"https:\/\/blog.ilgiornale.it\/ferrara\/wp-json\/wp\/v2\/posts\/22\/revisions"}],"predecessor-version":[{"id":25,"href":"https:\/\/blog.ilgiornale.it\/ferrara\/wp-json\/wp\/v2\/posts\/22\/revisions\/25"}],"wp:attachment":[{"href":"https:\/\/blog.ilgiornale.it\/ferrara\/wp-json\/wp\/v2\/media?parent=22"}],"wp:term":[{"taxonomy":"category","embeddable":true,"href":"https:\/\/blog.ilgiornale.it\/ferrara\/wp-json\/wp\/v2\/categories?post=22"},{"taxonomy":"post_tag","embeddable":true,"href":"https:\/\/blog.ilgiornale.it\/ferrara\/wp-json\/wp\/v2\/tags?post=22"}],"curies":[{"name":"wp","href":"https:\/\/api.w.org\/{rel}","templated":true}]}}