{"id":233,"date":"2014-09-17T17:23:30","date_gmt":"2014-09-17T17:23:30","guid":{"rendered":"https:\/\/blog.ilgiornale.it\/ferrara\/?p=233"},"modified":"2014-09-17T17:50:58","modified_gmt":"2014-09-17T17:50:58","slug":"la-doppia-fiducia-di-renzi","status":"publish","type":"post","link":"https:\/\/blog.ilgiornale.it\/ferrara\/2014\/09\/17\/la-doppia-fiducia-di-renzi\/","title":{"rendered":"La &#8220;doppia&#8221; fiducia di Renzi"},"content":{"rendered":"<p>C&#8217;\u00e8 una <strong>fiducia<\/strong> che scende e una che sale. Entrambe riguardano <strong>Matteo Renzi<\/strong>, ma sono sostanzialmente differenti.<\/p>\n<p><a href=\"https:\/\/blog.ilgiornale.it\/ferrara\/files\/2014\/09\/renzi-11.jpg\"><img loading=\"lazy\" class=\"alignleft size-thumbnail wp-image-235\" src=\"https:\/\/blog.ilgiornale.it\/ferrara\/files\/2014\/09\/renzi-11-150x150.jpg\" alt=\"\" width=\"150\" height=\"150\" \/><\/a>La prima riguarda la fiducia che gli italiani ripongono nei confronti del governo. Ebbene, secondo l&#8217;ultimo<a href=\"https:\/\/www.ilgiornale.it\/news\/politica\/sondaggio-renzi-soffre-annuncite-1052519.html\" target=\"_blank\">sondaggio Ispo<\/a>, il 67% degli intervistati pensa che Matteo soffra di &#8220;annuncite&#8221; e che le sue <strong>riforme<\/strong> difficilmente vedranno la luce.<\/p>\n<p>La seconda invece riguarda pi\u00f9 la &#8220;questione&#8221; di fiducia, intesa come voto. Con quello di oggi del Senato sulla reiezione dell\u2019emendamento sulla responsabilit\u00e0 civile dei magistrati al ddl sulla legge europea, il governo Renzi ha incassato la <strong>ventiduesima fiducia<\/strong>.<\/p>\n<p>22 fiducie in sette mesi, dal 25 febbraio a oggi. Una media di tre fiducie al mese. Mica male.<\/p>\n<p>&nbsp;<\/p>\n<p><a href=\"https:\/\/blog.ilgiornale.it\/ferrara\/files\/2014\/09\/monti-17.jpg\"><img loading=\"lazy\" class=\"alignleft size-thumbnail wp-image-234\" src=\"https:\/\/blog.ilgiornale.it\/ferrara\/files\/2014\/09\/monti-17-150x150.jpg\" alt=\"\" width=\"150\" height=\"150\" \/><\/a>Se continua cos\u00ec, il presidente del Consiglio riuscir\u00e0 a battere l&#8217;esecutivo Monti. L&#8217;attuale senatore a vita riusc\u00ec infatti a ricorrere al voto di fiducia trenta volte in otto mesi, tanto da incassare una bacchettata al vetriolo da parte del prode <strong>Giorgio Napolitano<\/strong>.<\/p>\n<blockquote><p>&#8220;Si deve porre termine a un abnorme ricorso, in atto da non pochi anni, alla decretazione d&#8217;urgenza e a votazioni di fiducia su maxiemendamenti, garantendo ci\u00f2 con modifiche costituzionali e regolamentari, confronti lineari e tempi certi in Parlamento per l&#8217;approvazione di leggi di attuazione del programma di governo&#8221;, tuonava il presidente della Repubblica il 31 dicembre 2013.<\/p><\/blockquote>\n<p>Peccato per\u00f2 che il premier <strong>Monti<\/strong> continu\u00f2 sulla stessa strada arrivando a <strong>50 voti di fiducia<\/strong> in poco pi\u00f9 di un anno.<\/p>\n<p>Insomma, se Renzi dovesse continuare su questa linea, potrebbe riuscire a superare il record di Monti. Alla faccia del<strong> Parlamento<\/strong>, sempre pi\u00f9 spogliato delle sue prerogative e facolt\u00e0, sancite tra l&#8217;altro dall&#8217;articolo 70 della Costituzione: &#8220;La funzione legislativa \u00e8 esercitata collettivamente dalle due Camere\u201d.<\/p>\n<p>E alla faccia degli italiani che, \u00e8 bene ricordarlo, non hanno eletto n\u00e9 Monti n\u00e9 Renzi.<\/p>\n","protected":false},"excerpt":{"rendered":"<p><p>C&#8217;\u00e8 una fiducia che scende e una che sale. Entrambe riguardano Matteo Renzi, ma sono sostanzialmente differenti. La prima riguarda la fiducia che gli italiani ripongono nei confronti del governo. Ebbene, secondo l&#8217;ultimosondaggio Ispo, il 67% degli intervistati pensa che Matteo soffra di &#8220;annuncite&#8221; e che le sue riforme difficilmente vedranno la luce. La seconda invece riguarda pi\u00f9 la &#8220;questione&#8221; di fiducia, intesa come voto. Con quello di oggi del Senato sulla reiezione dell\u2019emendamento sulla responsabilit\u00e0 civile dei magistrati al ddl sulla legge europea, il governo Renzi ha incassato la ventiduesima fiducia. 22 fiducie in sette mesi, dal 25 febbraio [&hellip;]<\/p>\n&nbsp;&nbsp;<div class=\"readmore\"><a href=\"https:\/\/blog.ilgiornale.it\/ferrara\/2014\/09\/17\/la-doppia-fiducia-di-renzi\/\">Continua a leggere...<\/a><\/div><\/p>","protected":false},"author":1030,"featured_media":0,"comment_status":"open","ping_status":"closed","sticky":false,"template":"","format":"standard","meta":[],"categories":[247],"tags":[754,5753,820,5752,5709,3155,8181,51313],"_links":{"self":[{"href":"https:\/\/blog.ilgiornale.it\/ferrara\/wp-json\/wp\/v2\/posts\/233"}],"collection":[{"href":"https:\/\/blog.ilgiornale.it\/ferrara\/wp-json\/wp\/v2\/posts"}],"about":[{"href":"https:\/\/blog.ilgiornale.it\/ferrara\/wp-json\/wp\/v2\/types\/post"}],"author":[{"embeddable":true,"href":"https:\/\/blog.ilgiornale.it\/ferrara\/wp-json\/wp\/v2\/users\/1030"}],"replies":[{"embeddable":true,"href":"https:\/\/blog.ilgiornale.it\/ferrara\/wp-json\/wp\/v2\/comments?post=233"}],"version-history":[{"count":5,"href":"https:\/\/blog.ilgiornale.it\/ferrara\/wp-json\/wp\/v2\/posts\/233\/revisions"}],"predecessor-version":[{"id":240,"href":"https:\/\/blog.ilgiornale.it\/ferrara\/wp-json\/wp\/v2\/posts\/233\/revisions\/240"}],"wp:attachment":[{"href":"https:\/\/blog.ilgiornale.it\/ferrara\/wp-json\/wp\/v2\/media?parent=233"}],"wp:term":[{"taxonomy":"category","embeddable":true,"href":"https:\/\/blog.ilgiornale.it\/ferrara\/wp-json\/wp\/v2\/categories?post=233"},{"taxonomy":"post_tag","embeddable":true,"href":"https:\/\/blog.ilgiornale.it\/ferrara\/wp-json\/wp\/v2\/tags?post=233"}],"curies":[{"name":"wp","href":"https:\/\/api.w.org\/{rel}","templated":true}]}}