{"id":260,"date":"2014-10-02T14:05:19","date_gmt":"2014-10-02T14:05:19","guid":{"rendered":"https:\/\/blog.ilgiornale.it\/ferrara\/?p=260"},"modified":"2014-10-02T14:14:13","modified_gmt":"2014-10-02T14:14:13","slug":"f24-e-imu-neanche-gli-esperti-riescono-a-capirci-qualcosa","status":"publish","type":"post","link":"https:\/\/blog.ilgiornale.it\/ferrara\/2014\/10\/02\/f24-e-imu-neanche-gli-esperti-riescono-a-capirci-qualcosa\/","title":{"rendered":"F24 e Imu? Neanche gli esperti riescono a capirci qualcosa&#8230;"},"content":{"rendered":"<p>Ormai la realt\u00e0 \u00e8 stata capovolta da tempo.<\/p>\n<blockquote><p>&#8220;Ho avuto qualche complicazione con la compilazione online dell\u2019<strong>F24<\/strong>&#8220;.<\/p><\/blockquote>\n<p><a href=\"https:\/\/blog.ilgiornale.it\/ferrara\/files\/2014\/10\/cottarelli.jpg\"><img loading=\"lazy\" class=\"alignleft size-thumbnail wp-image-261\" src=\"https:\/\/blog.ilgiornale.it\/ferrara\/files\/2014\/10\/cottarelli-150x150.jpg\" alt=\"\" width=\"150\" height=\"150\" \/><\/a>A dirlo, candidamente, \u00e8 stato il commissario alla Spending review,<strong> Carlo Cottarelli<\/strong>, sottolineando inoltre che &#8220;la digitalizzazione di per s\u00e9 non vuol dire semplificazione. Non \u00e8 che un modulo difficile da compilare diventa pi\u00f9 semplice solo perch\u00e9 \u00e8 online&#8221;.<\/p>\n<p>Insomma, ormai siamo arrivati al punto che financo i vertici dello Stato, chiamati a rendere pi\u00f9 semplice l&#8217;apparato, a chiarire e a razionalizzare, hanno difficolt\u00e0 a pagare le tasse e non riescono a districarsi nel ginepraio del <strong>fisco<\/strong>.<\/p>\n<p>Qualche tempo fa ci fu un altro outing, questa volta del neodirettore dell&#8217;Agenzia delle Entrate<strong>, Rossella Orlandi<\/strong>:<\/p>\n<blockquote><p>&#8220;Io, che sono una esperta di fisco, ho perso un pomeriggio per capire cosa dovevo fare per pagare l&#8217;<strong>Imu<\/strong>&#8220;.<\/p><\/blockquote>\n<p>Se il capo del <strong>Fisco<\/strong> ammette che lo stesso Fisco non \u00e8 chiaro e di facile interpretazione, figuriamoci i poveri e tartassati contribuenti. E se il commissario alla Spending Review, uomo di sicuro avvezzo a dati e numeri e molto pi\u00f9 esperto dei normali cittadini, ammette che la compilazione on line dell&#8217;F24 \u00e8 complicata, io mi chiedo per i contribuenti &#8220;normali&#8221; cosa sar\u00e0. Un inferno, immagino.<\/p>\n","protected":false},"excerpt":{"rendered":"<p><p>Ormai la realt\u00e0 \u00e8 stata capovolta da tempo. &#8220;Ho avuto qualche complicazione con la compilazione online dell\u2019F24&#8220;. A dirlo, candidamente, \u00e8 stato il commissario alla Spending review, Carlo Cottarelli, sottolineando inoltre che &#8220;la digitalizzazione di per s\u00e9 non vuol dire semplificazione. Non \u00e8 che un modulo difficile da compilare diventa pi\u00f9 semplice solo perch\u00e9 \u00e8 online&#8221;. Insomma, ormai siamo arrivati al punto che financo i vertici dello Stato, chiamati a rendere pi\u00f9 semplice l&#8217;apparato, a chiarire e a razionalizzare, hanno difficolt\u00e0 a pagare le tasse e non riescono a districarsi nel ginepraio del fisco. Qualche tempo fa ci fu un [&hellip;]<\/p>\n&nbsp;&nbsp;<div class=\"readmore\"><a href=\"https:\/\/blog.ilgiornale.it\/ferrara\/2014\/10\/02\/f24-e-imu-neanche-gli-esperti-riescono-a-capirci-qualcosa\/\">Continua a leggere...<\/a><\/div><\/p>","protected":false},"author":1030,"featured_media":0,"comment_status":"open","ping_status":"closed","sticky":false,"template":"","format":"standard","meta":[],"categories":[44955],"tags":[29266,52792,58119,11709,9194,50136,102],"_links":{"self":[{"href":"https:\/\/blog.ilgiornale.it\/ferrara\/wp-json\/wp\/v2\/posts\/260"}],"collection":[{"href":"https:\/\/blog.ilgiornale.it\/ferrara\/wp-json\/wp\/v2\/posts"}],"about":[{"href":"https:\/\/blog.ilgiornale.it\/ferrara\/wp-json\/wp\/v2\/types\/post"}],"author":[{"embeddable":true,"href":"https:\/\/blog.ilgiornale.it\/ferrara\/wp-json\/wp\/v2\/users\/1030"}],"replies":[{"embeddable":true,"href":"https:\/\/blog.ilgiornale.it\/ferrara\/wp-json\/wp\/v2\/comments?post=260"}],"version-history":[{"count":4,"href":"https:\/\/blog.ilgiornale.it\/ferrara\/wp-json\/wp\/v2\/posts\/260\/revisions"}],"predecessor-version":[{"id":265,"href":"https:\/\/blog.ilgiornale.it\/ferrara\/wp-json\/wp\/v2\/posts\/260\/revisions\/265"}],"wp:attachment":[{"href":"https:\/\/blog.ilgiornale.it\/ferrara\/wp-json\/wp\/v2\/media?parent=260"}],"wp:term":[{"taxonomy":"category","embeddable":true,"href":"https:\/\/blog.ilgiornale.it\/ferrara\/wp-json\/wp\/v2\/categories?post=260"},{"taxonomy":"post_tag","embeddable":true,"href":"https:\/\/blog.ilgiornale.it\/ferrara\/wp-json\/wp\/v2\/tags?post=260"}],"curies":[{"name":"wp","href":"https:\/\/api.w.org\/{rel}","templated":true}]}}