{"id":266,"date":"2014-10-06T11:39:15","date_gmt":"2014-10-06T11:39:15","guid":{"rendered":"https:\/\/blog.ilgiornale.it\/ferrara\/?p=266"},"modified":"2014-10-06T13:36:47","modified_gmt":"2014-10-06T13:36:47","slug":"interrogazioni-parlamentari-da-cabaret","status":"publish","type":"post","link":"https:\/\/blog.ilgiornale.it\/ferrara\/2014\/10\/06\/interrogazioni-parlamentari-da-cabaret\/","title":{"rendered":"Interrogazioni parlamentari da cabaret"},"content":{"rendered":"<p>Scusate se mi permetto, ma visto che ormai ne abbiamo viste di tutti i colori, mi arrogo il diritto di presentare anche io un&#8217;interrogazione. La presento al Parlamento: vorrei che mi si spiegasse il senso delle <strong>interrogazioni parlamentari<\/strong>. Avete capito bene. Perch\u00e9, a parte il desiderio inconscio di mostrare all&#8217;Aula le proprie capacit\u00e0 cabarettistiche, in alcuni casi io non ne trovo altri di sensi.<\/p>\n<p><a href=\"https:\/\/blog.ilgiornale.it\/ferrara\/files\/2014\/10\/rocchi.jpg\"><img loading=\"lazy\" class=\"alignleft size-thumbnail wp-image-267\" src=\"https:\/\/blog.ilgiornale.it\/ferrara\/files\/2014\/10\/rocchi-150x150.jpg\" alt=\"\" width=\"150\" height=\"150\" \/><\/a>L&#8217;ultimo esempio \u00e8 rappresentato dalla partita <strong>Juventus-Roma<\/strong> e dall&#8217;arbitraggio di Rocchi. Una questione di cotanta importanza da finire dritta dritta\u00a0 a Montecitorio.<\/p>\n<blockquote><p>&#8220;Presenter\u00f2 un\u2019 interrogazione parlamentare al ministro dell\u2019Economia ed un esposto alla Consob&#8221;, ha annunciato il deputato Pd Marco Miccoli, ricordando che &#8220;Roma e Juventus sono societ\u00e0 quotate in borsa, e quindi gli incredibili errori arbitrali (oltre a falsare il campionato e minare la credibilit\u00e0 del Paese) incidono anche sugli andamenti della quotazioni borsistiche. Per questo, con i miei atti parlamentari ispettivi, sollecito il ministro Padoan e la Consob a chiarire se ci possono essere stati atti che ledono le normative vigenti, svantaggiando e penalizzando gli incolpevoli azionisti&#8221;.<\/p><\/blockquote>\n<p>Roba che neanche il peggiore degli ultras riuscirebbe a contemplare.<\/p>\n<p>Ma fosse l&#8217;unico caso, uno potrebbe pure soprassedere. Invece, la cronaca \u00e8 piena di assurde interrogazioni. Qualche esempio? Natri Gaetano, deputato di Fratelli d&#8217;Italia, nel marzo scorso ne ha presentato una al ministero della Difesa sugli <strong>extraterresti<\/strong>, pi\u00f9 precisamente per sapere &#8220;se intenda confermare l&#8217;attenzione da parte del governo sul fenomeno degli oggetti volanti non identificati e in caso affermativo quale sia il sistema organizzativo operante in Italia&#8221;.<\/p>\n<p>C&#8217;\u00e8 poi il capitolo delle <strong>scie chimiche<\/strong> sul quale si \u00e8 esibita una vera e propria &#8220;scia&#8221; di parlamentari. Fa Italo Sandi, deputato dei Ds nel 2003, ad Amedeo Ciccanti dell&#8217;Udc fino ad arrivare a Marco Zullo del M5S che port\u00f2 il problema financo in Parlamento Europeo.<br \/>\nC&#8217;\u00e8 chi poi si \u00e8 occupato della presunta<strong> scomparsa dell&#8217;auto ad aria compressa<\/strong>. Il senatore leghista Piergiorgio Stiffoni era davvero preoccupato: &#8220;Eolo, l&#8217;automobile che funzionava ad aria compressa, che fine ha fatto?&#8221;. Pare la stia ancora cercando.<\/p>\n<p><a href=\"https:\/\/blog.ilgiornale.it\/ferrara\/files\/2014\/10\/camera_deputati3.jpg\"><img loading=\"lazy\" class=\"alignleft size-thumbnail wp-image-269\" src=\"https:\/\/blog.ilgiornale.it\/ferrara\/files\/2014\/10\/camera_deputati3-150x150.jpg\" alt=\"\" width=\"150\" height=\"150\" \/><\/a>Scilipoti, Barbato e alcuni democratici poi si focalizzarono sulla <strong>fusione fredda<\/strong>, Buontempo (An) e Di Pietro puntarono il dito sul <strong>signoraggio<\/strong>, Elio Lannutti, senatore Idv, present\u00f2 una intertogazione scritta in Parlamento sul gruppo <strong>Bielderberg<\/strong>. E ancora: Realacci ha interrogato Alfano affinch\u00e9 impedisca furti nelle stazioni dove i ladri &#8220;afferrano in maniera decisa i bagagli a turisti stranieri o a persone anziane mentre sono in procinto di salire in treno o pretendono una sorta di mancia che varia per lo pi\u00f9 dai cinque ai venti euro&#8221;. Loredana De Petris (Sel) ha chiesto al governo cosa sappia della &#8220;carreggiata a due corsie sulla strada provinciale che collega Pizzolungo con San Vito Lo Capo&#8221;.<\/p>\n<p>E gli esempi potrebbero continuare. Ma a rendere ancora pi\u00f9 parossistica la situazione, ci si mette il fatto che il governo poi non risponde nemmeno a queste interrogazioni. Lo ha ammesso candidamente tempo fa l&#8217;ex ministro per i rapporti con il Parlamento, Dario Franceschini, pubblicando persino una tabellina dimostrativa.<\/p>\n<p>Ecco perch\u00e9 prende pi\u00f9 campo l&#8217;idea che alcuni parlamentari utilizzino le interrogazioni per fare cabaret.<\/p>\n","protected":false},"excerpt":{"rendered":"<p><p>Scusate se mi permetto, ma visto che ormai ne abbiamo viste di tutti i colori, mi arrogo il diritto di presentare anche io un&#8217;interrogazione. La presento al Parlamento: vorrei che mi si spiegasse il senso delle interrogazioni parlamentari. Avete capito bene. Perch\u00e9, a parte il desiderio inconscio di mostrare all&#8217;Aula le proprie capacit\u00e0 cabarettistiche, in alcuni casi io non ne trovo altri di sensi. L&#8217;ultimo esempio \u00e8 rappresentato dalla partita Juventus-Roma e dall&#8217;arbitraggio di Rocchi. Una questione di cotanta importanza da finire dritta dritta\u00a0 a Montecitorio. &#8220;Presenter\u00f2 un\u2019 interrogazione parlamentare al ministro dell\u2019Economia ed un esposto alla Consob&#8221;, ha annunciato [&hellip;]<\/p>\n&nbsp;&nbsp;<div class=\"readmore\"><a href=\"https:\/\/blog.ilgiornale.it\/ferrara\/2014\/10\/06\/interrogazioni-parlamentari-da-cabaret\/\">Continua a leggere...<\/a><\/div><\/p>","protected":false},"author":1030,"featured_media":0,"comment_status":"open","ping_status":"closed","sticky":false,"template":"","format":"standard","meta":[],"categories":[247],"tags":[52614,97,58126,58123,3155,58129,58125,58127,40879],"_links":{"self":[{"href":"https:\/\/blog.ilgiornale.it\/ferrara\/wp-json\/wp\/v2\/posts\/266"}],"collection":[{"href":"https:\/\/blog.ilgiornale.it\/ferrara\/wp-json\/wp\/v2\/posts"}],"about":[{"href":"https:\/\/blog.ilgiornale.it\/ferrara\/wp-json\/wp\/v2\/types\/post"}],"author":[{"embeddable":true,"href":"https:\/\/blog.ilgiornale.it\/ferrara\/wp-json\/wp\/v2\/users\/1030"}],"replies":[{"embeddable":true,"href":"https:\/\/blog.ilgiornale.it\/ferrara\/wp-json\/wp\/v2\/comments?post=266"}],"version-history":[{"count":4,"href":"https:\/\/blog.ilgiornale.it\/ferrara\/wp-json\/wp\/v2\/posts\/266\/revisions"}],"predecessor-version":[{"id":273,"href":"https:\/\/blog.ilgiornale.it\/ferrara\/wp-json\/wp\/v2\/posts\/266\/revisions\/273"}],"wp:attachment":[{"href":"https:\/\/blog.ilgiornale.it\/ferrara\/wp-json\/wp\/v2\/media?parent=266"}],"wp:term":[{"taxonomy":"category","embeddable":true,"href":"https:\/\/blog.ilgiornale.it\/ferrara\/wp-json\/wp\/v2\/categories?post=266"},{"taxonomy":"post_tag","embeddable":true,"href":"https:\/\/blog.ilgiornale.it\/ferrara\/wp-json\/wp\/v2\/tags?post=266"}],"curies":[{"name":"wp","href":"https:\/\/api.w.org\/{rel}","templated":true}]}}