{"id":312,"date":"2015-02-14T18:58:10","date_gmt":"2015-02-14T18:58:10","guid":{"rendered":"https:\/\/blog.ilgiornale.it\/ferrara\/?p=312"},"modified":"2015-02-14T18:58:10","modified_gmt":"2015-02-14T18:58:10","slug":"courmayeur-e-piu-pericolosa-di-palermo","status":"publish","type":"post","link":"https:\/\/blog.ilgiornale.it\/ferrara\/2015\/02\/14\/courmayeur-e-piu-pericolosa-di-palermo\/","title":{"rendered":"Courmayeur \u00e8 pi\u00f9 pericolosa di Palermo?"},"content":{"rendered":"<p>Il presidente della Repubblica, <strong>Sergio Mattarella<\/strong>, prende un <strong>volo di linea<\/strong> Alitalia per recarsi a<strong> Palermo<\/strong>. Stupore ed elogi da parte del mondo politico. Tutti a decantare la sobriet\u00e0 dell&#8217;inquilino del Colle. Nulla da dire.<\/p>\n<p><a href=\"https:\/\/blog.ilgiornale.it\/ferrara\/files\/2015\/02\/matta.jpg\"><img loading=\"lazy\" class=\"alignleft size-medium wp-image-315\" src=\"https:\/\/blog.ilgiornale.it\/ferrara\/files\/2015\/02\/matta-300x189.jpg\" alt=\"\" width=\"300\" height=\"189\" srcset=\"https:\/\/blog.ilgiornale.it\/ferrara\/files\/2015\/02\/matta-300x189.jpg 300w, https:\/\/blog.ilgiornale.it\/ferrara\/files\/2015\/02\/matta-1024x645.jpg 1024w, https:\/\/blog.ilgiornale.it\/ferrara\/files\/2015\/02\/matta.jpg 1123w\" sizes=\"(max-width: 300px) 100vw, 300px\" \/><\/a><\/p>\n<p>A dicembre dello scorso anno, <strong>Matteo Renzi<\/strong> prende un Falcon 900 per recarsi a <strong>Courmayeur<\/strong>. Il Movimento 5 Stelle affila le lame e il premier risponde cos\u00ec: &#8220;Finch\u00e9 faccio il presidente del Consiglio seguo le regole di questo Paese. Quando smetter\u00f2 di fare il presidente del Consiglio torner\u00f2 beato e sorridente alla mia bicicletta. Nel frattempo, rispettando le regole, parliamo di cose serie. Gli spostamenti aerei, dormire in caserma, avere la scorta, abitare a Chigi non sono scelte ma frutto di protocolli di sicurezza. Regole&#8221;.<\/p>\n<p>Ora, delle due l&#8217;una. O Renzi ha semplicemente detto una falsit\u00e0 oppure Mattarella non segue le regole. Oppure Courmayeur \u00e8 considerato decisamente un posto pi\u00f9 pericoloso di <strong>Palermo<\/strong>. Il che sarebbe una notizia.<\/p>\n","protected":false},"excerpt":{"rendered":"<p><p>Il presidente della Repubblica, Sergio Mattarella, prende un volo di linea Alitalia per recarsi a Palermo. Stupore ed elogi da parte del mondo politico. Tutti a decantare la sobriet\u00e0 dell&#8217;inquilino del Colle. Nulla da dire. A dicembre dello scorso anno, Matteo Renzi prende un Falcon 900 per recarsi a Courmayeur. Il Movimento 5 Stelle affila le lame e il premier risponde cos\u00ec: &#8220;Finch\u00e9 faccio il presidente del Consiglio seguo le regole di questo Paese. Quando smetter\u00f2 di fare il presidente del Consiglio torner\u00f2 beato e sorridente alla mia bicicletta. Nel frattempo, rispettando le regole, parliamo di cose serie. Gli spostamenti [&hellip;]<\/p>\n&nbsp;&nbsp;<div class=\"readmore\"><a href=\"https:\/\/blog.ilgiornale.it\/ferrara\/2015\/02\/14\/courmayeur-e-piu-pericolosa-di-palermo\/\">Continua a leggere...<\/a><\/div><\/p>","protected":false},"author":1030,"featured_media":0,"comment_status":"open","ping_status":"closed","sticky":false,"template":"","format":"standard","meta":[],"categories":[247],"tags":[14214,5709,8192,55793,58156,58158],"_links":{"self":[{"href":"https:\/\/blog.ilgiornale.it\/ferrara\/wp-json\/wp\/v2\/posts\/312"}],"collection":[{"href":"https:\/\/blog.ilgiornale.it\/ferrara\/wp-json\/wp\/v2\/posts"}],"about":[{"href":"https:\/\/blog.ilgiornale.it\/ferrara\/wp-json\/wp\/v2\/types\/post"}],"author":[{"embeddable":true,"href":"https:\/\/blog.ilgiornale.it\/ferrara\/wp-json\/wp\/v2\/users\/1030"}],"replies":[{"embeddable":true,"href":"https:\/\/blog.ilgiornale.it\/ferrara\/wp-json\/wp\/v2\/comments?post=312"}],"version-history":[{"count":4,"href":"https:\/\/blog.ilgiornale.it\/ferrara\/wp-json\/wp\/v2\/posts\/312\/revisions"}],"predecessor-version":[{"id":318,"href":"https:\/\/blog.ilgiornale.it\/ferrara\/wp-json\/wp\/v2\/posts\/312\/revisions\/318"}],"wp:attachment":[{"href":"https:\/\/blog.ilgiornale.it\/ferrara\/wp-json\/wp\/v2\/media?parent=312"}],"wp:term":[{"taxonomy":"category","embeddable":true,"href":"https:\/\/blog.ilgiornale.it\/ferrara\/wp-json\/wp\/v2\/categories?post=312"},{"taxonomy":"post_tag","embeddable":true,"href":"https:\/\/blog.ilgiornale.it\/ferrara\/wp-json\/wp\/v2\/tags?post=312"}],"curies":[{"name":"wp","href":"https:\/\/api.w.org\/{rel}","templated":true}]}}