{"id":340,"date":"2015-10-29T19:32:32","date_gmt":"2015-10-29T19:32:32","guid":{"rendered":"https:\/\/blog.ilgiornale.it\/ferrara\/?p=340"},"modified":"2015-10-29T19:36:29","modified_gmt":"2015-10-29T19:36:29","slug":"renzi-un-gratta-e-perdi-per-litalia","status":"publish","type":"post","link":"https:\/\/blog.ilgiornale.it\/ferrara\/2015\/10\/29\/renzi-un-gratta-e-perdi-per-litalia\/","title":{"rendered":"Renzi, un gratta e perdi per l&#8217;Italia"},"content":{"rendered":"<p><span style=\"font-family: Times New Roman,serif\"><span style=\"font-size: large\">A <strong>Renzi<\/strong> piace solo la bella stagione. Potrebbe fare il testimonial dei gratta e vinci. Perch\u00e9 a lui piace vincere facile. <span style=\"color: #333333\"> Ponzi-ponzi-po-po-po<\/span>. Non parliamo soltanto della miriade di tweet dal tono rigorosamente positivo, ch\u00e9 se uno seguisse soltanto questi, penserebbe quasi di stare nel paese del Bengodi. Parliamo anche, e soprattutto, di presenza fisica. <\/span><\/span><\/p>\n<p><span style=\"font-family: Times New Roman,serif\"><span style=\"font-size: large\">Quella che manca quando c&#8217;\u00e8 da incassare una critica, da affrontare un problema, da rispondere a un appello disperato. Ormai \u00e8 una scena che si ripete. L&#8217;ultimo caso \u00e8 quello di <strong>Marino<\/strong>. A <strong>Roma<\/strong> impera il caos, il Pd \u00e8 in tilt, i romani non sanno a quale sindaco fare affidamento e Renzi latita. Si palesa solo con un tweet, guarda caso, in cui delega tutte le spinose mansioni al commissario Orfini esprimendogli una fiducia che manco a sua madre. Il segretario del Pd si nega. Rifiuta ogni tipo di apparizione capitolina, oltre al faccia a faccia richiesto pi\u00f9 volte da Marino. <a href=\"https:\/\/blog.ilgiornale.it\/ferrara\/files\/2014\/09\/renzi-11.jpg\"><img loading=\"lazy\" class=\"alignleft size-thumbnail wp-image-235\" src=\"https:\/\/blog.ilgiornale.it\/ferrara\/files\/2014\/09\/renzi-11-150x150.jpg\" alt=\"Matteo Renzi closing campaigning European elections\" width=\"150\" height=\"150\" \/><\/a> Roma caput mundi, solo quando c&#8217;\u00e8 da tagliare nastri. Basta fare poi qualche passo indietro che affiorano alla memoria recente altri casi da desaparecido. Nell&#8217;ottobre 2014, nella tragica <strong>alluvione di Genova<\/strong>, il premier prefer\u00ec non bagnarsi i piedi. \u201cCi andr\u00f2 quando i problemi saranno risolti\u201d, disse a Matrix un mese dopo motivando l&#8217;assenza col fatto che un premier deve risolvere i problemi e non fare passerelle. Infatti, qualche tempo dopo si rec\u00f2 a Genova. Ma per inaugurare un cantiere in compagnia della vincitrice delle primarie liguri, Raffaella Paita, e per dare il via alla campagna elettorale in vista delle regionali. <\/span><\/span><\/p>\n<p><span style=\"font-family: Times New Roman,serif\"><span style=\"font-size: large\">Rimanendo in tema di alluvioni, non si rec\u00f2 nemmeno in Calabria ad agosto e nel Beneventano qualche settimana fa. Renzi svicola da ogni catastrofe. Non \u00e8 mai andato nelle periferie romane, infuocate dalle proteste dei cittadini e dalla piaga dei profughi, non \u00e8 andato mai al Cara di Mineo, simbolo del business dell&#8217;accoglienza. E non ha mai risposto nemmeno agli appelli, come quello della figlia dei con<span style=\"color: #333333\">iugi Solano, vittime a Palagonia di un brutale omicidio per il quale \u00e8 stato arrestato un ivoriano ospite proprio del Cara di Mineo. Meglio la passarelle dell&#8217;Expo o gli Us Open, non c&#8217;\u00e8 dubbio. Affrontare le problematiche del paese \u00e8 troppo impopolare. E non \u00e8 roba da premier. Ponzi-ponzi-po-po-po.<\/span><\/span><\/span><\/p>\n","protected":false},"excerpt":{"rendered":"<p><p>A Renzi piace solo la bella stagione. Potrebbe fare il testimonial dei gratta e vinci. Perch\u00e9 a lui piace vincere facile. Ponzi-ponzi-po-po-po. Non parliamo soltanto della miriade di tweet dal tono rigorosamente positivo, ch\u00e9 se uno seguisse soltanto questi, penserebbe quasi di stare nel paese del Bengodi. Parliamo anche, e soprattutto, di presenza fisica. Quella che manca quando c&#8217;\u00e8 da incassare una critica, da affrontare un problema, da rispondere a un appello disperato. Ormai \u00e8 una scena che si ripete. L&#8217;ultimo caso \u00e8 quello di Marino. A Roma impera il caos, il Pd \u00e8 in tilt, i romani non sanno [&hellip;]<\/p>\n&nbsp;&nbsp;<div class=\"readmore\"><a href=\"https:\/\/blog.ilgiornale.it\/ferrara\/2015\/10\/29\/renzi-un-gratta-e-perdi-per-litalia\/\">Continua a leggere...<\/a><\/div><\/p>","protected":false},"author":1030,"featured_media":0,"comment_status":"open","ping_status":"closed","sticky":false,"template":"","format":"standard","meta":[],"categories":[247],"tags":[30068,26,5709,74033,110,2669],"_links":{"self":[{"href":"https:\/\/blog.ilgiornale.it\/ferrara\/wp-json\/wp\/v2\/posts\/340"}],"collection":[{"href":"https:\/\/blog.ilgiornale.it\/ferrara\/wp-json\/wp\/v2\/posts"}],"about":[{"href":"https:\/\/blog.ilgiornale.it\/ferrara\/wp-json\/wp\/v2\/types\/post"}],"author":[{"embeddable":true,"href":"https:\/\/blog.ilgiornale.it\/ferrara\/wp-json\/wp\/v2\/users\/1030"}],"replies":[{"embeddable":true,"href":"https:\/\/blog.ilgiornale.it\/ferrara\/wp-json\/wp\/v2\/comments?post=340"}],"version-history":[{"count":2,"href":"https:\/\/blog.ilgiornale.it\/ferrara\/wp-json\/wp\/v2\/posts\/340\/revisions"}],"predecessor-version":[{"id":342,"href":"https:\/\/blog.ilgiornale.it\/ferrara\/wp-json\/wp\/v2\/posts\/340\/revisions\/342"}],"wp:attachment":[{"href":"https:\/\/blog.ilgiornale.it\/ferrara\/wp-json\/wp\/v2\/media?parent=340"}],"wp:term":[{"taxonomy":"category","embeddable":true,"href":"https:\/\/blog.ilgiornale.it\/ferrara\/wp-json\/wp\/v2\/categories?post=340"},{"taxonomy":"post_tag","embeddable":true,"href":"https:\/\/blog.ilgiornale.it\/ferrara\/wp-json\/wp\/v2\/tags?post=340"}],"curies":[{"name":"wp","href":"https:\/\/api.w.org\/{rel}","templated":true}]}}