{"id":344,"date":"2015-12-04T14:10:01","date_gmt":"2015-12-04T14:10:01","guid":{"rendered":"https:\/\/blog.ilgiornale.it\/ferrara\/?p=344"},"modified":"2015-12-04T14:10:01","modified_gmt":"2015-12-04T14:10:01","slug":"io-siciliano-sto-con-vecchioni","status":"publish","type":"post","link":"https:\/\/blog.ilgiornale.it\/ferrara\/2015\/12\/04\/io-siciliano-sto-con-vecchioni\/","title":{"rendered":"Io siciliano sto con Vecchioni"},"content":{"rendered":"<p>\u201c<span style=\"font-family: Times New Roman,serif\"><span style=\"font-size: medium\">La <strong>Sicilia<\/strong> \u00e8 un&#8217;<strong>isola di merda<\/strong>\u201d. <\/span><\/span><\/p>\n<p><span style=\"font-family: Times New Roman,serif\"><span style=\"font-size: medium\">Ma come si permette? Chi \u00e8 stato a dire una castroneria del genere? <\/span><\/span><\/p>\n<p><span style=\"font-family: Times New Roman,serif\"><span style=\"font-size: medium\">La mia prima reazione \u00e8 stata questa. Poi, mi sono fermato un attimo a riflettere e mi sono chiesto: \u201cMa se questa frase l&#8217;avesse detta un palermitano, avrebbe destato lo stesso scalpore?\u201d. E ancora: \u201cE se invece di un cantautore brianzolo l&#8217;avesse pronunciata \u2013 che ne so \u2013 uno Sperandeo di turno?\u201d.<\/span><\/span><\/p>\n<p><span style=\"font-family: Times New Roman,serif\"><span style=\"font-size: medium\">Difficile immaginarlo. Perch\u00e9 l&#8217;orgoglio siculo \u00e8 preponderante, sovrasta ogni cosa come Monte Pellegrino. Ma la verit\u00e0 \u00e8 che <strong>Vecchioni<\/strong> ha ragione. Punto. <\/span><\/span><\/p>\n<p><a href=\"https:\/\/blog.ilgiornale.it\/ferrara\/files\/2015\/12\/veccuoni.jpg\"><img loading=\"lazy\" class=\"alignleft size-medium wp-image-345\" src=\"https:\/\/blog.ilgiornale.it\/ferrara\/files\/2015\/12\/veccuoni-300x198.jpg\" alt=\"CINEMA: ITALY TAORMINA FILM FESTIVAL\" width=\"300\" height=\"198\" srcset=\"https:\/\/blog.ilgiornale.it\/ferrara\/files\/2015\/12\/veccuoni-300x198.jpg 300w, https:\/\/blog.ilgiornale.it\/ferrara\/files\/2015\/12\/veccuoni.jpg 700w\" sizes=\"(max-width: 300px) 100vw, 300px\" \/><\/a><span style=\"font-family: Times New Roman,serif\"><span style=\"font-size: medium\">Ci rode il culo soltanto perch\u00e9 l&#8217;ha detto uno del <strong>Nord<\/strong>, uno di quelli che viene in Sicilia solo per farsi le vacanze estive, godere delle nostre spiagge, degustare le nostre prelibatezze culinarie e osannare il nostro senso di ospitalit\u00e0, salvo poi una volta rientrato al Settentrione criticare l&#8217;immondizia disseminata lungo le strade, il cemento selvaggio, il traffico disordinato, la mancanza di civilt\u00e0 e via dicendo. <\/span><\/span><\/p>\n<p><span style=\"font-family: Times New Roman,serif\"><span style=\"font-size: medium\">Ma non \u00e8 forse tutto vero? L&#8217;unica differenza \u00e8 che Vecchioni ha avuto l&#8217;ardire di spiattellare in faccia la realt\u00e0 mentre si trovava in Sicilia davanti a una platea che invece di interrogarsi ha preferito puntare il dito contro l&#8217;invasore e alzarsi e andar via dall&#8217;aula <span style=\"color: #000000\">magna della facolt\u00e0 di Ingegneria di Palermo.<\/span><\/span><\/span><\/p>\n<p><span style=\"font-family: Times New Roman,serif\"><span style=\"font-size: medium\"><span style=\"color: #000000\">Ma cosa ha detto il cantautore di Carate Brianza? <\/span><\/span><\/span><\/p>\n<p><span style=\"color: #000000\">\u201c<\/span><span style=\"font-family: Times New Roman,serif\"><span style=\"font-size: medium\"><span style=\"color: #333333\">I siciliani sono la razza pi\u00f9 intelligente che esiste al mondo, perch\u00e9 si buttano via cos\u00ec, mi d\u00e0 un fastidio immenso che l&#8217;isola non sia all&#8217;altezza di se stessa. Credete che sia qua soltanto per sviolinare? No, assolutamente. Arrivo dall&#8217;aeroporto, entro in citt\u00e0 e praticamente ci sono 400 persone su 200 senza casco e in tutti i posti ci sono tre file di macchine in mezzo alla strada e si passa con fatica. Questo significa che tu non hai capito cos&#8217;\u00e8 il senso dell&#8217;esistenza con gli altri. Non lo sai, non lo conosci. \u00c8 inutile che ti mascheri dietro al fatto che hai il mare pi\u00f9 bello del mondo. Non basta, sei un&#8217;isola di merda. La mia \u00e8 una provocazione d&#8217;amore. La filosofia e la poesia antiche hanno insegnato cos&#8217;\u00e8 la bellezza e la verit\u00e0, la non paura degli altri, in Sicilia questo non c&#8217;\u00e8, c&#8217;\u00e8 tutto il contrario. E mi sono chiesto, prima di arrivare qui, se dovevo dirle queste cose a voi ragazzi. Non amo la Sicilia che rovina la sua intelligenza e la sua cultura, le sue coste, quando vado a vedere Selinunte, Segesta e altri posti di questo tipo non c&#8217;\u00e8 nessuno. Non amo questa Sicilia che si butta via, che non si difende&#8221;. <\/span><\/span><\/span><\/p>\n<p><span style=\"font-family: Times New Roman,serif\"><span style=\"font-size: medium\"><span style=\"color: #333333\">Parliamoci chiaro, se non avesse usato la parola \u201cmerda\u201d, non staremmo manco a parlare di Vecchioni. E della Sicilia. Anzi forse avremmo davvero apprezzato il suo atto d&#8217;amore. Invece \u00e8 proprio grazie alla parola \u201cmerda\u201d (ricordate la montagna di merda di cui parlava Peppino Impastato?) che si dovrebbe partire. <\/span><\/span><\/span><\/p>\n<p><span style=\"font-family: Times New Roman,serif\"><span style=\"font-size: medium\"><span style=\"color: #333333\">E non si parla solo di mafia, ma di piccoli dettagli che costruiscono la famigerata montagna. Il casco non si usa (non lo usavo nemmeno io) perch\u00e9 ti distingue dalla massa, perch\u00e9 ti fa sentire \u201cpotente\u201d in una terra avara di legalit\u00e0. E se ti ferma la polizia, lo stronzo \u00e8 l&#8217;agente di turno che vuol comminarti la multa. La macchina si mette in doppia, tripla fila, perch\u00e9 il parcheggio non si trova e perch\u00e9 tanto chi se ne fotte se blocchi una strada e se lo sfortunato di turno deve suonare il clacson dieci volte prima di vederti uscire dal bar dove stai prendendo serenamente il caff\u00e8. A volte finisce pure in rissa perch\u00e9 lo sfortunato si \u00e8 permesso di turbarla, questa serenit\u00e0.<\/span><\/span><\/span><\/p>\n<p><span style=\"font-family: Times New Roman,serif\"><span style=\"font-size: medium\"><span style=\"color: #333333\">L&#8217;euro al posteggiatore abusivo lo si d\u00e0. Per paura che ti graffi l&#8217;automobile o semplicemente perch\u00e9 \u201cpuru iddu ava a campari\u201d (pure lui deve mangiare). \u00c8 una sorta di pizzo anche questo. Cos\u00ec come \u00e8 altrettanto vero che le forze dell&#8217;ordine poco fanno per arginare questo fenomeno. La tolleranza, ecco. C&#8217;\u00e8 un velo di laissez-faire, del lasciare le cose come stanno perch\u00e9 sono cos\u00ec da decenni. O peggio ancora di non fare nulla quando le strade crollano o quando l&#8217;acqua non arriva da mesi.<\/span><\/span><\/span><\/p>\n<p><span style=\"font-family: Times New Roman,serif\"><span style=\"font-size: medium\"><span style=\"color: #333333\">Senso dell&#8217;esistenza, dice Vecchioni. Come dargli torto quando non c&#8217;\u00e8 una fila che sia una che venga composta ordinatamente in un luogo pubblico o che venga rispettata. O quando si entra in un ufficio comunale e ci si scontra con l&#8217;ignavia, il menefreghismo e la maleducazione dei dipendenti. O quando ti rubano il motorino e ti rivolgi all&#8217;amico dell&#8217;amico che conosce il capo del quartiere e che se ti va bene ti fa riavere quello che ti han tolto a un prezzo simbolico: il simbolo dell&#8217;estorsione travestita da favore. Non ti rivolgi allo stato perch\u00e9 semplicemente latita. Ha abdicato alla sua funzione da decenni. \u00c8 vero: anche noi siciliani abbiamo lasciato il posto alla paura pi\u00f9 che alla ribellione. Ecco: forse su quest&#8217;ultimo punto mi sento di dissentire con Vecchioni. Perch\u00e9 parlare di una realt\u00e0 che non si conosce e non si vive quotidianamente \u00e8 facile. Sicuramente pi\u00f9 facile di ribellarsi al quotidiano. Perch\u00e9 alla fine si deve pure andare avanti e provare a vivere. O a tirare a campare. <\/span><\/span><\/span><\/p>\n","protected":false},"excerpt":{"rendered":"<p><p>\u201cLa Sicilia \u00e8 un&#8217;isola di merda\u201d. Ma come si permette? Chi \u00e8 stato a dire una castroneria del genere? La mia prima reazione \u00e8 stata questa. Poi, mi sono fermato un attimo a riflettere e mi sono chiesto: \u201cMa se questa frase l&#8217;avesse detta un palermitano, avrebbe destato lo stesso scalpore?\u201d. E ancora: \u201cE se invece di un cantautore brianzolo l&#8217;avesse pronunciata \u2013 che ne so \u2013 uno Sperandeo di turno?\u201d. Difficile immaginarlo. Perch\u00e9 l&#8217;orgoglio siculo \u00e8 preponderante, sovrasta ogni cosa come Monte Pellegrino. Ma la verit\u00e0 \u00e8 che Vecchioni ha ragione. Punto. Ci rode il culo soltanto perch\u00e9 l&#8217;ha [&hellip;]<\/p>\n&nbsp;&nbsp;<div class=\"readmore\"><a href=\"https:\/\/blog.ilgiornale.it\/ferrara\/2015\/12\/04\/io-siciliano-sto-con-vecchioni\/\">Continua a leggere...<\/a><\/div><\/p>","protected":false},"author":1030,"featured_media":0,"comment_status":"open","ping_status":"closed","sticky":false,"template":"","format":"standard","meta":[],"categories":[247],"tags":[106526,6564,4667],"_links":{"self":[{"href":"https:\/\/blog.ilgiornale.it\/ferrara\/wp-json\/wp\/v2\/posts\/344"}],"collection":[{"href":"https:\/\/blog.ilgiornale.it\/ferrara\/wp-json\/wp\/v2\/posts"}],"about":[{"href":"https:\/\/blog.ilgiornale.it\/ferrara\/wp-json\/wp\/v2\/types\/post"}],"author":[{"embeddable":true,"href":"https:\/\/blog.ilgiornale.it\/ferrara\/wp-json\/wp\/v2\/users\/1030"}],"replies":[{"embeddable":true,"href":"https:\/\/blog.ilgiornale.it\/ferrara\/wp-json\/wp\/v2\/comments?post=344"}],"version-history":[{"count":1,"href":"https:\/\/blog.ilgiornale.it\/ferrara\/wp-json\/wp\/v2\/posts\/344\/revisions"}],"predecessor-version":[{"id":346,"href":"https:\/\/blog.ilgiornale.it\/ferrara\/wp-json\/wp\/v2\/posts\/344\/revisions\/346"}],"wp:attachment":[{"href":"https:\/\/blog.ilgiornale.it\/ferrara\/wp-json\/wp\/v2\/media?parent=344"}],"wp:term":[{"taxonomy":"category","embeddable":true,"href":"https:\/\/blog.ilgiornale.it\/ferrara\/wp-json\/wp\/v2\/categories?post=344"},{"taxonomy":"post_tag","embeddable":true,"href":"https:\/\/blog.ilgiornale.it\/ferrara\/wp-json\/wp\/v2\/tags?post=344"}],"curies":[{"name":"wp","href":"https:\/\/api.w.org\/{rel}","templated":true}]}}