{"id":347,"date":"2015-12-15T13:26:26","date_gmt":"2015-12-15T13:26:26","guid":{"rendered":"https:\/\/blog.ilgiornale.it\/ferrara\/?p=347"},"modified":"2015-12-15T13:26:26","modified_gmt":"2015-12-15T13:26:26","slug":"renzi-e-gli-interessi-in-conflitto","status":"publish","type":"post","link":"https:\/\/blog.ilgiornale.it\/ferrara\/2015\/12\/15\/renzi-e-gli-interessi-in-conflitto\/","title":{"rendered":"Renzi e gli interessi in conflitto"},"content":{"rendered":"<p>&#8221;Il <strong>conflitto di interessi<\/strong> \u00e8 il pi\u00f9 classico degli autogol. Ogni volta che lo diciamo si alza uno del centrodestra e dice: perch\u00e9 non l&#8217;avete fatto? Alla domanda vuoi fare o no il conflitto di interesse, se fossi a Roma direi s\u00ec, ma non \u00e8 su questo argomento che vai a prendere il consenso&#8221;. Cos\u00ec parlava l&#8217;allora sindaco di Firenze <strong>Matteo Renzi<\/strong> nel 2010 durante il programma In Onda su La7.<\/p>\n<p>E adesso che \u00e8 premier tutto torna. Il conflitto di interesse? Non fa prendere consenso. Se poi di interessi in conflitto al governo ne hai a iosa, peggio ancora. Eppure, nel maggio di quest&#8217;anno, sulle colonne del Corriere della Sera un esponente del governo annunci\u00f2: &#8220;Porteremo in Aula gi\u00e0 nelle prossime settimane il conflitto di interessi&#8221;. E chi \u00e8 questo esponente? <strong>Maria Elena Boschi<\/strong>. Coincidenze sinistre.<\/p>\n<p><a href=\"https:\/\/blog.ilgiornale.it\/ferrara\/files\/2014\/09\/renzi-11.jpg\"><img loading=\"lazy\" class=\"alignleft size-medium wp-image-235\" src=\"https:\/\/blog.ilgiornale.it\/ferrara\/files\/2014\/09\/renzi-11-300x204.jpg\" alt=\"Matteo Renzi closing campaigning European elections\" width=\"300\" height=\"204\" srcset=\"https:\/\/blog.ilgiornale.it\/ferrara\/files\/2014\/09\/renzi-11-300x204.jpg 300w, https:\/\/blog.ilgiornale.it\/ferrara\/files\/2014\/09\/renzi-11-1024x699.jpg 1024w\" sizes=\"(max-width: 300px) 100vw, 300px\" \/><\/a>Fatto sta che di mesi ne sono passati altri sette e la promessa di Renzi \u00e8 passata in cavalleria. Cos\u00ec come gli altri potenziali conflitti di interessi presenti tra i componenti del suo governo.<\/p>\n<p>Dal\u00a0 ministro per lo Sviluppo Economico Federica Guidi\u00a0 (gi\u00e0 presidente dei giovani industriali e direttore generale di Ducati Energia, carica che poi ha lasciato) al ministro del Lavoro Giuliano Poletti, un passato in Legacoop, passando per\u00a0 il ministro Marianna Madia, il cui marito, secondo un&#8217;interrogazione presentata da Maurizio Gasparri, avrebbe ricevuto finanziamenti dalla Regione Lazio per alcuni film prodotti fino all&#8217;amico e finanziatore Carrai presidente dell&#8217;aeroporto di Firenze, lo stesso aeroporto che il governo avrebbe voluto ampliare con una pioggia di soldi pubblici salvo poi, proprio ieri sera, bloccare tutto (probabilmente per evitare un altro scandalo come quello relativo all&#8217;affaire <strong>Etruria<\/strong>-Boschi).<\/p>\n<p>Insomma, di interessi ce ne sono diversi all&#8217;interno del governo Renzi. Perch\u00e9 occuparsi dei conflitti? Meglio lasciarli nell&#8217;oblio. Tanto non \u00e8 su questo argomento che vai a prendere il consenso&#8230;<\/p>\n","protected":false},"excerpt":{"rendered":"<p><p>&#8221;Il conflitto di interessi \u00e8 il pi\u00f9 classico degli autogol. Ogni volta che lo diciamo si alza uno del centrodestra e dice: perch\u00e9 non l&#8217;avete fatto? Alla domanda vuoi fare o no il conflitto di interesse, se fossi a Roma direi s\u00ec, ma non \u00e8 su questo argomento che vai a prendere il consenso&#8221;. Cos\u00ec parlava l&#8217;allora sindaco di Firenze Matteo Renzi nel 2010 durante il programma In Onda su La7. E adesso che \u00e8 premier tutto torna. Il conflitto di interesse? Non fa prendere consenso. Se poi di interessi in conflitto al governo ne hai a iosa, peggio ancora. [&hellip;]<\/p>\n&nbsp;&nbsp;<div class=\"readmore\"><a href=\"https:\/\/blog.ilgiornale.it\/ferrara\/2015\/12\/15\/renzi-e-gli-interessi-in-conflitto\/\">Continua a leggere...<\/a><\/div><\/p>","protected":false},"author":1030,"featured_media":0,"comment_status":"open","ping_status":"closed","sticky":false,"template":"","format":"standard","meta":[],"categories":[44993],"tags":[57,60190,106528,820,14481,5709],"_links":{"self":[{"href":"https:\/\/blog.ilgiornale.it\/ferrara\/wp-json\/wp\/v2\/posts\/347"}],"collection":[{"href":"https:\/\/blog.ilgiornale.it\/ferrara\/wp-json\/wp\/v2\/posts"}],"about":[{"href":"https:\/\/blog.ilgiornale.it\/ferrara\/wp-json\/wp\/v2\/types\/post"}],"author":[{"embeddable":true,"href":"https:\/\/blog.ilgiornale.it\/ferrara\/wp-json\/wp\/v2\/users\/1030"}],"replies":[{"embeddable":true,"href":"https:\/\/blog.ilgiornale.it\/ferrara\/wp-json\/wp\/v2\/comments?post=347"}],"version-history":[{"count":1,"href":"https:\/\/blog.ilgiornale.it\/ferrara\/wp-json\/wp\/v2\/posts\/347\/revisions"}],"predecessor-version":[{"id":348,"href":"https:\/\/blog.ilgiornale.it\/ferrara\/wp-json\/wp\/v2\/posts\/347\/revisions\/348"}],"wp:attachment":[{"href":"https:\/\/blog.ilgiornale.it\/ferrara\/wp-json\/wp\/v2\/media?parent=347"}],"wp:term":[{"taxonomy":"category","embeddable":true,"href":"https:\/\/blog.ilgiornale.it\/ferrara\/wp-json\/wp\/v2\/categories?post=347"},{"taxonomy":"post_tag","embeddable":true,"href":"https:\/\/blog.ilgiornale.it\/ferrara\/wp-json\/wp\/v2\/tags?post=347"}],"curies":[{"name":"wp","href":"https:\/\/api.w.org\/{rel}","templated":true}]}}