{"id":349,"date":"2015-12-17T21:01:12","date_gmt":"2015-12-17T21:01:12","guid":{"rendered":"https:\/\/blog.ilgiornale.it\/ferrara\/?p=349"},"modified":"2015-12-17T21:01:12","modified_gmt":"2015-12-17T21:01:12","slug":"cantone-accantonati","status":"publish","type":"post","link":"https:\/\/blog.ilgiornale.it\/ferrara\/2015\/12\/17\/cantone-accantonati\/","title":{"rendered":"Cantone, accantonati!"},"content":{"rendered":"<p>Per tutto il resto c&#8217;\u00e8 <strong>Cantone<\/strong>. Anzi, per ogni grana c&#8217;\u00e8 Cantone. Non bastavano gli appalti Expo, non bastava Mafia Capitale. Adesso Mr Wolf far\u00e0 pure da arbitro nella questione dei rimborsi ai risparmiatori fregati dal Salva-banche.<\/p>\n<p>Ora, delle due l&#8217;una: o <strong>Renzi<\/strong> non conosce altro dio all&#8217;infuori di lui oppure Cantone \u00e8 l&#8217;unico in grado di sbrogliare le matasse del paese. E siccome ancora di risultati non se ne vedono, verrebbe da pensare che al premier faccia comodo \u201cusare\u201d una figura di tale autorevolezza come specchietto per le allodole o \u2013 se volete \u2013 come panacea di tutti i mali nostrani.<\/p>\n<p>I malpensanti potrebbero pure azzardare l&#8217;ipotesi che il nome di Cantone sia stato fatto per zittire il duro attacco di Roberto Saviano nei confronti del governo e della Boschi in particolare. Ma non \u00e8 questa la sede delle malelingue.<\/p>\n<p><a href=\"https:\/\/blog.ilgiornale.it\/ferrara\/files\/2015\/12\/cantone.jpg\"><img loading=\"lazy\" class=\"alignleft size-medium wp-image-350\" src=\"https:\/\/blog.ilgiornale.it\/ferrara\/files\/2015\/12\/cantone-300x200.jpg\" alt=\"Perquisizioni Inps:Cantone, P.A. non pu\u00f2 attendere processi\" width=\"300\" height=\"200\" srcset=\"https:\/\/blog.ilgiornale.it\/ferrara\/files\/2015\/12\/cantone-300x200.jpg 300w, https:\/\/blog.ilgiornale.it\/ferrara\/files\/2015\/12\/cantone.jpg 457w\" sizes=\"(max-width: 300px) 100vw, 300px\" \/><\/a>Ma \u00e8 cos\u00ec difficile accontonare Cantone? Posto che Renzi non lo far\u00e0 mai \u2013 come potrebbe rinunciare a una presenza mediatica unanimamente riconosciuta e apprezzata sebbene gli tolga un po&#8217; di visibilit\u00e0 \u2013 perch\u00e9 non lo fa Cantone stesso?<\/p>\n<p>\u00c8 un consiglio (non richiesto) il mio. Con tutte queste gatte da pelare, il rischio di non riuscire a dedicarsi appieno (non dico risolvere) a una se non a tutte di queste \u00e8 alto. E arrecherebbe nocumento solo al diretto interessato. Cantone faccia come Catone il censore e blocchin l&#8217;ennesima chiamata alle armi di Renzi. Lo faccia per se stesso. E anche per l&#8217;Italia. Ch\u00e9 magari si trova anche qualcun altro capace di sbrogliare matasse. Se poi Cantone, come dicono le malelingue, avesse in mente di scendere un domani in politica, allora\u00a0<em>\u00e7a va sans dire<\/em> che il consiglio non richiesto non potrebbe mai essere ascoltato. Ma non \u00e8 questa la sede delle malelingue.<\/p>\n","protected":false},"excerpt":{"rendered":"<p><p>Per tutto il resto c&#8217;\u00e8 Cantone. Anzi, per ogni grana c&#8217;\u00e8 Cantone. Non bastavano gli appalti Expo, non bastava Mafia Capitale. Adesso Mr Wolf far\u00e0 pure da arbitro nella questione dei rimborsi ai risparmiatori fregati dal Salva-banche. Ora, delle due l&#8217;una: o Renzi non conosce altro dio all&#8217;infuori di lui oppure Cantone \u00e8 l&#8217;unico in grado di sbrogliare le matasse del paese. E siccome ancora di risultati non se ne vedono, verrebbe da pensare che al premier faccia comodo \u201cusare\u201d una figura di tale autorevolezza come specchietto per le allodole o \u2013 se volete \u2013 come panacea di tutti i [&hellip;]<\/p>\n&nbsp;&nbsp;<div class=\"readmore\"><a href=\"https:\/\/blog.ilgiornale.it\/ferrara\/2015\/12\/17\/cantone-accantonati\/\">Continua a leggere...<\/a><\/div><\/p>","protected":false},"author":1030,"featured_media":0,"comment_status":"open","ping_status":"closed","sticky":false,"template":"","format":"standard","meta":[],"categories":[247],"tags":[57,106528,5709,106530],"_links":{"self":[{"href":"https:\/\/blog.ilgiornale.it\/ferrara\/wp-json\/wp\/v2\/posts\/349"}],"collection":[{"href":"https:\/\/blog.ilgiornale.it\/ferrara\/wp-json\/wp\/v2\/posts"}],"about":[{"href":"https:\/\/blog.ilgiornale.it\/ferrara\/wp-json\/wp\/v2\/types\/post"}],"author":[{"embeddable":true,"href":"https:\/\/blog.ilgiornale.it\/ferrara\/wp-json\/wp\/v2\/users\/1030"}],"replies":[{"embeddable":true,"href":"https:\/\/blog.ilgiornale.it\/ferrara\/wp-json\/wp\/v2\/comments?post=349"}],"version-history":[{"count":1,"href":"https:\/\/blog.ilgiornale.it\/ferrara\/wp-json\/wp\/v2\/posts\/349\/revisions"}],"predecessor-version":[{"id":351,"href":"https:\/\/blog.ilgiornale.it\/ferrara\/wp-json\/wp\/v2\/posts\/349\/revisions\/351"}],"wp:attachment":[{"href":"https:\/\/blog.ilgiornale.it\/ferrara\/wp-json\/wp\/v2\/media?parent=349"}],"wp:term":[{"taxonomy":"category","embeddable":true,"href":"https:\/\/blog.ilgiornale.it\/ferrara\/wp-json\/wp\/v2\/categories?post=349"},{"taxonomy":"post_tag","embeddable":true,"href":"https:\/\/blog.ilgiornale.it\/ferrara\/wp-json\/wp\/v2\/tags?post=349"}],"curies":[{"name":"wp","href":"https:\/\/api.w.org\/{rel}","templated":true}]}}