{"id":367,"date":"2016-04-06T16:28:56","date_gmt":"2016-04-06T16:28:56","guid":{"rendered":"https:\/\/blog.ilgiornale.it\/ferrara\/?p=367"},"modified":"2016-04-06T16:28:56","modified_gmt":"2016-04-06T16:28:56","slug":"riina-in-tv-e-giornalismo","status":"publish","type":"post","link":"https:\/\/blog.ilgiornale.it\/ferrara\/2016\/04\/06\/riina-in-tv-e-giornalismo\/","title":{"rendered":"Riina in tv \u00e8 giornalismo"},"content":{"rendered":"<p><span style=\"font-family: Times New Roman,serif\"><span style=\"font-size: large\">Quando \u00e8 stata l&#8217;ultima volta che si \u00e8 parlato di <strong>mafia<\/strong> in tv? Chiedetevelo. Io non me lo ricordo. Potrei azzardare quando il figlio di Vito Ciancimino faceva le sue comparsate nel salotto di Santoro. Ma parliamo gi\u00e0 di anni fa. Non voglio comunque fare come Gasparri che, a torto o ragione, per difendere l&#8217;intervista di Vespa al <strong>figlio di Riina<\/strong> cita quelle dell&#8217;ex conduttore di Servizio Pubblico. Non sono i conduttori il punto, bens\u00ec gli intervistati. <\/span><\/span><\/p>\n<p align=\"LEFT\"><span style=\"font-family: Times New Roman,serif\"><span style=\"font-size: large\"><span style=\"color: #373e4d\">La mafia \u00e8 una realt\u00e0 atroce ma \u00e8 fatta da una pluralit\u00e0 di racconto<\/span> <span style=\"color: #373e4d\">e quella dei figli dei mafiosi \u00e8 una delle voci del racconto. Non sentirla o non trasmetterla sarebbero queste la vera forma di negazionismo della mafia. <\/span><\/span><\/span><\/p>\n<p align=\"LEFT\"><span style=\"font-family: Times New Roman,serif\"><span style=\"font-size: large\"><span style=\"color: #373e4d\">E, giornalisticamente, sapere come viveva uno dei pi\u00f9 atroci criminali della storia mondiale durante la sua latitanza \u00e8 una notizia. Seppur raccontata dal figlio.<\/span><\/span><\/span><\/p>\n<p align=\"LEFT\"><a href=\"https:\/\/blog.ilgiornale.it\/ferrara\/files\/2016\/04\/riina.jpg\"><img loading=\"lazy\" class=\"alignleft size-medium wp-image-368\" src=\"https:\/\/blog.ilgiornale.it\/ferrara\/files\/2016\/04\/riina-300x168.jpg\" alt=\"riina\" width=\"300\" height=\"168\" srcset=\"https:\/\/blog.ilgiornale.it\/ferrara\/files\/2016\/04\/riina-300x168.jpg 300w, https:\/\/blog.ilgiornale.it\/ferrara\/files\/2016\/04\/riina.jpg 680w\" sizes=\"(max-width: 300px) 100vw, 300px\" \/><\/a><span style=\"font-family: Times New Roman,serif\"><span style=\"font-size: large\"><span style=\"color: #373e4d\">Di cosa si lamenta la <strong>Bindi<\/strong>? Non si lament\u00f2 per Ciancimino jr. e per il figlio di Bernardo Provenzano intervistati da Santoro e lo fa adesso per Riina? Lei, presidente della commissione antimafia, che ha dichiarato di non essere un&#8217;esperta di mafia? Ecco, Vespa le sta dando l&#8217;occasione di conoscerne un aspetto, una angolatura. <\/span><\/span><\/span><\/p>\n<p align=\"LEFT\"><span style=\"font-family: Times New Roman,serif\"><span style=\"font-size: large\"><span style=\"color: #373e4d\">Che colpa ha il conduttore di <strong>Porta a Porta<\/strong>? Nessuna. Come nessuna colpa ebbe Enzo Biagi quando intervist\u00f2 Luciano Liggio in prima serata o come il giornalista Rai Giuseppe Marrazzo quando intervist\u00f2 il camorrista Raffaele Cutolo o <\/span><span style=\"color: #000000\">la rivista Rolling Stones quando ha intervistato El Chapo o SkyTg24 quando ha intervistato Carmine Schiavone. <\/span><\/span><\/span><\/p>\n<p align=\"LEFT\"><span style=\"font-family: Times New Roman,serif\"><span style=\"font-size: large\"><span style=\"color: #000000\">\u00c8 il giornalismo, bellezza. Mentre la mafia \u00e8 una montagna di merda. E non sar\u00e0 il figlio di un mafioso (peraltro condannato con pena gi\u00e0 scontata per associazione mafiosa) a ripulirla. <\/span><\/span><\/span><\/p>\n","protected":false},"excerpt":{"rendered":"<p><p>Quando \u00e8 stata l&#8217;ultima volta che si \u00e8 parlato di mafia in tv? Chiedetevelo. Io non me lo ricordo. Potrei azzardare quando il figlio di Vito Ciancimino faceva le sue comparsate nel salotto di Santoro. Ma parliamo gi\u00e0 di anni fa. Non voglio comunque fare come Gasparri che, a torto o ragione, per difendere l&#8217;intervista di Vespa al figlio di Riina cita quelle dell&#8217;ex conduttore di Servizio Pubblico. Non sono i conduttori il punto, bens\u00ec gli intervistati. La mafia \u00e8 una realt\u00e0 atroce ma \u00e8 fatta da una pluralit\u00e0 di racconto e quella dei figli dei mafiosi \u00e8 una delle [&hellip;]<\/p>\n&nbsp;&nbsp;<div class=\"readmore\"><a href=\"https:\/\/blog.ilgiornale.it\/ferrara\/2016\/04\/06\/riina-in-tv-e-giornalismo\/\">Continua a leggere...<\/a><\/div><\/p>","protected":false},"author":1030,"featured_media":0,"comment_status":"open","ping_status":"closed","sticky":false,"template":"","format":"standard","meta":[],"categories":[44993],"tags":[],"_links":{"self":[{"href":"https:\/\/blog.ilgiornale.it\/ferrara\/wp-json\/wp\/v2\/posts\/367"}],"collection":[{"href":"https:\/\/blog.ilgiornale.it\/ferrara\/wp-json\/wp\/v2\/posts"}],"about":[{"href":"https:\/\/blog.ilgiornale.it\/ferrara\/wp-json\/wp\/v2\/types\/post"}],"author":[{"embeddable":true,"href":"https:\/\/blog.ilgiornale.it\/ferrara\/wp-json\/wp\/v2\/users\/1030"}],"replies":[{"embeddable":true,"href":"https:\/\/blog.ilgiornale.it\/ferrara\/wp-json\/wp\/v2\/comments?post=367"}],"version-history":[{"count":2,"href":"https:\/\/blog.ilgiornale.it\/ferrara\/wp-json\/wp\/v2\/posts\/367\/revisions"}],"predecessor-version":[{"id":370,"href":"https:\/\/blog.ilgiornale.it\/ferrara\/wp-json\/wp\/v2\/posts\/367\/revisions\/370"}],"wp:attachment":[{"href":"https:\/\/blog.ilgiornale.it\/ferrara\/wp-json\/wp\/v2\/media?parent=367"}],"wp:term":[{"taxonomy":"category","embeddable":true,"href":"https:\/\/blog.ilgiornale.it\/ferrara\/wp-json\/wp\/v2\/categories?post=367"},{"taxonomy":"post_tag","embeddable":true,"href":"https:\/\/blog.ilgiornale.it\/ferrara\/wp-json\/wp\/v2\/tags?post=367"}],"curies":[{"name":"wp","href":"https:\/\/api.w.org\/{rel}","templated":true}]}}