{"id":381,"date":"2017-05-16T10:52:38","date_gmt":"2017-05-16T10:52:38","guid":{"rendered":"https:\/\/blog.ilgiornale.it\/ferrara\/?p=381"},"modified":"2017-05-16T13:18:44","modified_gmt":"2017-05-16T13:18:44","slug":"roma-e-la-fattoria-degli-animali","status":"publish","type":"post","link":"https:\/\/blog.ilgiornale.it\/ferrara\/2017\/05\/16\/roma-e-la-fattoria-degli-animali\/","title":{"rendered":"Roma e la fattoria degli animali"},"content":{"rendered":"<p>Cinghiali, cammelli, pecore, maiali, gabbiani, topi, volpi. Non siamo nella Spagna del 1937, dove George Orwell inizi\u00f2 a concepire La Fattoria degli animali. Siamo a Roma, oggi. E\u00a0le specie citate non sono frutto della fantasia, ma cruda realt\u00e0 cittadina. Nella Capitale amministrata da Virginia Raggi, le strade sono diventate proscenio di esibizioni animalesche, prive di ogni controllo e persino lontane da ogni immaginazione.<\/p>\n<p><a href=\"https:\/\/blog.ilgiornale.it\/ferrara\/files\/2017\/05\/cinghiale-guinzaglio.jpg\"><img loading=\"lazy\" class=\"alignleft wp-image-382 size-thumbnail\" src=\"https:\/\/blog.ilgiornale.it\/ferrara\/files\/2017\/05\/cinghiale-guinzaglio-150x150.jpg\" alt=\"cinghiale guinzaglio\" width=\"150\" height=\"150\" \/><\/a><\/p>\n<p>Un cinghiale che scorrazza in piena notte lungo via Baldo degli Ubaldi, non lontano dal Vaticano e dal cuore di Roma, forse neanche nella mente di Orwell avrebbe fatto capolino. Correva, dimenandosi tra marciapiede e carreggiata, sotto la telecamera di un incredulo passante che ha naturalmente immortalato tutto. Un altro cinghiale, in zona Cassia, nel marzo di quest\u2019anno, ha finito per uccidere un uomo di 49 anni che viaggiava a bordo del suo scooter e che si \u00e8 visto piombare davanti l\u2019animale.<\/p>\n<p>I residenti della zona da tempo segnalavano il pericolo, ma tutto \u00e8 passato in sordina. C\u2019\u00e8 chi, come il senatore dem Stefano Esposito, ipotizz\u00f2 una possibile connessione tra cinghiali e cassonetti dell\u2019immondizia stracolmi e non puliti in tempi rapidi.<\/p>\n<p><a href=\"https:\/\/blog.ilgiornale.it\/ferrara\/files\/2017\/05\/ga.jpg\"><img loading=\"lazy\" class=\"alignleft size-thumbnail wp-image-384\" src=\"https:\/\/blog.ilgiornale.it\/ferrara\/files\/2017\/05\/ga-150x150.jpg\" alt=\"ga\" width=\"150\" height=\"150\" \/><\/a>Gi\u00e0, la grana rifiuti. Quella che ha causato l\u2019invasione di topi e gabbiani per le strade romane e la lotta tra roditori e volatili per la conquista delle prede. Una scena a cui hanno assistito molti turisti nel quartiere Monti. Si \u00e8 arrivati al punto in cui anche il parco \u00e8 diventato insicuro. \u00c8 successo ad aprile: un bimbo di tre anni e mezzo morso alla gamba da un ratto al parco giochi di Villa Gordiani.<\/p>\n<p>&nbsp;<\/p>\n<p><a href=\"https:\/\/blog.ilgiornale.it\/ferrara\/files\/2017\/05\/cammello.jpg\"><img loading=\"lazy\" class=\"alignleft size-thumbnail wp-image-383\" src=\"https:\/\/blog.ilgiornale.it\/ferrara\/files\/2017\/05\/cammello-150x150.jpg\" alt=\"cammello\" width=\"150\" height=\"150\" \/><\/a><\/p>\n<p>Come nel romanzo di Orwell, gli animali, stanchi dello sfruttamento dell&#8217;uomo, si ribellano. E provano a cacciare il padrone. Bisogner\u00e0 sperare che i maiali diventino simili all\u2019uomo per veder fallita la rivoluzione? Quel che \u00e8 indubbio \u00e8 che per il momento i suini viaggiano al guinzaglio. In metropolitana. \u00c8 passata agli annali del parossismo la foto del maiale tra i passeggeri della Roma-Lido e poi della metro B tenuto al guinzaglio dal suo padrone, come un qualsiasi amico a quattro zampe. Sempre nello stesso periodo, era giugno 2015, una famiglia di cinghiali era stata avvistata mentre passeggiava per Monte Mario, ma senza catene. Come non citare poi il caprone a Borgo Pio, a due passi da piazza San Pietro, e la capra sul tetto della fermata Valle Aurelia.<\/p>\n<p><a href=\"https:\/\/blog.ilgiornale.it\/ferrara\/files\/2017\/05\/pecore.jpg\"><img loading=\"lazy\" class=\"alignleft size-thumbnail wp-image-385\" src=\"https:\/\/blog.ilgiornale.it\/ferrara\/files\/2017\/05\/pecore-150x150.jpg\" alt=\"pecore\" width=\"150\" height=\"150\" \/><\/a><\/p>\n<p>Per rimanere in tema di ovini, un gruppo di pecore ha fatto il suo ingresso tra i palazzi di Ponte di Nona e un altro gregge, con tanto di pastore, ha attraversato diligentemente la Cristoforo Colombo davanti agli sguardi increduli degli automobilisti. Episodio accaduto anche nel quartiere residenziale di Marconi, precisamente tra via Cardano e via Cruto. Pochi giorni prima era stato avvistato anche un cavallo sulla via Togliatti. Nel dicembre scorso invece una volpe dalla pelliccia rossa si aggirava per le vie del centro. L\u2019atmosfera natalizia poi ha regalato anche la visione reale di un cammello \u201cparcheggiato\u201d in via Aurelia, in zona Boccea. Insomma, nello zoo di Roma non manca proprio nulla.<\/p>\n","protected":false},"excerpt":{"rendered":"<p><p>Cinghiali, cammelli, pecore, maiali, gabbiani, topi, volpi. Non siamo nella Spagna del 1937, dove George Orwell inizi\u00f2 a concepire La Fattoria degli animali. Siamo a Roma, oggi. E\u00a0le specie citate non sono frutto della fantasia, ma cruda realt\u00e0 cittadina. Nella Capitale amministrata da Virginia Raggi, le strade sono diventate proscenio di esibizioni animalesche, prive di ogni controllo e persino lontane da ogni immaginazione. Un cinghiale che scorrazza in piena notte lungo via Baldo degli Ubaldi, non lontano dal Vaticano e dal cuore di Roma, forse neanche nella mente di Orwell avrebbe fatto capolino. Correva, dimenandosi tra marciapiede e carreggiata, sotto [&hellip;]<\/p>\n&nbsp;&nbsp;<div class=\"readmore\"><a href=\"https:\/\/blog.ilgiornale.it\/ferrara\/2017\/05\/16\/roma-e-la-fattoria-degli-animali\/\">Continua a leggere...<\/a><\/div><\/p>","protected":false},"author":1030,"featured_media":387,"comment_status":"open","ping_status":"closed","sticky":false,"template":"","format":"standard","meta":[],"categories":[247],"tags":[4544,10099,2669],"_links":{"self":[{"href":"https:\/\/blog.ilgiornale.it\/ferrara\/wp-json\/wp\/v2\/posts\/381"}],"collection":[{"href":"https:\/\/blog.ilgiornale.it\/ferrara\/wp-json\/wp\/v2\/posts"}],"about":[{"href":"https:\/\/blog.ilgiornale.it\/ferrara\/wp-json\/wp\/v2\/types\/post"}],"author":[{"embeddable":true,"href":"https:\/\/blog.ilgiornale.it\/ferrara\/wp-json\/wp\/v2\/users\/1030"}],"replies":[{"embeddable":true,"href":"https:\/\/blog.ilgiornale.it\/ferrara\/wp-json\/wp\/v2\/comments?post=381"}],"version-history":[{"count":4,"href":"https:\/\/blog.ilgiornale.it\/ferrara\/wp-json\/wp\/v2\/posts\/381\/revisions"}],"predecessor-version":[{"id":390,"href":"https:\/\/blog.ilgiornale.it\/ferrara\/wp-json\/wp\/v2\/posts\/381\/revisions\/390"}],"wp:featuredmedia":[{"embeddable":true,"href":"https:\/\/blog.ilgiornale.it\/ferrara\/wp-json\/wp\/v2\/media\/387"}],"wp:attachment":[{"href":"https:\/\/blog.ilgiornale.it\/ferrara\/wp-json\/wp\/v2\/media?parent=381"}],"wp:term":[{"taxonomy":"category","embeddable":true,"href":"https:\/\/blog.ilgiornale.it\/ferrara\/wp-json\/wp\/v2\/categories?post=381"},{"taxonomy":"post_tag","embeddable":true,"href":"https:\/\/blog.ilgiornale.it\/ferrara\/wp-json\/wp\/v2\/tags?post=381"}],"curies":[{"name":"wp","href":"https:\/\/api.w.org\/{rel}","templated":true}]}}