{"id":427,"date":"2018-11-22T16:09:39","date_gmt":"2018-11-22T16:09:39","guid":{"rendered":"https:\/\/blog.ilgiornale.it\/ferrara\/?p=427"},"modified":"2018-11-22T16:33:46","modified_gmt":"2018-11-22T16:33:46","slug":"in-difesa-della-lavagna","status":"publish","type":"post","link":"https:\/\/blog.ilgiornale.it\/ferrara\/2018\/11\/22\/in-difesa-della-lavagna\/","title":{"rendered":"In difesa della lavagna"},"content":{"rendered":"<p>Tra i bambini della classe di viale Mazzini e i politici che rispondono alle loro domande, io prendo una posizione netta: sto con la lavagna. S\u00ec, quel simbolo tanto caro alla nostra giovinezza, muro nero intriso di umiliazioni, punizioni, gioie\u00a0e\u00a0soddisfazioni, ha bisogno di qualcuno che si schieri al suo fianco. Perch\u00e9 nel nuovo programma di mamma Rai \u00e8 l&#8217;unico che merita una difesa. Il format avr\u00e0 avuto pure successo in diversi paesi, a partire dalla Francia, ma osservare quegli alunni programmati, ingessati e imbeccati dalle domande degli autori fa venire l&#8217;orticaria.<\/p>\n<p><a href=\"https:\/\/blog.ilgiornale.it\/ferrara\/files\/2018\/11\/anto.jpg\"><img loading=\"lazy\" class=\"alignleft size-medium wp-image-428\" src=\"https:\/\/blog.ilgiornale.it\/ferrara\/files\/2018\/11\/anto-300x149.jpg\" alt=\"anto\" width=\"300\" height=\"149\" srcset=\"https:\/\/blog.ilgiornale.it\/ferrara\/files\/2018\/11\/anto-300x149.jpg 300w, https:\/\/blog.ilgiornale.it\/ferrara\/files\/2018\/11\/anto-1024x507.jpg 1024w, https:\/\/blog.ilgiornale.it\/ferrara\/files\/2018\/11\/anto.jpg 1237w\" sizes=\"(max-width: 300px) 100vw, 300px\" \/><\/a>Loro che dovrebbero avere in mente solo la\u00a0spensieratezza consona alla loro et\u00e0\u00a0costretti ad assurgere al ruolo di tuttologi e a propinare domande che manco un 50enne riuscirebbe a partorire. &#8220;Come \u00e8 stata Tangentopoli?&#8221;; &#8220;Cos&#8217;\u00e8 il sovranismo?&#8221;; &#8220;Come si combatte l&#8217;immigrazione?&#8221;.\u00a0Perch\u00e9 infliggere tali sofferenze?\u00a0Se poi si aggiungono le risposte di Di Pietro, Toninelli,\u00a0Salvini (e chiss\u00e0 quale altro parterre offrir\u00e0 la Rai), l&#8217;afflizione diventa una fustigazione. Un esempio su tutti: la Serracchiani\u00a0spiega la differenza tra sinistra e destra. E sapete cosa dice?\u00a0&#8220;A sinistra si vogliono cambiare le cose, a destra a volte no&#8221;. Amen.<\/p>\n<p>La farsa della classe che diventa apice della retorica, della propaganda,\u00a0cristallizzata nel\u00a0peggiore bootcamp della finzione. E la lavagna obbligata a essere vergata dal gesso impavido di politici pronti a spiegare concetti astrusi che dopo qualche ora saranno gi\u00e0 relegati nell&#8217;oblio. Almeno si spera. Per i bambini. Ma soprattutto per la lavagna.<\/p>\n<p>&nbsp;<\/p>\n","protected":false},"excerpt":{"rendered":"<p><p>Tra i bambini della classe di viale Mazzini e i politici che rispondono alle loro domande, io prendo una posizione netta: sto con la lavagna. S\u00ec, quel simbolo tanto caro alla nostra giovinezza, muro nero intriso di umiliazioni, punizioni, gioie\u00a0e\u00a0soddisfazioni, ha bisogno di qualcuno che si schieri al suo fianco. Perch\u00e9 nel nuovo programma di mamma Rai \u00e8 l&#8217;unico che merita una difesa. Il format avr\u00e0 avuto pure successo in diversi paesi, a partire dalla Francia, ma osservare quegli alunni programmati, ingessati e imbeccati dalle domande degli autori fa venire l&#8217;orticaria. Loro che dovrebbero avere in mente solo la\u00a0spensieratezza consona [&hellip;]<\/p>\n&nbsp;&nbsp;<div class=\"readmore\"><a href=\"https:\/\/blog.ilgiornale.it\/ferrara\/2018\/11\/22\/in-difesa-della-lavagna\/\">Continua a leggere...<\/a><\/div><\/p>","protected":false},"author":1030,"featured_media":0,"comment_status":"open","ping_status":"closed","sticky":false,"template":"","format":"standard","meta":[],"categories":[247],"tags":[346007,5722,17143,20873],"_links":{"self":[{"href":"https:\/\/blog.ilgiornale.it\/ferrara\/wp-json\/wp\/v2\/posts\/427"}],"collection":[{"href":"https:\/\/blog.ilgiornale.it\/ferrara\/wp-json\/wp\/v2\/posts"}],"about":[{"href":"https:\/\/blog.ilgiornale.it\/ferrara\/wp-json\/wp\/v2\/types\/post"}],"author":[{"embeddable":true,"href":"https:\/\/blog.ilgiornale.it\/ferrara\/wp-json\/wp\/v2\/users\/1030"}],"replies":[{"embeddable":true,"href":"https:\/\/blog.ilgiornale.it\/ferrara\/wp-json\/wp\/v2\/comments?post=427"}],"version-history":[{"count":3,"href":"https:\/\/blog.ilgiornale.it\/ferrara\/wp-json\/wp\/v2\/posts\/427\/revisions"}],"predecessor-version":[{"id":431,"href":"https:\/\/blog.ilgiornale.it\/ferrara\/wp-json\/wp\/v2\/posts\/427\/revisions\/431"}],"wp:attachment":[{"href":"https:\/\/blog.ilgiornale.it\/ferrara\/wp-json\/wp\/v2\/media?parent=427"}],"wp:term":[{"taxonomy":"category","embeddable":true,"href":"https:\/\/blog.ilgiornale.it\/ferrara\/wp-json\/wp\/v2\/categories?post=427"},{"taxonomy":"post_tag","embeddable":true,"href":"https:\/\/blog.ilgiornale.it\/ferrara\/wp-json\/wp\/v2\/tags?post=427"}],"curies":[{"name":"wp","href":"https:\/\/api.w.org\/{rel}","templated":true}]}}