{"id":466,"date":"2018-12-13T15:34:56","date_gmt":"2018-12-13T15:34:56","guid":{"rendered":"https:\/\/blog.ilgiornale.it\/ferrara\/?p=466"},"modified":"2018-12-13T15:40:46","modified_gmt":"2018-12-13T15:40:46","slug":"la-disfatta-del-deficit","status":"publish","type":"post","link":"https:\/\/blog.ilgiornale.it\/ferrara\/2018\/12\/13\/la-disfatta-del-deficit\/","title":{"rendered":"La disfatta sul deficit"},"content":{"rendered":"<p>Da incendiari a pompieri. Spavaldi prima, remissivi dopo. La battaglia tra il governo e la Commissione Europea \u00e8 durata due mesi e mezzo. E si \u00e8 conclusa con una disfatta. Dal 2,4% sembra si sia arrivati a cedere fino al 2,04%. Con buona pace di proclami, minacce e rassicurazioni.\u00a0La\u00a0cronistoria di una\u00a0sconfitta:<\/p>\n<p><strong>19 settembre<\/strong><br \/>\nDi Maio:\u00a0&#8220;Abbiamo bisogno di prendere un po&#8217; di soldi dal deficit poi li ridaremo con la crescita&#8221;<\/p>\n<p><strong>20 settembre\u00a0<\/strong><br \/>\nDi Maio: &#8220;Non\u00a0dobbiamo avere paura di sforare il 2% a meno che il 2% non sia diventato un tab\u00f9, per\u00f2 ce lo dovevamo dire prima&#8221;<\/p>\n<p><strong>21 settembre\u00a0<\/strong><br \/>\nDi Maio: &#8220;La maggior parte delle risorse arriver\u00e0 dai tagli agli sprechi, se andranno a regime tra un anno e mezzo facciamo un po&#8217; di deficit, tanto l&#8217;economia crescer\u00e0 e poi rientriamo, lo hanno fatto tutti i Paesi che oggi stanno crescendo&#8221;.<\/p>\n<p><strong>23 settembre<\/strong><br \/>\nSalvini:\u00a0&#8220;La legge di bilancio? Una cosa \u00e8 importante: che sia coraggiosa. Se lo sar\u00e0, e lo sar\u00e0, gli zero virgola di deficit in pi\u00f9 non conteranno niente&#8221;.<\/p>\n<p><strong>24 settembre\u00a0<\/strong><br \/>\nDi Maio:\u00a0&#8220;La Francia per finanziare la sua manovra economica far\u00e0 un deficit del 2,8%. Siamo un Paese sovrano esattamente come la Francia. I soldi ci sono e si possono finalmente spendere a favore dei cittadini&#8221;.<\/p>\n<p><strong>25 settembre\u00a0<\/strong><br \/>\nDi Maio:\u00a0&#8220;Per me non ha senso parlare solo di deficit. Si deve scommettere sulla crescita e dare risposte ai bisogni dei cittadini&#8221;<\/p>\n<p><strong>26 settembre\u00a0<\/strong><br \/>\nDi Maio:\u00a0&#8220;Siamo ben consapevoli che ci sono equilibri finanziari e conti da tenere in ordine&#8221; ma la soglia del 2% &#8220;non \u00e8 un tabu: &#8220;non \u00e8 una sfida a fare deficit, ma a mantenere le promesse tenendo in ordine i conti e lasciando ai nostri figli e ai nostri nipoti un&#8217;Italia migliore&#8221;<\/p>\n<p><strong>29 settembre\u00a0<\/strong><br \/>\nDi Maio: &#8220;Questa manovra ripagher\u00e0 il popolo italiano: negli anni scorsi quando si faceva deficit lo si faceva per finanziare salvataggi di banche ed aziende decotte&#8221;.<\/p>\n<p><strong>2 ottobre\u00a0\u00a0<\/strong><br \/>\nDi Maio:\u00a0&#8220;Questo 2,4 fa scalpore quando gli altri prima di noi hanno fatto tutto quello che volevano: ora ci criticano la manovra senza averla neppure letta, devo pensare che ci sia un pregiudizio.\u00a0Con il 2,4% ci siamo detti: manteniamo l&#8217;impegno a non superare il 3% e non lo sfioriamo nemmeno&#8221;<\/p>\n<p><strong><a href=\"https:\/\/blog.ilgiornale.it\/ferrara\/files\/2018\/12\/disfga.jpg\"><img loading=\"lazy\" class=\"alignleft size-medium wp-image-467\" src=\"https:\/\/blog.ilgiornale.it\/ferrara\/files\/2018\/12\/disfga-300x150.jpg\" alt=\"disfga\" width=\"300\" height=\"150\" srcset=\"https:\/\/blog.ilgiornale.it\/ferrara\/files\/2018\/12\/disfga-300x150.jpg 300w, https:\/\/blog.ilgiornale.it\/ferrara\/files\/2018\/12\/disfga.jpg 800w\" sizes=\"(max-width: 300px) 100vw, 300px\" \/><\/a>5 ottobre\u00a0<\/strong><br \/>\nDi Maio: &#8220;Portare il rapporto Deficit\/Pil al 2,4% \u00e8 il numero che ci serviva per finanziare il superamento della Legge Fornero, il Reddito di Cittadinanza, la Pensione di Cittadinanza e i rimborsi ai truffati delle banche. Non \u00e8 una sfida con l&#8217;Europa e non \u00e8 uno sfizio, \u00e8 semplicemente il numero che serviva per la\u00a0Manovra del Popolo&#8221;.<\/p>\n<p><strong>7 ottobre<\/strong><br \/>\nDi Maio:\u00a0&#8220;Sapevamo che questa misura economica non sarebbe piaciuta, ma tra sei mesi questa Europa sar\u00e0 finita&#8221;<\/p>\n<p><strong>9 ottobre\u00a0\u00a0<\/strong><br \/>\nDi Maio: &#8220;Sul livello di deficit non si torna indietro&#8221;.<\/p>\n<p><strong>17 ottobre<\/strong><br \/>\n&#8220;Qui nessuno vuole uscire dall&#8217;Europa o dall&#8217;euro ma se in passato altri paesi hanno fatto deficit anche noi abbiamo diritto di fare deficit per mettere in campo misure per ripagare gli italiani&#8221;.<\/p>\n<p><strong>20 ottobre\u00a0<\/strong><br \/>\nDi Maio: &#8220;A nome del governo smentisco che si sia pensato a una riduzione del deficit che resta al 2,4%. Se dovessimo ridurlo non avremmo la riforma alla Fornero, il reddito di cittadinanza&#8221;.<\/p>\n<p><strong>22 ottobre\u00a0\u00a0<\/strong><br \/>\nSalvini: &#8220;Non torniamo indietro di mezzo centimetro&#8221;.<\/p>\n<p><strong>22 ottobre\u00a0\u00a0<\/strong><br \/>\nDi Maio: &#8220;Con onest\u00e0 intellettuale bisogna riconoscere che noi non abbiamo fatto il 2,4% di deficit. Il deficit partiva dal 2% quest&#8217;anno, tra i debiti che ci avevano lasciato i governi precedenti e gli aumenti delle tasse che abbiamo evitato. La pi\u00f9 grande misura fatta in questa legge di bilancio \u00e8 la sterilizzazione dell&#8217;Iva.\u00a0Stiamo adottando il deficit al 2,4% con una regola che lo impone al 3%&#8221;.<\/p>\n<p><strong>9 novembre\u00a0\u00a0<\/strong><br \/>\nDi Maio:\u00a0&#8220;La garanzia che diamo \u00e8 che il 2,4 \u00e8 il termine massimo di deficit e saremo pronti a garantirlo e ad intervenire quando servir\u00e0 nella legge di bilancio&#8221;.<\/p>\n<p><strong>26 novembre<\/strong><br \/>\nDi Maio:\u00a0&#8220;Come abbiamo detto il tema non sono i numeri ma i cittadini, gli obiettivi che ci siamo dati: quota 100 e il reddito di cittadinanza e i rimborsi ai truffati per le banche e il pacchetto imprese, sono misure da cui non possiamo prescindere.\u00a0Se poi all&#8217;interno della contrattazione deve diminuire il deficit non \u00e8 impartante, importante che non sia abbassi la platea che riceve quelle misure&#8221;.<\/p>\n<p><strong>27 novembre\u00a0<\/strong><br \/>\nSalvini: &#8220;Abbassare il numerino del deficit? &#8220;Non \u00e8 un mio problema.\u00a0Il Parlamento \u00e8 sovrano, la parola fine\u00a0sulla legge di bilancio\u00a0non la d\u00e0 il governo ma il Parlamento&#8221;.<\/p>\n<p><strong>29 novembre<\/strong><br \/>\nSalvini: &#8220;Il governo sta pensando a un taglio pi\u00f9 ampio del deficit, anche oltre lo 0,2%? &#8220;No, no&#8221;.<\/p>\n<p><strong>10 dicembre\u00a0<\/strong><br \/>\n\u200bSalvini: &#8220;Governo disposto a scendere sotto il 2,2% del rapporto deficit\/Pil?\u00a0Bado alla sostanza, non alla forma&#8221;.<\/p>\n","protected":false},"excerpt":{"rendered":"<p><p>Da incendiari a pompieri. Spavaldi prima, remissivi dopo. La battaglia tra il governo e la Commissione Europea \u00e8 durata due mesi e mezzo. E si \u00e8 conclusa con una disfatta. Dal 2,4% sembra si sia arrivati a cedere fino al 2,04%. Con buona pace di proclami, minacce e rassicurazioni.\u00a0La\u00a0cronistoria di una\u00a0sconfitta: 19 settembre Di Maio:\u00a0&#8220;Abbiamo bisogno di prendere un po&#8217; di soldi dal deficit poi li ridaremo con la crescita&#8221; 20 settembre\u00a0 Di Maio: &#8220;Non\u00a0dobbiamo avere paura di sforare il 2% a meno che il 2% non sia diventato un tab\u00f9, per\u00f2 ce lo dovevamo dire prima&#8221; 21 settembre\u00a0 Di [&hellip;]<\/p>\n&nbsp;&nbsp;<div class=\"readmore\"><a href=\"https:\/\/blog.ilgiornale.it\/ferrara\/2018\/12\/13\/la-disfatta-del-deficit\/\">Continua a leggere...<\/a><\/div><\/p>","protected":false},"author":1030,"featured_media":0,"comment_status":"open","ping_status":"closed","sticky":false,"template":"","format":"standard","meta":[],"categories":[247],"tags":[23360,256460,3814,17143,176],"_links":{"self":[{"href":"https:\/\/blog.ilgiornale.it\/ferrara\/wp-json\/wp\/v2\/posts\/466"}],"collection":[{"href":"https:\/\/blog.ilgiornale.it\/ferrara\/wp-json\/wp\/v2\/posts"}],"about":[{"href":"https:\/\/blog.ilgiornale.it\/ferrara\/wp-json\/wp\/v2\/types\/post"}],"author":[{"embeddable":true,"href":"https:\/\/blog.ilgiornale.it\/ferrara\/wp-json\/wp\/v2\/users\/1030"}],"replies":[{"embeddable":true,"href":"https:\/\/blog.ilgiornale.it\/ferrara\/wp-json\/wp\/v2\/comments?post=466"}],"version-history":[{"count":2,"href":"https:\/\/blog.ilgiornale.it\/ferrara\/wp-json\/wp\/v2\/posts\/466\/revisions"}],"predecessor-version":[{"id":469,"href":"https:\/\/blog.ilgiornale.it\/ferrara\/wp-json\/wp\/v2\/posts\/466\/revisions\/469"}],"wp:attachment":[{"href":"https:\/\/blog.ilgiornale.it\/ferrara\/wp-json\/wp\/v2\/media?parent=466"}],"wp:term":[{"taxonomy":"category","embeddable":true,"href":"https:\/\/blog.ilgiornale.it\/ferrara\/wp-json\/wp\/v2\/categories?post=466"},{"taxonomy":"post_tag","embeddable":true,"href":"https:\/\/blog.ilgiornale.it\/ferrara\/wp-json\/wp\/v2\/tags?post=466"}],"curies":[{"name":"wp","href":"https:\/\/api.w.org\/{rel}","templated":true}]}}