{"id":479,"date":"2019-04-01T16:36:39","date_gmt":"2019-04-01T16:36:39","guid":{"rendered":"https:\/\/blog.ilgiornale.it\/ferrara\/?p=479"},"modified":"2019-04-02T14:09:23","modified_gmt":"2019-04-02T14:09:23","slug":"il-tricolore-di-salvini","status":"publish","type":"post","link":"https:\/\/blog.ilgiornale.it\/ferrara\/2019\/04\/01\/il-tricolore-di-salvini\/","title":{"rendered":"Il Tricolore di Salvini"},"content":{"rendered":"<p>&#8220;Io rispetto tantissimo le bandiere della pace ma, se devo scegliere,\u00a0alla finestra <a href=\"https:\/\/www.ilgiornale.it\/video\/politica\/salvini-bandiere-pace-preferisco-tricolore-1672384.html\">metto il Tricolore<\/a>&#8220;. Se questa frase <strong>Salvini<\/strong> l&#8217;avesse pronunciata un decennio fa, probabilmente\u00a0dalla platea degli astanti sarebbero piovute una bordata di fischi e una richiesta di Tso. Adesso, invece, il Capitano pu\u00f2 permettersi di pronunciarla ricevendo ovazioni\u00a0e applausi. Dalla secessione al patriottismo il passo \u00e8 lungo ma la velocit\u00e0 d&#8217;esecuzione del cambiamento \u00e8 stata rapidissima.<\/p>\n<p>L&#8217;upgrade della <strong>Lega<\/strong> 2.0 non conosce pi\u00f9 la parola Nord, i ladroni non stanno pi\u00f9 a Roma, ma sono forestieri, e il Va&#8217; pensiero ha lasciato spazio al sottofondo musicale dell&#8217;Inno di Mameli. Strano eh? Eppure, quella sulla bandiera non \u00e8 altro che l&#8217;ennesimo tassello di una linea politica pi\u00f9 matura, direbbe qualcuno, o pi\u00f9 opportunista, direbbe qualcun altro. In realt\u00e0 \u00e8 semplicemente il nuovo corso salviniano. Ieri\u00a0i terroni e il Meridione erano nel mirino del Carroccio, ieri il Tricolore era da bruciare, un vessillo da rimuovere, simbolo del malaffare e di un paese diviso, immobile e spendaccione. Si preferiva veder sventolare\u00a0il gonfalone della\u00a0Serenissima, si protestava per l&#8217;esposizione del Tricolore nelle scuole, si festeggiava solo il federalismo e non si applaudiva alla Camera quando qualcuno citava il simbolo dell&#8217;unit\u00e0 nazionale.<\/p>\n<p><a href=\"https:\/\/blog.ilgiornale.it\/ferrara\/files\/2019\/04\/FOTOGRAMMA_20190401173347_28927578.jpg\"><img loading=\"lazy\" class=\"alignleft size-medium wp-image-480\" src=\"https:\/\/blog.ilgiornale.it\/ferrara\/files\/2019\/04\/FOTOGRAMMA_20190401173347_28927578-300x200.jpg\" alt=\"FOTOGRAMMA_20190401173347_28927578\" width=\"300\" height=\"200\" srcset=\"https:\/\/blog.ilgiornale.it\/ferrara\/files\/2019\/04\/FOTOGRAMMA_20190401173347_28927578-300x200.jpg 300w, https:\/\/blog.ilgiornale.it\/ferrara\/files\/2019\/04\/FOTOGRAMMA_20190401173347_28927578-1024x682.jpg 1024w, https:\/\/blog.ilgiornale.it\/ferrara\/files\/2019\/04\/FOTOGRAMMA_20190401173347_28927578.jpg 1500w\" sizes=\"(max-width: 300px) 100vw, 300px\" \/><\/a>&#8220;Lo metta al cesso, signora&#8221;, invitava Umberto Bossi nel 2011. Che considerava quelli che mettono fuori i tricolori dei &#8220;somari che mangiano e bevono&#8221;. &#8220;Non \u00e8 colpa della gente onesta e laboriosa della Padania se, in tutto il mondo, ormai il Tricolore \u00e8 simbolo di spaghetti, ma soprattutto di mafia&#8221;, gli faceva eco\u00a0Mario Borghezio. Nello stesso periodo, Salvini era tranchant: &#8220;Il tricolore non mi rappresenta, non la sento come la mia bandiera.\u00a0A casa mia ho solo la bandiera della Lombardia e quella di Milano. Il tricolore \u00e8\u00a0solo la nazionale di calcio, per cui non tifo. Mi rappresenta quando diventeremo un paese normale con meno sprechi e ruberie al Sud&#8221;. Erano i tempi della narrazione antistatalista e anticentralista. Tempi andati e dimenticati. Ora ci sono da difendere i confini nazionali, da proteggere il Made in Italy, da togliere dal simbolo la parola Nord e\u00a0da cambiare i colori. Il verde che fa spazio al blu governativo e non divisivo. E il Tricolore ha iniziato a comparire anche nelle fotografie che accompagnano le iniziative di stampo salviniano e\u00a0la comunicazione ufficiale del partito e i social del ministro dell&#8217;Interno. &#8220;Padania is\u00a0not Italy&#8221;, si diceva una volta. Adesso per\u00f2 prima gli italiani. E la svolta tricolore \u00e8 servita.<\/p>\n","protected":false},"excerpt":{"rendered":"<p><p>&#8220;Io rispetto tantissimo le bandiere della pace ma, se devo scegliere,\u00a0alla finestra metto il Tricolore&#8220;. Se questa frase Salvini l&#8217;avesse pronunciata un decennio fa, probabilmente\u00a0dalla platea degli astanti sarebbero piovute una bordata di fischi e una richiesta di Tso. Adesso, invece, il Capitano pu\u00f2 permettersi di pronunciarla ricevendo ovazioni\u00a0e applausi. Dalla secessione al patriottismo il passo \u00e8 lungo ma la velocit\u00e0 d&#8217;esecuzione del cambiamento \u00e8 stata rapidissima. L&#8217;upgrade della Lega 2.0 non conosce pi\u00f9 la parola Nord, i ladroni non stanno pi\u00f9 a Roma, ma sono forestieri, e il Va&#8217; pensiero ha lasciato spazio al sottofondo musicale dell&#8217;Inno di Mameli. [&hellip;]<\/p>\n&nbsp;&nbsp;<div class=\"readmore\"><a href=\"https:\/\/blog.ilgiornale.it\/ferrara\/2019\/04\/01\/il-tricolore-di-salvini\/\">Continua a leggere...<\/a><\/div><\/p>","protected":false},"author":1030,"featured_media":0,"comment_status":"open","ping_status":"closed","sticky":false,"template":"","format":"standard","meta":[],"categories":[247],"tags":[269367,93,17143,34537],"_links":{"self":[{"href":"https:\/\/blog.ilgiornale.it\/ferrara\/wp-json\/wp\/v2\/posts\/479"}],"collection":[{"href":"https:\/\/blog.ilgiornale.it\/ferrara\/wp-json\/wp\/v2\/posts"}],"about":[{"href":"https:\/\/blog.ilgiornale.it\/ferrara\/wp-json\/wp\/v2\/types\/post"}],"author":[{"embeddable":true,"href":"https:\/\/blog.ilgiornale.it\/ferrara\/wp-json\/wp\/v2\/users\/1030"}],"replies":[{"embeddable":true,"href":"https:\/\/blog.ilgiornale.it\/ferrara\/wp-json\/wp\/v2\/comments?post=479"}],"version-history":[{"count":3,"href":"https:\/\/blog.ilgiornale.it\/ferrara\/wp-json\/wp\/v2\/posts\/479\/revisions"}],"predecessor-version":[{"id":483,"href":"https:\/\/blog.ilgiornale.it\/ferrara\/wp-json\/wp\/v2\/posts\/479\/revisions\/483"}],"wp:attachment":[{"href":"https:\/\/blog.ilgiornale.it\/ferrara\/wp-json\/wp\/v2\/media?parent=479"}],"wp:term":[{"taxonomy":"category","embeddable":true,"href":"https:\/\/blog.ilgiornale.it\/ferrara\/wp-json\/wp\/v2\/categories?post=479"},{"taxonomy":"post_tag","embeddable":true,"href":"https:\/\/blog.ilgiornale.it\/ferrara\/wp-json\/wp\/v2\/tags?post=479"}],"curies":[{"name":"wp","href":"https:\/\/api.w.org\/{rel}","templated":true}]}}