{"id":498,"date":"2019-04-27T16:17:49","date_gmt":"2019-04-27T16:17:49","guid":{"rendered":"https:\/\/blog.ilgiornale.it\/ferrara\/?p=498"},"modified":"2019-04-27T16:17:49","modified_gmt":"2019-04-27T16:17:49","slug":"tasse-i-conti-non-tornano","status":"publish","type":"post","link":"https:\/\/blog.ilgiornale.it\/ferrara\/2019\/04\/27\/tasse-i-conti-non-tornano\/","title":{"rendered":"Tasse, i conti non tornano"},"content":{"rendered":"<p>5 giugno 2018<br \/>\n<strong>Salvini<\/strong>: &#8220;Finalmente un governo che ha in testa alla sua agenda i temi delle tasse, del lavoro e dell&#8217;immigrazione&#8221;.<\/p>\n<p>23 luglio 2018<br \/>\n<strong>Salvini<\/strong>: &#8220;Di sicuro la manovra di autunno sar\u00e0 diversa rispetto a quella degli ultimi anni, e daremo le prime e significative risposte sulla riduzione delle tasse&#8221;.<\/p>\n<p>29 gennaio 2019<br \/>\n<strong>Salvini<\/strong>: &#8220;La mia priorit\u00e0 \u00e8 ridurre le tasse e stiamo lavorando per abbassare il primo scaglione dell&#8217;Irpef al 23% per i lavoratori dipendenti e le famiglie: questo \u00e8 il mio obiettivo per il 2019. L&#8217;Iva non aumenter\u00e0, non siamo stati eletti per aumentare le tasse&#8221;.<\/p>\n<p><a href=\"https:\/\/blog.ilgiornale.it\/ferrara\/files\/2018\/12\/vice.jpg\"><img loading=\"lazy\" class=\"alignleft size-medium wp-image-452\" src=\"https:\/\/blog.ilgiornale.it\/ferrara\/files\/2018\/12\/vice-300x203.jpg\" alt=\"vice\" width=\"300\" height=\"203\" srcset=\"https:\/\/blog.ilgiornale.it\/ferrara\/files\/2018\/12\/vice-300x203.jpg 300w, https:\/\/blog.ilgiornale.it\/ferrara\/files\/2018\/12\/vice.jpg 800w\" sizes=\"(max-width: 300px) 100vw, 300px\" \/><\/a>19 marzo 2019<br \/>\n<strong>Di Maio<\/strong>: &#8220;Il taglio delle tasse \u00e8 nel contratto di governo. Quindi lo dico chiaramente: non \u00e8 in discussione l&#8217;abbassamento delle tasse e se non lo faremo non potr\u00f2 dirmi soddisfatto dell&#8217;operato di questo governo.\u00a0Il 2019 deve essere l&#8217;anno in cui abbassiamo le tasse. Dobbiamo per\u00f2 farlo promettendo la verit\u00e0. Troveremo i soldi per tagliare le tasse e io sar\u00f2 garante del fatto che questo lo faccia&#8221;.<br \/>\n27 marzo 2019<br \/>\n<strong>Di Maio<\/strong>: &#8220;L&#8217;abbassamento delle tasse \u00e8 uno degli obiettivi&#8221;.<\/p>\n<p>27 aprile 2019<br \/>\n<strong>L&#8217;analisi\u00a0di Unimpresa del Def<\/strong>: &#8220;La pressione fiscale passer\u00e0 dal 42% di quest&#8217;anno al 42,7% del biennio 2020-2021 e si attester\u00e0 al 42,5% nel 2022. Inoltre l&#8217;aumento dell&#8217;Iva che scatter\u00e0 nel 2020 far\u00e0 salire il gettito tributario di 24 miliardi di euro. Tra prelievo tributario e versamenti contributivi, le famiglie e le imprese italiane pagheranno 76 miliardi in pi\u00f9 nel quadriennio 2019-2022 rispetto al 2018 e, grazie al super conto erariale, copriranno l&#8217;aumento delle spese dello Stato, che continua a ingrassare, pari a 75 miliardi in pi\u00f9. Nei prossimi quattro anni, si pagheranno 55 miliardi di tasse aggiuntive e 18 miliardi in pi\u00f9 alla voce &#8220;previdenza&#8221;. Nel 2022, lo Stato incasser\u00e0 890 miliardi (+9,37%) e le uscite sfonderanno il muro dei 900 miliardi (+8,85%). Tutto questo con una crescita economica risibile: il pil salir\u00e0 dello 0,2% quest&#8217;anno e di poco oltre l&#8217;1% nei quattro anni successivi&#8221;.<\/p>\n<p>Se la matematica non \u00e8 un&#8217;opinione, c&#8217;\u00e8 qualcuno che ha sbagliato i conti. E a pagare il conto saranno gli italiani.<\/p>\n","protected":false},"excerpt":{"rendered":"<p><p>5 giugno 2018 Salvini: &#8220;Finalmente un governo che ha in testa alla sua agenda i temi delle tasse, del lavoro e dell&#8217;immigrazione&#8221;. 23 luglio 2018 Salvini: &#8220;Di sicuro la manovra di autunno sar\u00e0 diversa rispetto a quella degli ultimi anni, e daremo le prime e significative risposte sulla riduzione delle tasse&#8221;. 29 gennaio 2019 Salvini: &#8220;La mia priorit\u00e0 \u00e8 ridurre le tasse e stiamo lavorando per abbassare il primo scaglione dell&#8217;Irpef al 23% per i lavoratori dipendenti e le famiglie: questo \u00e8 il mio obiettivo per il 2019. L&#8217;Iva non aumenter\u00e0, non siamo stati eletti per aumentare le tasse&#8221;. 19 [&hellip;]<\/p>\n&nbsp;&nbsp;<div class=\"readmore\"><a href=\"https:\/\/blog.ilgiornale.it\/ferrara\/2019\/04\/27\/tasse-i-conti-non-tornano\/\">Continua a leggere...<\/a><\/div><\/p>","protected":false},"author":1030,"featured_media":0,"comment_status":"open","ping_status":"closed","sticky":false,"template":"","format":"standard","meta":[],"categories":[247],"tags":[256460,17143,102],"_links":{"self":[{"href":"https:\/\/blog.ilgiornale.it\/ferrara\/wp-json\/wp\/v2\/posts\/498"}],"collection":[{"href":"https:\/\/blog.ilgiornale.it\/ferrara\/wp-json\/wp\/v2\/posts"}],"about":[{"href":"https:\/\/blog.ilgiornale.it\/ferrara\/wp-json\/wp\/v2\/types\/post"}],"author":[{"embeddable":true,"href":"https:\/\/blog.ilgiornale.it\/ferrara\/wp-json\/wp\/v2\/users\/1030"}],"replies":[{"embeddable":true,"href":"https:\/\/blog.ilgiornale.it\/ferrara\/wp-json\/wp\/v2\/comments?post=498"}],"version-history":[{"count":1,"href":"https:\/\/blog.ilgiornale.it\/ferrara\/wp-json\/wp\/v2\/posts\/498\/revisions"}],"predecessor-version":[{"id":499,"href":"https:\/\/blog.ilgiornale.it\/ferrara\/wp-json\/wp\/v2\/posts\/498\/revisions\/499"}],"wp:attachment":[{"href":"https:\/\/blog.ilgiornale.it\/ferrara\/wp-json\/wp\/v2\/media?parent=498"}],"wp:term":[{"taxonomy":"category","embeddable":true,"href":"https:\/\/blog.ilgiornale.it\/ferrara\/wp-json\/wp\/v2\/categories?post=498"},{"taxonomy":"post_tag","embeddable":true,"href":"https:\/\/blog.ilgiornale.it\/ferrara\/wp-json\/wp\/v2\/tags?post=498"}],"curies":[{"name":"wp","href":"https:\/\/api.w.org\/{rel}","templated":true}]}}