{"id":500,"date":"2019-04-30T15:59:00","date_gmt":"2019-04-30T15:59:00","guid":{"rendered":"https:\/\/blog.ilgiornale.it\/ferrara\/?p=500"},"modified":"2019-04-30T15:59:00","modified_gmt":"2019-04-30T15:59:00","slug":"la-pravda-del-m5s","status":"publish","type":"post","link":"https:\/\/blog.ilgiornale.it\/ferrara\/2019\/04\/30\/la-pravda-del-m5s\/","title":{"rendered":"La Pravda del M5s"},"content":{"rendered":"<p>&#8220;Boeri sta all&#8217;opposizione&#8221;. &#8220;Fa politica, deve dimettersi dall&#8217;Inps&#8221;. &#8220;\u00c8 stato votato da qualcuno?&#8221;. &#8220;Per il suo ruolo dovrebbe rimanere fuori dalla contesa politica&#8221;. Eravamo fermi a queste dichiarazioni del M5s. Poi ieri \u00e8 cambiato tutto. E abbiamo visto cose che neanche la Pravda.<\/p>\n<p>Di cosa parliamo? Sempre del presidente dell&#8217;Inps. Solo che adesso non \u00e8 pi\u00f9 il fazioso e politicizzato Boeri, ma \u00e8 il dolce agnellino Pasquale Tridico.<\/p>\n<p><a href=\"https:\/\/blog.ilgiornale.it\/ferrara\/files\/2019\/04\/fatto1.jpg\"><img loading=\"lazy\" class=\"alignleft size-medium wp-image-501\" src=\"https:\/\/blog.ilgiornale.it\/ferrara\/files\/2019\/04\/fatto1-300x234.jpg\" alt=\"fatto1\" width=\"300\" height=\"234\" srcset=\"https:\/\/blog.ilgiornale.it\/ferrara\/files\/2019\/04\/fatto1-300x234.jpg 300w, https:\/\/blog.ilgiornale.it\/ferrara\/files\/2019\/04\/fatto1.jpg 592w\" sizes=\"(max-width: 300px) 100vw, 300px\" \/><\/a>E cosa ha fatto? Ha rilasciato un&#8217;intervista in prima pagina sul quotidiano pi\u00f9 filogrillino che ci sia, cio\u00e8 il Fatto quotidiano, nella quale incensa il reddito di cittadinanza mettendolo a confronto col Rei dei governi dem e, naturalmente, loda il governo che lo ha nominato: &#8220;Ricevo mail di persone che per la prima volta si sentono aiutate dallo Stato. Mi ha scritto un ragazzo pieno di entusiasmo: prendeva un Rei da 106 euro, oggi un reddito di cittadinanza da 411. Ridare speranza \u00e8 gi\u00e0 una politica attiva del lavoro&#8221;.<br \/>\nL&#8217;intervista \u00e8 stata ritwittata da Luigi Di Maio e pubblicata integralmente sul sito ufficiale del M5s, il blog delle stelle, con un titolo a dir poco ottimista: &#8220;Il grande successo del reddito di cittadinanza&#8221;. Insomma,\u00a0se Boeri era politicizzato, Tridico non sembra da meno.<\/p>\n<p><a href=\"https:\/\/blog.ilgiornale.it\/ferrara\/files\/2019\/04\/tridico1.jpg\"><img loading=\"lazy\" class=\"alignleft size-medium wp-image-502\" src=\"https:\/\/blog.ilgiornale.it\/ferrara\/files\/2019\/04\/tridico1-300x132.jpg\" alt=\"tridico1\" width=\"300\" height=\"132\" srcset=\"https:\/\/blog.ilgiornale.it\/ferrara\/files\/2019\/04\/tridico1-300x132.jpg 300w, https:\/\/blog.ilgiornale.it\/ferrara\/files\/2019\/04\/tridico1.jpg 816w\" sizes=\"(max-width: 300px) 100vw, 300px\" \/><\/a><\/p>\n","protected":false},"excerpt":{"rendered":"<p><p>&#8220;Boeri sta all&#8217;opposizione&#8221;. &#8220;Fa politica, deve dimettersi dall&#8217;Inps&#8221;. &#8220;\u00c8 stato votato da qualcuno?&#8221;. &#8220;Per il suo ruolo dovrebbe rimanere fuori dalla contesa politica&#8221;. Eravamo fermi a queste dichiarazioni del M5s. Poi ieri \u00e8 cambiato tutto. E abbiamo visto cose che neanche la Pravda. Di cosa parliamo? Sempre del presidente dell&#8217;Inps. Solo che adesso non \u00e8 pi\u00f9 il fazioso e politicizzato Boeri, ma \u00e8 il dolce agnellino Pasquale Tridico. E cosa ha fatto? Ha rilasciato un&#8217;intervista in prima pagina sul quotidiano pi\u00f9 filogrillino che ci sia, cio\u00e8 il Fatto quotidiano, nella quale incensa il reddito di cittadinanza mettendolo a confronto col [&hellip;]<\/p>\n&nbsp;&nbsp;<div class=\"readmore\"><a href=\"https:\/\/blog.ilgiornale.it\/ferrara\/2019\/04\/30\/la-pravda-del-m5s\/\">Continua a leggere...<\/a><\/div><\/p>","protected":false},"author":1030,"featured_media":0,"comment_status":"open","ping_status":"closed","sticky":false,"template":"","format":"standard","meta":[],"categories":[247],"tags":[5442,256460,14505,346027],"_links":{"self":[{"href":"https:\/\/blog.ilgiornale.it\/ferrara\/wp-json\/wp\/v2\/posts\/500"}],"collection":[{"href":"https:\/\/blog.ilgiornale.it\/ferrara\/wp-json\/wp\/v2\/posts"}],"about":[{"href":"https:\/\/blog.ilgiornale.it\/ferrara\/wp-json\/wp\/v2\/types\/post"}],"author":[{"embeddable":true,"href":"https:\/\/blog.ilgiornale.it\/ferrara\/wp-json\/wp\/v2\/users\/1030"}],"replies":[{"embeddable":true,"href":"https:\/\/blog.ilgiornale.it\/ferrara\/wp-json\/wp\/v2\/comments?post=500"}],"version-history":[{"count":3,"href":"https:\/\/blog.ilgiornale.it\/ferrara\/wp-json\/wp\/v2\/posts\/500\/revisions"}],"predecessor-version":[{"id":505,"href":"https:\/\/blog.ilgiornale.it\/ferrara\/wp-json\/wp\/v2\/posts\/500\/revisions\/505"}],"wp:attachment":[{"href":"https:\/\/blog.ilgiornale.it\/ferrara\/wp-json\/wp\/v2\/media?parent=500"}],"wp:term":[{"taxonomy":"category","embeddable":true,"href":"https:\/\/blog.ilgiornale.it\/ferrara\/wp-json\/wp\/v2\/categories?post=500"},{"taxonomy":"post_tag","embeddable":true,"href":"https:\/\/blog.ilgiornale.it\/ferrara\/wp-json\/wp\/v2\/tags?post=500"}],"curies":[{"name":"wp","href":"https:\/\/api.w.org\/{rel}","templated":true}]}}