{"id":515,"date":"2019-05-08T15:32:54","date_gmt":"2019-05-08T15:32:54","guid":{"rendered":"https:\/\/blog.ilgiornale.it\/ferrara\/?p=515"},"modified":"2019-05-08T15:46:58","modified_gmt":"2019-05-08T15:46:58","slug":"il-minculpop-rosso","status":"publish","type":"post","link":"https:\/\/blog.ilgiornale.it\/ferrara\/2019\/05\/08\/il-minculpop-rosso\/","title":{"rendered":"Il Minculpop rosso"},"content":{"rendered":"<p>Paola Caridi, Ilide Carmignani, Mattia Carratello, Giuseppe Culicchia, Fabio Geda, Giorgio Gianotto, Alessandro Grazioli, Loredana Lipperini, Giordano Meacci, Eros Miari, Francesco Pacifico, Valeria Parrella, Rebecca Servadio, Lucia Sorbera, Annamaria Testa, Christian Raimo.<\/p>\n<p>Questi sono i consulenti culturali facenti parte del comitato editoriale del Salone del libro. Senza rischiare di cadere nell&#8217;approssimazione, non \u00e8 un errore collocarli pi\u00f9 o meno tutti in quell&#8217;area politica di sinistra che va dal globalismo al comunismo.<\/p>\n<p>Scorrendo la lista, c&#8217;\u00e8 Ilide Carmignani che scriveva per il Manifesto, c&#8217;\u00e8 Alessandro Grazioli che ritwitta messaggi antisalviniani come questo: &#8220;&#8230;il Paese in cui vivo, dove #Salvini impone politiche che varcano le soglie del fascismo&#8221;, c&#8217;\u00e8 Giordano Meacci che nel 2011 considerava &#8220;la Lega un partito neonazista col quale non si deve scendere a patti e che non deve essere legittimata&#8221;, c&#8217;\u00e8 Valeria Parella che in una intervista a Micromega del febbraio 2014 si definiva &#8220;comunista&#8221; e lanciava la sua candidatura con la lista L&#8217;Altra Europa con Tsipras, c&#8217;\u00e8 Rebecca Servadio, che condivide l&#8217;idea di ballare e cantare Bella ciao davanti allo stand di Altaforte &#8220;perch\u00e9 capiscano che spazi di cultura non fanno per loro&#8221;.<\/p>\n<p><a href=\"https:\/\/blog.ilgiornale.it\/ferrara\/files\/2019\/05\/salvone.jpg\"><img loading=\"lazy\" src=\"https:\/\/blog.ilgiornale.it\/ferrara\/files\/2019\/05\/salvone-300x165.jpg\" alt=\"salone\" width=\"300\" height=\"165\" class=\"alignleft size-medium wp-image-513\" srcset=\"https:\/\/blog.ilgiornale.it\/ferrara\/files\/2019\/05\/salvone-300x165.jpg 300w, https:\/\/blog.ilgiornale.it\/ferrara\/files\/2019\/05\/salvone.jpg 620w\" sizes=\"(max-width: 300px) 100vw, 300px\" \/><\/a><\/p>\n<p>Quattro di loro, su sedici, compaiono nell&#8217;elenco di quelli che hanno fatto l&#8217;appello per la liberazione di Cesare Battisti. Si tratta di Mattia Carratello, Giorgio Gianotto, Loredana Lipperini e Christian Raimo. Quest&#8217;ultimo, sostenitore dell&#8217;amnistia per l&#8217;ex terrorista dei Pac, si \u00e8 dimesso dal comitato editoriale dopo aver pubblicato su Fb la lista di proscrizione dei giornalisti e scrittori di destra che \u201ccon i loro libri sostengono un razzismo esplicito\u201d.<\/p>\n<p>E poi ci si stupisce se il comitato editoriale sia insorto contro la casa editrice Altaforte che ha pubblicato un libro su Salvini?<\/p>\n","protected":false},"excerpt":{"rendered":"<p><p>Paola Caridi, Ilide Carmignani, Mattia Carratello, Giuseppe Culicchia, Fabio Geda, Giorgio Gianotto, Alessandro Grazioli, Loredana Lipperini, Giordano Meacci, Eros Miari, Francesco Pacifico, Valeria Parrella, Rebecca Servadio, Lucia Sorbera, Annamaria Testa, Christian Raimo. Questi sono i consulenti culturali facenti parte del comitato editoriale del Salone del libro. Senza rischiare di cadere nell&#8217;approssimazione, non \u00e8 un errore collocarli pi\u00f9 o meno tutti in quell&#8217;area politica di sinistra che va dal globalismo al comunismo. Scorrendo la lista, c&#8217;\u00e8 Ilide Carmignani che scriveva per il Manifesto, c&#8217;\u00e8 Alessandro Grazioli che ritwitta messaggi antisalviniani come questo: &#8220;&#8230;il Paese in cui vivo, dove #Salvini impone politiche [&hellip;]<\/p>\n&nbsp;&nbsp;<div class=\"readmore\"><a href=\"https:\/\/blog.ilgiornale.it\/ferrara\/2019\/05\/08\/il-minculpop-rosso\/\">Continua a leggere...<\/a><\/div><\/p>","protected":false},"author":1030,"featured_media":0,"comment_status":"open","ping_status":"closed","sticky":false,"template":"","format":"standard","meta":[],"categories":[247],"tags":[262828,67663,17143,4632],"_links":{"self":[{"href":"https:\/\/blog.ilgiornale.it\/ferrara\/wp-json\/wp\/v2\/posts\/515"}],"collection":[{"href":"https:\/\/blog.ilgiornale.it\/ferrara\/wp-json\/wp\/v2\/posts"}],"about":[{"href":"https:\/\/blog.ilgiornale.it\/ferrara\/wp-json\/wp\/v2\/types\/post"}],"author":[{"embeddable":true,"href":"https:\/\/blog.ilgiornale.it\/ferrara\/wp-json\/wp\/v2\/users\/1030"}],"replies":[{"embeddable":true,"href":"https:\/\/blog.ilgiornale.it\/ferrara\/wp-json\/wp\/v2\/comments?post=515"}],"version-history":[{"count":12,"href":"https:\/\/blog.ilgiornale.it\/ferrara\/wp-json\/wp\/v2\/posts\/515\/revisions"}],"predecessor-version":[{"id":528,"href":"https:\/\/blog.ilgiornale.it\/ferrara\/wp-json\/wp\/v2\/posts\/515\/revisions\/528"}],"wp:attachment":[{"href":"https:\/\/blog.ilgiornale.it\/ferrara\/wp-json\/wp\/v2\/media?parent=515"}],"wp:term":[{"taxonomy":"category","embeddable":true,"href":"https:\/\/blog.ilgiornale.it\/ferrara\/wp-json\/wp\/v2\/categories?post=515"},{"taxonomy":"post_tag","embeddable":true,"href":"https:\/\/blog.ilgiornale.it\/ferrara\/wp-json\/wp\/v2\/tags?post=515"}],"curies":[{"name":"wp","href":"https:\/\/api.w.org\/{rel}","templated":true}]}}