{"id":534,"date":"2019-05-24T15:47:32","date_gmt":"2019-05-24T15:47:32","guid":{"rendered":"https:\/\/blog.ilgiornale.it\/ferrara\/?p=534"},"modified":"2019-05-24T15:47:32","modified_gmt":"2019-05-24T15:47:32","slug":"lo-sciacallaggio-di-orlando","status":"publish","type":"post","link":"https:\/\/blog.ilgiornale.it\/ferrara\/2019\/05\/24\/lo-sciacallaggio-di-orlando\/","title":{"rendered":"Lo sciacallaggio di Orlando"},"content":{"rendered":"<p>Sicuramente non \u00e8 stato voluto, ma<strong> Matteo Salvini<\/strong> ha fatto un regalo a <strong>Giovanni Falcone<\/strong> e alla famiglia del giudice assassinato dalla mafia. Gli ha regalato la &#8220;diserzione&#8221; di <strong>Leoluca Orlando<\/strong> dalla commemorazione della strage di Capaci. E non \u00e8 poco. Perch\u00e9 ogni anno Orlando era l\u00ec a presenziare davanti alla lapide di quel magistrato che ha osteggiato quando era in vita. Non sto qui a ricordare le accuse esternate a Samarcanda, <a href=\"https:\/\/www.ilgiornale.it\/news\/interni\/cultura-sospetto-incoerente-ritorno-ritratto-leoluca.html\">se n&#8217;\u00e8 scritto fin troppo<\/a>.<\/p>\n<p><a href=\"https:\/\/blog.ilgiornale.it\/ferrara\/files\/2019\/05\/FOTOGRAMMA_20190517192232_29359529.jpg\"><img loading=\"lazy\" class=\"alignleft size-medium wp-image-535\" src=\"https:\/\/blog.ilgiornale.it\/ferrara\/files\/2019\/05\/FOTOGRAMMA_20190517192232_29359529-300x200.jpg\" alt=\"FOTOGRAMMA_20190517192232_29359529\" width=\"300\" height=\"200\" srcset=\"https:\/\/blog.ilgiornale.it\/ferrara\/files\/2019\/05\/FOTOGRAMMA_20190517192232_29359529-300x200.jpg 300w, https:\/\/blog.ilgiornale.it\/ferrara\/files\/2019\/05\/FOTOGRAMMA_20190517192232_29359529-1024x683.jpg 1024w, https:\/\/blog.ilgiornale.it\/ferrara\/files\/2019\/05\/FOTOGRAMMA_20190517192232_29359529.jpg 1500w\" sizes=\"(max-width: 300px) 100vw, 300px\" \/><\/a>Ricordo invece le frasi che il giudice Falcone gli riserv\u00f2 per delineare il soggetto: \u201cLa cultura del sospetto \u00e8 l&#8217;anticamera del khomeinismo, Orlando fa politica attraverso il sistema giudiziario. Sar\u00e0 costretto a spararle sempre pi\u00f9 grosse. Per ottenere ci\u00f2 che vogliono, lui e i suoi amici sono disposti a passare sui cadaveri dei loro genitori. Questo \u00e8 cinismo politico. Mi fa paura\u201d.<\/p>\n<p>Quest&#8217;anno Orlando abbandona la commemorazione in segno di protesta contro il ministro dell&#8217;Interno\u00a0che sarebbe venuto a lucrarci sopra qualche voto. Si chieda piuttosto cosa ha fatto lui ogni 23 maggio da 27 anni a questa parte.<\/p>\n<p>&nbsp;<\/p>\n","protected":false},"excerpt":{"rendered":"<p><p>Sicuramente non \u00e8 stato voluto, ma Matteo Salvini ha fatto un regalo a Giovanni Falcone e alla famiglia del giudice assassinato dalla mafia. Gli ha regalato la &#8220;diserzione&#8221; di Leoluca Orlando dalla commemorazione della strage di Capaci. E non \u00e8 poco. Perch\u00e9 ogni anno Orlando era l\u00ec a presenziare davanti alla lapide di quel magistrato che ha osteggiato quando era in vita. Non sto qui a ricordare le accuse esternate a Samarcanda, se n&#8217;\u00e8 scritto fin troppo. Ricordo invece le frasi che il giudice Falcone gli riserv\u00f2 per delineare il soggetto: \u201cLa cultura del sospetto \u00e8 l&#8217;anticamera del khomeinismo, Orlando [&hellip;]<\/p>\n&nbsp;&nbsp;<div class=\"readmore\"><a href=\"https:\/\/blog.ilgiornale.it\/ferrara\/2019\/05\/24\/lo-sciacallaggio-di-orlando\/\">Continua a leggere...<\/a><\/div><\/p>","protected":false},"author":1030,"featured_media":0,"comment_status":"open","ping_status":"closed","sticky":false,"template":"","format":"standard","meta":[],"categories":[44993],"tags":[51323,9167,17143],"_links":{"self":[{"href":"https:\/\/blog.ilgiornale.it\/ferrara\/wp-json\/wp\/v2\/posts\/534"}],"collection":[{"href":"https:\/\/blog.ilgiornale.it\/ferrara\/wp-json\/wp\/v2\/posts"}],"about":[{"href":"https:\/\/blog.ilgiornale.it\/ferrara\/wp-json\/wp\/v2\/types\/post"}],"author":[{"embeddable":true,"href":"https:\/\/blog.ilgiornale.it\/ferrara\/wp-json\/wp\/v2\/users\/1030"}],"replies":[{"embeddable":true,"href":"https:\/\/blog.ilgiornale.it\/ferrara\/wp-json\/wp\/v2\/comments?post=534"}],"version-history":[{"count":1,"href":"https:\/\/blog.ilgiornale.it\/ferrara\/wp-json\/wp\/v2\/posts\/534\/revisions"}],"predecessor-version":[{"id":536,"href":"https:\/\/blog.ilgiornale.it\/ferrara\/wp-json\/wp\/v2\/posts\/534\/revisions\/536"}],"wp:attachment":[{"href":"https:\/\/blog.ilgiornale.it\/ferrara\/wp-json\/wp\/v2\/media?parent=534"}],"wp:term":[{"taxonomy":"category","embeddable":true,"href":"https:\/\/blog.ilgiornale.it\/ferrara\/wp-json\/wp\/v2\/categories?post=534"},{"taxonomy":"post_tag","embeddable":true,"href":"https:\/\/blog.ilgiornale.it\/ferrara\/wp-json\/wp\/v2\/tags?post=534"}],"curies":[{"name":"wp","href":"https:\/\/api.w.org\/{rel}","templated":true}]}}