{"id":55,"date":"2014-02-16T14:54:12","date_gmt":"2014-02-16T14:54:12","guid":{"rendered":"https:\/\/blog.ilgiornale.it\/ferrara\/?p=55"},"modified":"2014-02-16T20:21:10","modified_gmt":"2014-02-16T20:21:10","slug":"due-anni-per-avere-unautorizzazione","status":"publish","type":"post","link":"https:\/\/blog.ilgiornale.it\/ferrara\/2014\/02\/16\/due-anni-per-avere-unautorizzazione\/","title":{"rendered":"Malaburocrazia, due anni per un documento"},"content":{"rendered":"<p>\u201cMaledetto il giorno che ho deciso di aprire un&#8217;attivit\u00e0\u201d. Giuseppe C., 52 anni, non lavora da maggio 2012. Da allora ha accumulato cos\u00ec tanta rabbia e cos\u00ec tanta frustrazione che \u00e8 impossibile non percepirle, quasi vengono fuori dalla cornetta del telefono. Lui ci ha provato, ma si \u00e8 scontrato con la <strong>burocrazia<\/strong> e l&#8217;inefficienza delle amministrazioni comunali e degli uffici competenti.<\/p>\n<p>Siamo a <strong>Palermo<\/strong>. Nel dicembre 2009 Giuseppe firma il contratto di affitto e rileva un locale. Vorrebbe dar vita a una piccola <strong>discoteca<\/strong> con agibilit\u00e0 per 150 persone e inizia a portare avanti la pratica per avere il <strong>certificato di agibilit\u00e0 provvisoria<\/strong> da parte degli organi predisposti. Sar\u00e0 un calvario.\u00a0<a href=\"https:\/\/blog.ilgiornale.it\/ferrara\/files\/2014\/02\/burocrazia.jpg\"><img loading=\"lazy\" class=\"alignleft size-medium wp-image-62\" src=\"https:\/\/blog.ilgiornale.it\/ferrara\/files\/2014\/02\/burocrazia-300x99.jpg\" alt=\"\" width=\"300\" height=\"99\" srcset=\"https:\/\/blog.ilgiornale.it\/ferrara\/files\/2014\/02\/burocrazia-300x99.jpg 300w, https:\/\/blog.ilgiornale.it\/ferrara\/files\/2014\/02\/burocrazia.jpg 665w\" sizes=\"(max-width: 300px) 100vw, 300px\" \/><\/a><\/p>\n<p>Per prima cosa succede che dal gennaio 2010 la commissione provinciale non ha pi\u00f9 competenze e tutto passa nella mani del Comune. \u201cIl responsabile della mia pratica dice che il <strong>locale<\/strong> non \u00e8 commerciale e deve avere un cambio di destinazione d&#8217;uso\u201d, mi spiega Giuseppe. Ed \u00e8 qui che arriva il \u201cbello\u201d. Perch\u00e9 il settore dell&#8217;edilizia privata del Comune di Palermo impiega 18 mesi per fare un cambio di destinazione d&#8217;uso su carta. \u201cNon ha chiesto lavori n\u00e9 messa in sicurezza, il progetto \u00e8 marcito per tutto questo tempo negli uffici comunali. Anzi, se non mi fossi recato in Comune con i miei ingegneri dopo tre mesi, la pratica sarebbe rimasta chiusa a chiave nell&#8217;archivio in cui era stata relegata\u201d, tuona l&#8217;imprenditore. Che continua: \u201cCome se non bastasse, una volta concessa l&#8217;agibilit\u00e0, la Prefettura si \u00e8 presa altri sei mesi per effettuare il sopralluogo nel locale. Tutto questo perch\u00e9 non ha riconosciuto la validit\u00e0 della legge che prevede che per i locali con capienza inferiore a 200 persone il sopralluogo venga sostituito da una relazione tecnica di un professionista e lo stesso vale per il parere sul progetto, sostituibile da una relazione tecnica\u201d<strong>.<\/strong><\/p>\n<p>Ricapitolando: 24 mesi di attesa per poter finalmente aprire il locale.<\/p>\n<p>Ma cosa \u00e8 successo in questo lasso di tempo?<\/p>\n<p>&#8211; \u00c8 successo che Giuseppe ha pagato 2.200 euro al mese di affitto per il locale. Totale <strong>59.400<\/strong> compresi tre mesi di caparra.<\/p>\n<p>&#8211; Altri <strong>27mila euro<\/strong> pagati per il cambio di destinazione d&#8217;uso<\/p>\n<p>&#8211; Altri soldi spesi per bolli, raccomandate, certificati, macchinari, arredi, ingegneri<\/p>\n<p>Alla fine, il<strong> <\/strong>15 dicembre 2011 (esattamente due anni dopo), Giuseppe pu\u00f2 aprire il locale. Ma dura solo 4 mesi perch\u00e9 \u00e8 costretto a chiudere per <strong>sovraindebitamento<\/strong>. \u201cFino a quando non ci sar\u00e0 una legge che stabilir\u00e0 che le pratiche devono essere espletate entro e non oltre una determinata data, qui non ci sar\u00e0 speranza\u201d.<\/p>\n<p>C&#8217;\u00e8 da indignarsi o no?<\/p>\n","protected":false},"excerpt":{"rendered":"<p><p>\u201cMaledetto il giorno che ho deciso di aprire un&#8217;attivit\u00e0\u201d. Giuseppe C., 52 anni, non lavora da maggio 2012. Da allora ha accumulato cos\u00ec tanta rabbia e cos\u00ec tanta frustrazione che \u00e8 impossibile non percepirle, quasi vengono fuori dalla cornetta del telefono. Lui ci ha provato, ma si \u00e8 scontrato con la burocrazia e l&#8217;inefficienza delle amministrazioni comunali e degli uffici competenti. Siamo a Palermo. Nel dicembre 2009 Giuseppe firma il contratto di affitto e rileva un locale. Vorrebbe dar vita a una piccola discoteca con agibilit\u00e0 per 150 persone e inizia a portare avanti la pratica per avere il certificato [&hellip;]<\/p>\n&nbsp;&nbsp;<div class=\"readmore\"><a href=\"https:\/\/blog.ilgiornale.it\/ferrara\/2014\/02\/16\/due-anni-per-avere-unautorizzazione\/\">Continua a leggere...<\/a><\/div><\/p>","protected":false},"author":1030,"featured_media":0,"comment_status":"open","ping_status":"closed","sticky":false,"template":"","format":"standard","meta":[],"categories":[44980],"tags":[44987,27450,18784,27099,44985,8192,44984],"_links":{"self":[{"href":"https:\/\/blog.ilgiornale.it\/ferrara\/wp-json\/wp\/v2\/posts\/55"}],"collection":[{"href":"https:\/\/blog.ilgiornale.it\/ferrara\/wp-json\/wp\/v2\/posts"}],"about":[{"href":"https:\/\/blog.ilgiornale.it\/ferrara\/wp-json\/wp\/v2\/types\/post"}],"author":[{"embeddable":true,"href":"https:\/\/blog.ilgiornale.it\/ferrara\/wp-json\/wp\/v2\/users\/1030"}],"replies":[{"embeddable":true,"href":"https:\/\/blog.ilgiornale.it\/ferrara\/wp-json\/wp\/v2\/comments?post=55"}],"version-history":[{"count":9,"href":"https:\/\/blog.ilgiornale.it\/ferrara\/wp-json\/wp\/v2\/posts\/55\/revisions"}],"predecessor-version":[{"id":61,"href":"https:\/\/blog.ilgiornale.it\/ferrara\/wp-json\/wp\/v2\/posts\/55\/revisions\/61"}],"wp:attachment":[{"href":"https:\/\/blog.ilgiornale.it\/ferrara\/wp-json\/wp\/v2\/media?parent=55"}],"wp:term":[{"taxonomy":"category","embeddable":true,"href":"https:\/\/blog.ilgiornale.it\/ferrara\/wp-json\/wp\/v2\/categories?post=55"},{"taxonomy":"post_tag","embeddable":true,"href":"https:\/\/blog.ilgiornale.it\/ferrara\/wp-json\/wp\/v2\/tags?post=55"}],"curies":[{"name":"wp","href":"https:\/\/api.w.org\/{rel}","templated":true}]}}