{"id":568,"date":"2019-10-02T14:08:04","date_gmt":"2019-10-02T14:08:04","guid":{"rendered":"https:\/\/blog.ilgiornale.it\/ferrara\/?p=568"},"modified":"2019-10-02T14:08:05","modified_gmt":"2019-10-02T14:08:05","slug":"salvini-bullizzato-per-la-pancia","status":"publish","type":"post","link":"https:\/\/blog.ilgiornale.it\/ferrara\/2019\/10\/02\/salvini-bullizzato-per-la-pancia\/","title":{"rendered":"Salvini bullizzato per la pancia"},"content":{"rendered":"<p>Non c&#8217;\u00e8 pi\u00f9 il sessismo di una volta. E anche <strong>Lilli Gruber<\/strong> non \u00e8 pi\u00f9 la stessa. Lei, regina di eleganza, osannata per il suo stile, per la raffinatezza con la quale intervista i suoi interlocutori, alla fine \u00e8 caduta sulla pancia. Per di pi\u00f9 quella di <strong>Matteo Salvini<\/strong>. Sar\u00e0 stata la stanchezza o forse l&#8217;impotenza dinnanzi alle ribattute del leghista, fatto sta che ai titoli di coda la conduttrice di Otto e mezzo ha deciso di puntare sul fisico dello &#8220;sporco, brutto e cattivo, fascista&#8221;.<\/p>\n<p>&#8220;\u00c8 contento di non girare pi\u00f9 per le spiagge italiane da ministro dell\u2019Interno in mutande con la pancia di fuori come ha fatto quest\u2019estate? (&#8230;) Un ministro dell\u2019Interno con lo slippino non l\u2019avevamo ancora visto&#8221;, <a href=\"https:\/\/www.ilgiornale.it\/news\/politica\/ministro-mutande-lei-mare-va-smoking-scontro-gruber-salvini-1761819.html\">domanda la rossa giornalista<\/a>. &#8220;E io ho questo difetto. E quando torner\u00f2 a fare in ministro dell\u2019Interno torner\u00f2 in spiaggia in costume da bagno&#8221;, ribatte l&#8217;ex vicepremier. &#8220;S\u00ec ma magari senza la pancia&#8221;, rilancia la Gruber.<\/p>\n<p><a href=\"https:\/\/blog.ilgiornale.it\/ferrara\/files\/2019\/10\/salvini-e-gruber.jpg\"><img loading=\"lazy\" class=\"alignleft size-medium wp-image-569\" src=\"https:\/\/blog.ilgiornale.it\/ferrara\/files\/2019\/10\/salvini-e-gruber-300x145.jpg\" alt=\"salvini e gruber\" width=\"300\" height=\"145\" srcset=\"https:\/\/blog.ilgiornale.it\/ferrara\/files\/2019\/10\/salvini-e-gruber-300x145.jpg 300w, https:\/\/blog.ilgiornale.it\/ferrara\/files\/2019\/10\/salvini-e-gruber.jpg 819w\" sizes=\"(max-width: 300px) 100vw, 300px\" \/><\/a><\/p>\n<p>Ma come? Se qualcuno osa criticare la mise della Boldrini, il costume della Boschi, il vestito blu elettrico della Bellanova viene investito da un vagone di critiche, se invece a farlo \u00e8 una donna nei confronti di un politico tutti tacciono. Nessuno grida alla gogna. Nessuno osa puntare il dito contro la conduttrice. Per\u00f2, a mio avviso, questa volta la Gruber dovrebbe chiedere scusa, non tanto a Salvini, bens\u00ec a quelle donne che lottano da anni contro il sessismo, che cercano di conquistare giorno per giorno il rispetto che meritano e di cui hanno diritto. Perch\u00e9 o il sessismo vale in qualunque caso (senza differenze di genere o di status sociale) oppure non vale in nessun caso. \u00c8 semplicemente una questione di coerenza.<\/p>\n","protected":false},"excerpt":{"rendered":"<p><p>Non c&#8217;\u00e8 pi\u00f9 il sessismo di una volta. E anche Lilli Gruber non \u00e8 pi\u00f9 la stessa. Lei, regina di eleganza, osannata per il suo stile, per la raffinatezza con la quale intervista i suoi interlocutori, alla fine \u00e8 caduta sulla pancia. Per di pi\u00f9 quella di Matteo Salvini. Sar\u00e0 stata la stanchezza o forse l&#8217;impotenza dinnanzi alle ribattute del leghista, fatto sta che ai titoli di coda la conduttrice di Otto e mezzo ha deciso di puntare sul fisico dello &#8220;sporco, brutto e cattivo, fascista&#8221;. &#8220;\u00c8 contento di non girare pi\u00f9 per le spiagge italiane da ministro dell\u2019Interno in [&hellip;]<\/p>\n&nbsp;&nbsp;<div class=\"readmore\"><a href=\"https:\/\/blog.ilgiornale.it\/ferrara\/2019\/10\/02\/salvini-bullizzato-per-la-pancia\/\">Continua a leggere...<\/a><\/div><\/p>","protected":false},"author":1030,"featured_media":0,"comment_status":"open","ping_status":"closed","sticky":false,"template":"","format":"standard","meta":[],"categories":[247],"tags":[31019,17143],"_links":{"self":[{"href":"https:\/\/blog.ilgiornale.it\/ferrara\/wp-json\/wp\/v2\/posts\/568"}],"collection":[{"href":"https:\/\/blog.ilgiornale.it\/ferrara\/wp-json\/wp\/v2\/posts"}],"about":[{"href":"https:\/\/blog.ilgiornale.it\/ferrara\/wp-json\/wp\/v2\/types\/post"}],"author":[{"embeddable":true,"href":"https:\/\/blog.ilgiornale.it\/ferrara\/wp-json\/wp\/v2\/users\/1030"}],"replies":[{"embeddable":true,"href":"https:\/\/blog.ilgiornale.it\/ferrara\/wp-json\/wp\/v2\/comments?post=568"}],"version-history":[{"count":3,"href":"https:\/\/blog.ilgiornale.it\/ferrara\/wp-json\/wp\/v2\/posts\/568\/revisions"}],"predecessor-version":[{"id":572,"href":"https:\/\/blog.ilgiornale.it\/ferrara\/wp-json\/wp\/v2\/posts\/568\/revisions\/572"}],"wp:attachment":[{"href":"https:\/\/blog.ilgiornale.it\/ferrara\/wp-json\/wp\/v2\/media?parent=568"}],"wp:term":[{"taxonomy":"category","embeddable":true,"href":"https:\/\/blog.ilgiornale.it\/ferrara\/wp-json\/wp\/v2\/categories?post=568"},{"taxonomy":"post_tag","embeddable":true,"href":"https:\/\/blog.ilgiornale.it\/ferrara\/wp-json\/wp\/v2\/tags?post=568"}],"curies":[{"name":"wp","href":"https:\/\/api.w.org\/{rel}","templated":true}]}}