{"id":585,"date":"2019-11-04T17:29:55","date_gmt":"2019-11-04T17:29:55","guid":{"rendered":"https:\/\/blog.ilgiornale.it\/ferrara\/?p=585"},"modified":"2019-11-04T17:29:55","modified_gmt":"2019-11-04T17:29:55","slug":"le-favole-di-conte-e-di-maio","status":"publish","type":"post","link":"https:\/\/blog.ilgiornale.it\/ferrara\/2019\/11\/04\/le-favole-di-conte-e-di-maio\/","title":{"rendered":"Le favole di Conte e Di Maio"},"content":{"rendered":"<p>C&#8217;era una volta un viceministro che andava in giro vestendo i panni di Robin Hood e assicurando che &#8220;se prima non abbassano i costi delle commissioni delle carte di credito e dei dispositivi per il pagamento, non ci saranno le sanzioni sull&#8217;obbligo del Pos&#8221;. Con le frecce nel suo arco, il Robin Hood pentastellato scoccava i suoi dardi: &#8220;Il M5S non molla mai! Avevamo detto che sarebbe stato ingiusto colpire migliaia di commercianti prima di non aver provveduto ad abbassare i costi delle commissioni bancarie e siamo riusciti a bloccare il provvedimento. Quindi prima si lavora sulle commissioni e poi si ragiona sul resto&#8221;. Era il 22 ottobre.<\/p>\n<p>C&#8217;era una volta un sottosegretario all&#8217;Interno che rilasciava interviste assicurando: &#8220;Noi vogliamo ridurre le tasse agli italiani. Per questo puntiamo a compensare le sanzioni per gli esercenti che non accettino pagamenti con i Pos con un drastico abbassamento delle commissioni bancarie&#8221;. Era il 21 ottobre.<\/p>\n<p><a href=\"https:\/\/blog.ilgiornale.it\/ferrara\/files\/2019\/08\/FOTOGRAMMA_20190820221636_30222952.jpg\"><img loading=\"lazy\" class=\"alignleft size-medium wp-image-553\" src=\"https:\/\/blog.ilgiornale.it\/ferrara\/files\/2019\/08\/FOTOGRAMMA_20190820221636_30222952-300x200.jpg\" alt=\"FOTOGRAMMA_20190820221636_30222952\" width=\"300\" height=\"200\" srcset=\"https:\/\/blog.ilgiornale.it\/ferrara\/files\/2019\/08\/FOTOGRAMMA_20190820221636_30222952-300x200.jpg 300w, https:\/\/blog.ilgiornale.it\/ferrara\/files\/2019\/08\/FOTOGRAMMA_20190820221636_30222952-1024x681.jpg 1024w, https:\/\/blog.ilgiornale.it\/ferrara\/files\/2019\/08\/FOTOGRAMMA_20190820221636_30222952.jpg 1500w\" sizes=\"(max-width: 300px) 100vw, 300px\" \/><\/a> <a href=\"https:\/\/blog.ilgiornale.it\/ferrara\/files\/2019\/11\/dimaio_conte.jpg\"><img loading=\"lazy\" class=\"alignleft size-medium wp-image-586\" src=\"https:\/\/blog.ilgiornale.it\/ferrara\/files\/2019\/11\/dimaio_conte-300x200.jpg\" alt=\"dimaio_conte\" width=\"300\" height=\"200\" srcset=\"https:\/\/blog.ilgiornale.it\/ferrara\/files\/2019\/11\/dimaio_conte-300x200.jpg 300w, https:\/\/blog.ilgiornale.it\/ferrara\/files\/2019\/11\/dimaio_conte-1024x682.jpg 1024w\" sizes=\"(max-width: 300px) 100vw, 300px\" \/><\/a>C&#8217;era una volta un presidente del Consiglio che annunciava tronfio: &#8220;Ho avuto garanzie che arriveremo anche all&#8217;azzeramento o al contenimento delle commissioni bancarie. Voglio che le carte siano a disposizione, a zero costi, per tutti, anche per i commercianti che ora pagano commissioni che sono pi\u00f9 elevate del dovuto&#8221;. Era il 19 ottobre.<\/p>\n<p>Ecco. Forse <strong>Di Maio<\/strong>, Sibilia e <strong>Conte<\/strong> vivono ancora nel mondo delle favole. Ma la realt\u00e0 \u00e8 ben diversa da quella da loro raccontata. La realt\u00e0 si \u00e8 vista, ancora una volta, oggi in\u00a0commissione Finanze della Camera dei Deputati. I &#8220;lupi cattivi&#8221;, rappresentati dai vari rappresentanti del mondo delle banche, hanno ribadito che non ci sono margini per tagliare le commissioni. I responsabili italiani dei circuiti dei pagamenti Bancomat, Visa, Mastercard e American Express hanno riportato Di Maio, Sibilia e Conte sulla terraferma.<\/p>\n<p>Ma davvero si poteva pensare che i colossi degli istituti di credito potessero chinare il capo come se nulla fosse?<\/p>\n<p>E ora che il taglio delle commissioni sembra fuori discussione, cosa succeder\u00e0 con le future sanzioni per chi non user\u00e0 il Pos? Di Maio cosa racconter\u00e0 ai propri elettori e ai commercianti?<\/p>\n<p>E Conte, che aveva ricevuto garanzie sull&#8217;azzeramento delle commissioni, cosa avr\u00e0 da dire?<\/p>\n<p>Alla fine sicuramente racconteranno altre favole.<\/p>\n","protected":false},"excerpt":{"rendered":"<p><p>C&#8217;era una volta un viceministro che andava in giro vestendo i panni di Robin Hood e assicurando che &#8220;se prima non abbassano i costi delle commissioni delle carte di credito e dei dispositivi per il pagamento, non ci saranno le sanzioni sull&#8217;obbligo del Pos&#8221;. Con le frecce nel suo arco, il Robin Hood pentastellato scoccava i suoi dardi: &#8220;Il M5S non molla mai! Avevamo detto che sarebbe stato ingiusto colpire migliaia di commercianti prima di non aver provveduto ad abbassare i costi delle commissioni bancarie e siamo riusciti a bloccare il provvedimento. Quindi prima si lavora sulle commissioni e poi [&hellip;]<\/p>\n&nbsp;&nbsp;<div class=\"readmore\"><a href=\"https:\/\/blog.ilgiornale.it\/ferrara\/2019\/11\/04\/le-favole-di-conte-e-di-maio\/\">Continua a leggere...<\/a><\/div><\/p>","protected":false},"author":1030,"featured_media":0,"comment_status":"open","ping_status":"closed","sticky":false,"template":"","format":"standard","meta":[],"categories":[45021],"tags":[57,317126,256460],"_links":{"self":[{"href":"https:\/\/blog.ilgiornale.it\/ferrara\/wp-json\/wp\/v2\/posts\/585"}],"collection":[{"href":"https:\/\/blog.ilgiornale.it\/ferrara\/wp-json\/wp\/v2\/posts"}],"about":[{"href":"https:\/\/blog.ilgiornale.it\/ferrara\/wp-json\/wp\/v2\/types\/post"}],"author":[{"embeddable":true,"href":"https:\/\/blog.ilgiornale.it\/ferrara\/wp-json\/wp\/v2\/users\/1030"}],"replies":[{"embeddable":true,"href":"https:\/\/blog.ilgiornale.it\/ferrara\/wp-json\/wp\/v2\/comments?post=585"}],"version-history":[{"count":1,"href":"https:\/\/blog.ilgiornale.it\/ferrara\/wp-json\/wp\/v2\/posts\/585\/revisions"}],"predecessor-version":[{"id":587,"href":"https:\/\/blog.ilgiornale.it\/ferrara\/wp-json\/wp\/v2\/posts\/585\/revisions\/587"}],"wp:attachment":[{"href":"https:\/\/blog.ilgiornale.it\/ferrara\/wp-json\/wp\/v2\/media?parent=585"}],"wp:term":[{"taxonomy":"category","embeddable":true,"href":"https:\/\/blog.ilgiornale.it\/ferrara\/wp-json\/wp\/v2\/categories?post=585"},{"taxonomy":"post_tag","embeddable":true,"href":"https:\/\/blog.ilgiornale.it\/ferrara\/wp-json\/wp\/v2\/tags?post=585"}],"curies":[{"name":"wp","href":"https:\/\/api.w.org\/{rel}","templated":true}]}}