{"id":588,"date":"2019-11-09T16:20:06","date_gmt":"2019-11-09T16:20:06","guid":{"rendered":"https:\/\/blog.ilgiornale.it\/ferrara\/?p=588"},"modified":"2019-11-09T16:20:06","modified_gmt":"2019-11-09T16:20:06","slug":"la-memoria-corta-di-franceschini","status":"publish","type":"post","link":"https:\/\/blog.ilgiornale.it\/ferrara\/2019\/11\/09\/la-memoria-corta-di-franceschini\/","title":{"rendered":"La memoria corta di Franceschini"},"content":{"rendered":"<p>&#8220;Lo dobbiamo a Liliana Segre, a lei personalmente e a quello che rappresenta. Il Mibact ha finanziato oggi con 25 milioni di euro il completamento del Meis, il Museo Nazionale dell&#8217;Ebraismo Italiano e della Shoah, voluto dal Parlamento con una legge del 2003. Durante lo scorso governo era saltato il finanziamento necessario per il completamento del Museo. Ma un&#8217;idea cos\u00ec importante non si pu\u00f2 lasciare a met\u00e0 ecco perch\u00e9 attraverso una rimodulazione dei Fondi per lo Sviluppo e la Coesione del Ministero\u00a0abbiamo recuperato il finanziamento che era stato cancellato&#8221;.<\/p>\n<p><strong><a href=\"https:\/\/blog.ilgiornale.it\/ferrara\/files\/2019\/11\/franceschini.jpg\"><img loading=\"lazy\" class=\"alignleft size-full wp-image-589\" src=\"https:\/\/blog.ilgiornale.it\/ferrara\/files\/2019\/11\/franceschini.jpg\" alt=\"franceschini\" width=\"285\" height=\"177\" \/><\/a>Dario Franceschini\u00a0<\/strong>ha rivendicato cos\u00ec l&#8217;azione del suo ministero.\u00a0Un&#8217;azione che permetter\u00e0 la realizzazione di\u00a0altre quattro strutture in vetro e alluminio previste nel giardino per completare il richiamo ai cinque libri del Pentateuco.\u00a0Tutto molto bello, per carit\u00e0. Viva la cultura. Viva il rispetto per ogni religione. Viva la sete di conoscenza.\u00a0Ma ci sono due interrogativi che mi ronzano in testa.<\/p>\n<p>1) Franceschini\u00a0guida il ministero dal 5 settembre 2019. Come mai ha annunciato lo\u00a0sblocco dei fondi soltanto oggi?<\/p>\n<p>2) Visto che ha dato la colpa di aver bloccato i finanziamenti al precedente governo, come mai fino a oggi non si era mai registrata alcuna\u00a0sua dichiarazione pubblica, intervista, tweet o post\u00a0sullo scandalo o contro l&#8217;esecutivo precedente?<\/p>\n<p>Non sar\u00e0 che\u00a0il ministro ha deciso di iscriversi in fretta e furia alla corsa a chi dimostra pi\u00f9\u00a0vicinanza a Liliana Segre e a chi si dimostra pi\u00f9 amico degli ebrei?<\/p>\n","protected":false},"excerpt":{"rendered":"<p><p>&#8220;Lo dobbiamo a Liliana Segre, a lei personalmente e a quello che rappresenta. Il Mibact ha finanziato oggi con 25 milioni di euro il completamento del Meis, il Museo Nazionale dell&#8217;Ebraismo Italiano e della Shoah, voluto dal Parlamento con una legge del 2003. Durante lo scorso governo era saltato il finanziamento necessario per il completamento del Museo. Ma un&#8217;idea cos\u00ec importante non si pu\u00f2 lasciare a met\u00e0 ecco perch\u00e9 attraverso una rimodulazione dei Fondi per lo Sviluppo e la Coesione del Ministero\u00a0abbiamo recuperato il finanziamento che era stato cancellato&#8221;. Dario Franceschini\u00a0ha rivendicato cos\u00ec l&#8217;azione del suo ministero.\u00a0Un&#8217;azione che permetter\u00e0 la [&hellip;]<\/p>\n&nbsp;&nbsp;<div class=\"readmore\"><a href=\"https:\/\/blog.ilgiornale.it\/ferrara\/2019\/11\/09\/la-memoria-corta-di-franceschini\/\">Continua a leggere...<\/a><\/div><\/p>","protected":false},"author":1030,"featured_media":0,"comment_status":"open","ping_status":"closed","sticky":false,"template":"","format":"standard","meta":[],"categories":[247],"tags":[44063,211674,3131,256838,28322],"_links":{"self":[{"href":"https:\/\/blog.ilgiornale.it\/ferrara\/wp-json\/wp\/v2\/posts\/588"}],"collection":[{"href":"https:\/\/blog.ilgiornale.it\/ferrara\/wp-json\/wp\/v2\/posts"}],"about":[{"href":"https:\/\/blog.ilgiornale.it\/ferrara\/wp-json\/wp\/v2\/types\/post"}],"author":[{"embeddable":true,"href":"https:\/\/blog.ilgiornale.it\/ferrara\/wp-json\/wp\/v2\/users\/1030"}],"replies":[{"embeddable":true,"href":"https:\/\/blog.ilgiornale.it\/ferrara\/wp-json\/wp\/v2\/comments?post=588"}],"version-history":[{"count":1,"href":"https:\/\/blog.ilgiornale.it\/ferrara\/wp-json\/wp\/v2\/posts\/588\/revisions"}],"predecessor-version":[{"id":590,"href":"https:\/\/blog.ilgiornale.it\/ferrara\/wp-json\/wp\/v2\/posts\/588\/revisions\/590"}],"wp:attachment":[{"href":"https:\/\/blog.ilgiornale.it\/ferrara\/wp-json\/wp\/v2\/media?parent=588"}],"wp:term":[{"taxonomy":"category","embeddable":true,"href":"https:\/\/blog.ilgiornale.it\/ferrara\/wp-json\/wp\/v2\/categories?post=588"},{"taxonomy":"post_tag","embeddable":true,"href":"https:\/\/blog.ilgiornale.it\/ferrara\/wp-json\/wp\/v2\/tags?post=588"}],"curies":[{"name":"wp","href":"https:\/\/api.w.org\/{rel}","templated":true}]}}