{"id":592,"date":"2019-11-16T14:05:19","date_gmt":"2019-11-16T14:05:19","guid":{"rendered":"https:\/\/blog.ilgiornale.it\/ferrara\/?p=592"},"modified":"2019-11-16T14:25:49","modified_gmt":"2019-11-16T14:25:49","slug":"sardine-indigeste","status":"publish","type":"post","link":"https:\/\/blog.ilgiornale.it\/ferrara\/2019\/11\/16\/sardine-indigeste\/","title":{"rendered":"Sardine indigeste"},"content":{"rendered":"<p>Colpo di fulmine. Si potrebbe definire &#8220;sindrome dell&#8217;innamoramento facile&#8221;. Quando c&#8217;\u00e8 una piazza che va contro qualcuno o contro qualcosa, alla sinistra batte subito il cuore. \u00c8 successo anche questa volta con le &#8220;sardine&#8221; di <strong>Bologna<\/strong>. Repubblica ha incensato il movimento, quasi come se qualche migliaio di persone che vanno contro <strong>Salvini<\/strong> possano assurgere a specchio dell&#8217;Italia, e il <strong>Pd<\/strong>\u00a0ha creduto che sia cambiato il vento in tutto il Paese. Per\u00f2 ancora \u00e8 prematuro fare previsioni. Eppure all&#8217;interno del Pd il sentore che serpeggia \u00e8 questo.<\/p>\n<p>&#8220;C&#8217;era passione nella piazza di Bologna. E ci ha dato coraggio, ma\u00a0anche responsabilit\u00e0. Con umilt\u00e0 dobbiamo metterci al servizio di quella gente&#8221;. Parola del segretario dem Nicola Zingaretti. &#8220;Ritorner\u00f2, in ginocchio da te&#8221;, parafrasando Morandi. Ma il problema vero \u00e8 che la sinistra, sempre pi\u00f9 spaccata in mille rivoli partitici (le mancava pure il movimento di Calenda), rischia di non digerirle quelle sardine.<\/p>\n<p>E i motivi sono diversi.<\/p>\n<p><a href=\"https:\/\/blog.ilgiornale.it\/ferrara\/files\/2019\/11\/FOTOGRAMMA_20191115111110_31111001.jpg\"><img loading=\"lazy\" class=\"alignleft size-medium wp-image-593\" src=\"https:\/\/blog.ilgiornale.it\/ferrara\/files\/2019\/11\/FOTOGRAMMA_20191115111110_31111001-300x200.jpg\" alt=\"FOTOGRAMMA_20191115111110_31111001\" width=\"300\" height=\"200\" srcset=\"https:\/\/blog.ilgiornale.it\/ferrara\/files\/2019\/11\/FOTOGRAMMA_20191115111110_31111001-300x200.jpg 300w, https:\/\/blog.ilgiornale.it\/ferrara\/files\/2019\/11\/FOTOGRAMMA_20191115111110_31111001-1024x683.jpg 1024w, https:\/\/blog.ilgiornale.it\/ferrara\/files\/2019\/11\/FOTOGRAMMA_20191115111110_31111001.jpg 1500w\" sizes=\"(max-width: 300px) 100vw, 300px\" \/><\/a><\/p>\n<p>1) La piazza non l&#8217;ha creata la sinistra n\u00e9 il Pd e quindi metterci il cappello e mettersi a servizio di quella stessa piazza \u00e8 impresa ardua dal momento che non se ne conoscono bisogni, istante, necessit\u00e0, valori e collanti che la legano salvo il fatto di essere contro la Lega e contro Salvini.<\/p>\n<p>2) Prostrarsi alle sardine poi non fa altro che rappresentare l&#8217;ammissione di un fallimento, anzi due: non essere pi\u00f9 in grado di riempire le piazze e non essere pi\u00f9 in grado\u00a0 di scendere in piazza proponendo qualcosa di costruttivo, che sia un&#8217;idea o un progetto.<\/p>\n<p>3) Esaltare una piazza senza bandiere e di cui due giorni prima si ignorava l&#8217;esistenza pu\u00f2 sembrare anche opportunistico al punto da far pensare che i dem siano\u00a0cos\u00ec allo sbando da\u00a0aggrapparsi\u00a0al primo raduno di &#8220;antagonisti&#8221;, una sorta di <em>invidia penis<\/em> da psicologia politica per cui si prova ammirazione per chi riesce a fare quello che il devoto non riesce a fare.<\/p>\n<p>Insomma, il rischio che le <strong>sardine<\/strong> vadano di traverso \u00e8 altissimo, parimenti altissimo al rischio che la piazza delle stesse sardine finisca inascoltata, abbandonata a se stessa, priva di interlocutori. Una bolla di sapone, insomma. O, per restare in tema, una goccia nel mare. E alla fine\u00a0le sardine finiscono in padella.<\/p>\n","protected":false},"excerpt":{"rendered":"<p><p>Colpo di fulmine. Si potrebbe definire &#8220;sindrome dell&#8217;innamoramento facile&#8221;. Quando c&#8217;\u00e8 una piazza che va contro qualcuno o contro qualcosa, alla sinistra batte subito il cuore. \u00c8 successo anche questa volta con le &#8220;sardine&#8221; di Bologna. Repubblica ha incensato il movimento, quasi come se qualche migliaio di persone che vanno contro Salvini possano assurgere a specchio dell&#8217;Italia, e il Pd\u00a0ha creduto che sia cambiato il vento in tutto il Paese. Per\u00f2 ancora \u00e8 prematuro fare previsioni. Eppure all&#8217;interno del Pd il sentore che serpeggia \u00e8 questo. &#8220;C&#8217;era passione nella piazza di Bologna. E ci ha dato coraggio, ma\u00a0anche responsabilit\u00e0. Con [&hellip;]<\/p>\n&nbsp;&nbsp;<div class=\"readmore\"><a href=\"https:\/\/blog.ilgiornale.it\/ferrara\/2019\/11\/16\/sardine-indigeste\/\">Continua a leggere...<\/a><\/div><\/p>","protected":false},"author":1030,"featured_media":0,"comment_status":"open","ping_status":"closed","sticky":false,"template":"","format":"standard","meta":[],"categories":[247],"tags":[14748,17143,372141,110,346048,88],"_links":{"self":[{"href":"https:\/\/blog.ilgiornale.it\/ferrara\/wp-json\/wp\/v2\/posts\/592"}],"collection":[{"href":"https:\/\/blog.ilgiornale.it\/ferrara\/wp-json\/wp\/v2\/posts"}],"about":[{"href":"https:\/\/blog.ilgiornale.it\/ferrara\/wp-json\/wp\/v2\/types\/post"}],"author":[{"embeddable":true,"href":"https:\/\/blog.ilgiornale.it\/ferrara\/wp-json\/wp\/v2\/users\/1030"}],"replies":[{"embeddable":true,"href":"https:\/\/blog.ilgiornale.it\/ferrara\/wp-json\/wp\/v2\/comments?post=592"}],"version-history":[{"count":6,"href":"https:\/\/blog.ilgiornale.it\/ferrara\/wp-json\/wp\/v2\/posts\/592\/revisions"}],"predecessor-version":[{"id":599,"href":"https:\/\/blog.ilgiornale.it\/ferrara\/wp-json\/wp\/v2\/posts\/592\/revisions\/599"}],"wp:attachment":[{"href":"https:\/\/blog.ilgiornale.it\/ferrara\/wp-json\/wp\/v2\/media?parent=592"}],"wp:term":[{"taxonomy":"category","embeddable":true,"href":"https:\/\/blog.ilgiornale.it\/ferrara\/wp-json\/wp\/v2\/categories?post=592"},{"taxonomy":"post_tag","embeddable":true,"href":"https:\/\/blog.ilgiornale.it\/ferrara\/wp-json\/wp\/v2\/tags?post=592"}],"curies":[{"name":"wp","href":"https:\/\/api.w.org\/{rel}","templated":true}]}}