{"id":680,"date":"2020-02-25T16:09:52","date_gmt":"2020-02-25T16:09:52","guid":{"rendered":"https:\/\/blog.ilgiornale.it\/ferrara\/?p=680"},"modified":"2020-02-25T16:09:52","modified_gmt":"2020-02-25T16:09:52","slug":"il-quiz-sul-coronavirus","status":"publish","type":"post","link":"https:\/\/blog.ilgiornale.it\/ferrara\/2020\/02\/25\/il-quiz-sul-coronavirus\/","title":{"rendered":"Il quiz sul Coronavirus"},"content":{"rendered":"<p><a href=\"https:\/\/blog.ilgiornale.it\/ferrara\/files\/2020\/02\/FOTOGRAMMA_20200225141646_32070128.jpg\"><img loading=\"lazy\" class=\"alignleft size-medium wp-image-682\" src=\"https:\/\/blog.ilgiornale.it\/ferrara\/files\/2020\/02\/FOTOGRAMMA_20200225141646_32070128-203x300.jpg\" alt=\"FOTOGRAMMA_20200225141646_32070128\" width=\"203\" height=\"300\" srcset=\"https:\/\/blog.ilgiornale.it\/ferrara\/files\/2020\/02\/FOTOGRAMMA_20200225141646_32070128-203x300.jpg 203w, https:\/\/blog.ilgiornale.it\/ferrara\/files\/2020\/02\/FOTOGRAMMA_20200225141646_32070128-692x1024.jpg 692w, https:\/\/blog.ilgiornale.it\/ferrara\/files\/2020\/02\/FOTOGRAMMA_20200225141646_32070128.jpg 1014w\" sizes=\"(max-width: 203px) 100vw, 203px\" \/><\/a>&#8211; I leghisti sono razzisti perch\u00e9 volevano mettere in quarantena tutte le persone che\u00a0arrivavano dalla Cina.<\/p>\n<p>&#8211; Conte \u00e8 fascista perch\u00e9\u00a0minaccia di avocare a s\u00e9 i poteri dei governatori regionali.<\/p>\n<p>&#8211; Alcuni paesi europei sono discriminatori perch\u00e9 impongono restrizioni agli italiani.<\/p>\n<p>&#8211; Alcuni meridionali sono razzisti perch\u00e9 non affittano ai settentrionali.<\/p>\n<p>&#8211; I settentrionali diventano &#8220;terroni&#8221; da cui stare lontano.<\/p>\n<p><strong>Quale di queste affermazioni \u00e8 vera?<\/strong><\/p>\n","protected":false},"excerpt":{"rendered":"<p><p>&#8211; I leghisti sono razzisti perch\u00e9 volevano mettere in quarantena tutte le persone che\u00a0arrivavano dalla Cina. &#8211; Conte \u00e8 fascista perch\u00e9\u00a0minaccia di avocare a s\u00e9 i poteri dei governatori regionali. &#8211; Alcuni paesi europei sono discriminatori perch\u00e9 impongono restrizioni agli italiani. &#8211; Alcuni meridionali sono razzisti perch\u00e9 non affittano ai settentrionali. &#8211; I settentrionali diventano &#8220;terroni&#8221; da cui stare lontano. Quale di queste affermazioni \u00e8 vera?<\/p>\n&nbsp;&nbsp;<div class=\"readmore\"><a href=\"https:\/\/blog.ilgiornale.it\/ferrara\/2020\/02\/25\/il-quiz-sul-coronavirus\/\">Continua a leggere...<\/a><\/div><\/p>","protected":false},"author":1030,"featured_media":0,"comment_status":"open","ping_status":"closed","sticky":false,"template":"","format":"standard","meta":[],"categories":[247],"tags":[387511,387508,820,65],"_links":{"self":[{"href":"https:\/\/blog.ilgiornale.it\/ferrara\/wp-json\/wp\/v2\/posts\/680"}],"collection":[{"href":"https:\/\/blog.ilgiornale.it\/ferrara\/wp-json\/wp\/v2\/posts"}],"about":[{"href":"https:\/\/blog.ilgiornale.it\/ferrara\/wp-json\/wp\/v2\/types\/post"}],"author":[{"embeddable":true,"href":"https:\/\/blog.ilgiornale.it\/ferrara\/wp-json\/wp\/v2\/users\/1030"}],"replies":[{"embeddable":true,"href":"https:\/\/blog.ilgiornale.it\/ferrara\/wp-json\/wp\/v2\/comments?post=680"}],"version-history":[{"count":2,"href":"https:\/\/blog.ilgiornale.it\/ferrara\/wp-json\/wp\/v2\/posts\/680\/revisions"}],"predecessor-version":[{"id":683,"href":"https:\/\/blog.ilgiornale.it\/ferrara\/wp-json\/wp\/v2\/posts\/680\/revisions\/683"}],"wp:attachment":[{"href":"https:\/\/blog.ilgiornale.it\/ferrara\/wp-json\/wp\/v2\/media?parent=680"}],"wp:term":[{"taxonomy":"category","embeddable":true,"href":"https:\/\/blog.ilgiornale.it\/ferrara\/wp-json\/wp\/v2\/categories?post=680"},{"taxonomy":"post_tag","embeddable":true,"href":"https:\/\/blog.ilgiornale.it\/ferrara\/wp-json\/wp\/v2\/tags?post=680"}],"curies":[{"name":"wp","href":"https:\/\/api.w.org\/{rel}","templated":true}]}}