{"id":83,"date":"2014-02-19T13:09:17","date_gmt":"2014-02-19T13:09:17","guid":{"rendered":"https:\/\/blog.ilgiornale.it\/ferrara\/?p=83"},"modified":"2014-02-19T13:12:28","modified_gmt":"2014-02-19T13:12:28","slug":"caro-elkann-chiedimi-scusa","status":"publish","type":"post","link":"https:\/\/blog.ilgiornale.it\/ferrara\/2014\/02\/19\/caro-elkann-chiedimi-scusa\/","title":{"rendered":"Caro Elkann, chiedimi scusa"},"content":{"rendered":"<p>Ospito in questo blog una<strong> lettera<\/strong> che mi ha molto colpito e che credo rappresenti fedelmente l&#8217;indignazione che moltissimi ragazzi hanno provato sentendo (ancora una volta) dichiarazioni come quella di John Elkann: &#8220;<a href=\"https:\/\/www.ilgiornale.it\/news\/interni\/john-elkann-salsa-fornero-giovani-poca-ambizione-riuscire-992497.html\" target=\"_blank\">I giovani perdono occasioni di lavoro perch\u00e9 stanno bene a casa&#8221;<\/a>. <a href=\"https:\/\/blog.ilgiornale.it\/ferrara\/files\/2014\/02\/elkann.jpg\"><img loading=\"lazy\" class=\"alignleft size-full wp-image-88\" src=\"https:\/\/blog.ilgiornale.it\/ferrara\/files\/2014\/02\/elkann.jpg\" alt=\"\" width=\"300\" height=\"168\" \/><\/a><\/p>\n<p>Tuttavia, prima di riportare il testo della missiva, condivido con Claudia Rizzo &#8211; autrice della lettera &#8211; l&#8217;indignazione nei confronti dei &#8220;pontificatori&#8221; di professione: quelli che da un salotto di lusso o da uno scranno iperpagato sparano sentenze o elargiscono elucubrazioni socio-antropologiche senza che nessuno glielo chieda e soprattutto da una posizione privilegiata.<\/p>\n<p>Prima ci fu Tommaso Padoa Schioppa con la sua definizione di &#8220;<strong>Bamboccioni<\/strong>&#8220;, poi venne Martone (&#8220;Laurearsi a 28 anni \u00e8 da sfigati&#8221;), poi Monti (con la monotonia del posto fisso) e ancora la Fornero: &#8220;I giovani sono troppo choosy&#8221;, solo per citare i casi pi\u00f9 famigerati. Ecco, premettendo che su una cos\u00ec alta percentuale di disoccupati c&#8217;\u00e8 sicuramente una quota di ragazzi che non vuole trovare lavoro, non \u00e8 il caso di evitare frasi da tutta l&#8217;erba in un fascio e tacere?<\/p>\n<p>Qui la lettera:<\/p>\n<blockquote><p>\u00a0Caro <strong>John Elkann<\/strong>,<br \/>\nio ho 29 anni e vivo ancora a casa con i miei, che ringrazio per avermi dato la possibilit\u00e0 di studiare (dato che purtroppo ancora oggi, nel 2014, non \u00e8 un diritto che appartiene a tutti) e di avere ogni giorno un piatto caldo a tavola. Il vivere con loro, per quanto li ami, non mi fa stare bene o a posto con la mia coscienza e la mia voglia di rendermi indipendente, n\u00e9 mi fa essere meno ambiziosa. Il mio vivere con loro \u00e8 una fortuna e una necessit\u00e0 allo stesso tempo. Una fortuna perch\u00e9, a differenza di molti, mi posso permettere una famiglia che mi sostenga e che mi faccia da ammortizzatore sociale in un Paese che non ne possiede molti; una necessit\u00e0 perch\u00e9, nonostante mi sia laureata nel 2009, abbia un master, varie certificazioni, stage a volont\u00e0 e brevi esperienze lavorative alle spalle, ancora non ho trovato un lavoro vero che mi dia la possibilit\u00e0 di abbandonare la casa dei miei e \u201ccostruirne\u201d una mia.<\/p>\n<p>Gi\u00e0, perch\u00e9 il mio cognome \u00e8 Rizzo: un cognome a cui sono fortemente legata ma che non rimanda a nessuna famiglia miliardaria, a nessun nonno fra i pi\u00f9 importanti imprenditori d\u2019Italia (il mio era un contadino), a nessuna altolocata \u00e9lite torinese. Sar\u00e0 forse per questo che a 21 anni non sono stata inserita nel CDA dell\u2019azienda che sta lasciando a piedi migliaia di lavoratori? Sar\u00e0 forse per questo che non ho avuto la possibilit\u00e0 di fare esperienze di lavoro importanti in giro per il mondo? Sar\u00e0 forse per questo che continuo a non poter scegliere il mestiere per il quale ho studiato e a dovermi invece accontentare di quello che passa il convento (pur di evitare di chiedere sempre soldi ai miei)? Sar\u00e0 forse per questo che ho passato giorni davanti a un computer a pigiare un tasto nella speranza di poter accedere a un tirocinio bandito per i cosiddetti Neet per soli 400 euro al mese (ecco come ci aiuta lo Stato)? Sar\u00e0 forse per questo che ho accettato un<strong> lavoro<\/strong> dove mi pagavano 2,50 euro all\u2019ora, ho fatto volantinaggio vestita\u00a0da Babbo Natale per un supermercato o la posteggiatrice per un giorno?<\/p>\n<p>No, ovviamente \u00e8 perch\u00e9 sono una<strong> parassita<\/strong> che sta bene a casa di mamm\u00e0 e che non ha ambizioni. Come me milioni di persone, come me tutti quegli amici che, dalla Sicilia, con una laurea in mano e dei sogni mai realizzati, sono scappati in cerca di fortuna: c\u2019\u00e8 chi ha pulito i bagni degli ostelli scozzesi, chi si trova a Londra a servire ai tavoli, chi a Milano in cerca di stabilit\u00e0, chi sta per partire perch\u00e9 ha perso il lavoro in nero e non ha pi\u00f9 i soldi per pagare un affitto.<\/p>\n<p>Non mi sembra di raccontarle nulla di nuovo, perch\u00e9 questo accade ormai da anni a migliaia e migliaia di giovani. Per\u00f2 a questo punto mi viene da chiederle: quanti curricula ha mandato nella sua vita? Quante non risposte ha ricevuto? Quanti \u201cgrazie, la terremo in considerazione, ma al momento non assumiamo\u201d si \u00e8 sentito dire? Quante volte ha dovuto abbandonare la sua citt\u00e0, la sua famiglia e i suoi amici perch\u00e9 non riusciva a guadagnare abbastanza? Quanti lavoretti ha svolto per sostenersi gli studi? Quante volte ha dovuto accettare dei compromessi perch\u00e9 le serviva un lavoro per aiutare i suoi genitori in difficolt\u00e0? Quante volte ha dovuto rinunciare ai suoi sogni perch\u00e9 non si poteva permettere di sognare? Quante volte ha pensato \u201cnon ce la far\u00f2 mai a costruirmi un presente, un futuro, una famiglia\u201d? Quante volte \u00e8 stato <strong>licenziato<\/strong> ed \u00e8 stato lasciato solo? Quante volte \u00e8 stato cassintegrato perch\u00e9 la sua azienda ha deciso di delocalizzare? Quante volte ha visto passare davanti a lei un raccomandato \u201cfiglio o amico di\u201d?<\/p>\n<p>La prego di contare, sar\u00e0 bravo dato che \u00e8 un ingegnere plurititolato, e di dare una risposta sincera a tutti quei <strong>bamboccioni choosy<\/strong> che si ostinano ancora a voler vivere nel proprio Paese a delle condizioni che minano qualsiasi tipo di dignit\u00e0, da quella emotiva a quella esistenziale, da quella lavorativa a quella morale. La prego di avere la decenza di chiedere scusa per le volgarit\u00e0 che le sono uscite dalla bocca, di non offendere chi ce la sta mettendo tutta e non ci riesce perch\u00e9 il Paese \u00e8 pieno di \u201cfigli o amici di\u201d, la prego di guardare alla sua immensa fortuna e ringraziare di essere nato nel posto giusto nella famiglia giusta. Perch\u00e9, vede, forse al contrario suo sar\u00f2 una bambocciona choosy, poco ambiziosa e che si culla nella casa di mamma e pap\u00e0, ma almeno, a differenza sua, ho l\u2019umilt\u00e0 di riconoscere molte mie fortune (in un mondo pieno di disuguaglianze) e di non giudicare gli altri.<\/p>\n<p>Non mi rimane che attendere tue news a questo punto e ringraziarti per la disponibilit\u00e0.<span style=\"color: #888888\"><br \/>\n<\/span><\/p>\n<p>Claudia Rizzo<\/p><\/blockquote>\n<p>C&#8217;\u00e8 da indignarsi o no?<\/p>\n<p>P.S: John Elkann<a href=\"http:\/\/www.ilfattoquotidiano.it\/2014\/02\/17\/john-elkann-le-mie-parole-volevano-essere-di-incoraggiamento\/884296\/\" target=\"_blank\"> si \u00e8 scusato <\/a>a modo suo, ma l&#8217;indignazione resta e c&#8217;\u00e8 da scommettere che tra qualche tempo saremo qui a raccontare dell&#8217;ennesima boutade esternata da qualche privilegiato&#8230;<\/p>\n","protected":false},"excerpt":{"rendered":"<p><p>Ospito in questo blog una lettera che mi ha molto colpito e che credo rappresenti fedelmente l&#8217;indignazione che moltissimi ragazzi hanno provato sentendo (ancora una volta) dichiarazioni come quella di John Elkann: &#8220;I giovani perdono occasioni di lavoro perch\u00e9 stanno bene a casa&#8221;. Tuttavia, prima di riportare il testo della missiva, condivido con Claudia Rizzo &#8211; autrice della lettera &#8211; l&#8217;indignazione nei confronti dei &#8220;pontificatori&#8221; di professione: quelli che da un salotto di lusso o da uno scranno iperpagato sparano sentenze o elargiscono elucubrazioni socio-antropologiche senza che nessuno glielo chieda e soprattutto da una posizione privilegiata. Prima ci fu Tommaso [&hellip;]<\/p>\n&nbsp;&nbsp;<div class=\"readmore\"><a href=\"https:\/\/blog.ilgiornale.it\/ferrara\/2014\/02\/19\/caro-elkann-chiedimi-scusa\/\">Continua a leggere...<\/a><\/div><\/p>","protected":false},"author":1030,"featured_media":0,"comment_status":"open","ping_status":"closed","sticky":false,"template":"","format":"standard","meta":[],"categories":[44993],"tags":[29379,79,8132,44994,99,2813],"_links":{"self":[{"href":"https:\/\/blog.ilgiornale.it\/ferrara\/wp-json\/wp\/v2\/posts\/83"}],"collection":[{"href":"https:\/\/blog.ilgiornale.it\/ferrara\/wp-json\/wp\/v2\/posts"}],"about":[{"href":"https:\/\/blog.ilgiornale.it\/ferrara\/wp-json\/wp\/v2\/types\/post"}],"author":[{"embeddable":true,"href":"https:\/\/blog.ilgiornale.it\/ferrara\/wp-json\/wp\/v2\/users\/1030"}],"replies":[{"embeddable":true,"href":"https:\/\/blog.ilgiornale.it\/ferrara\/wp-json\/wp\/v2\/comments?post=83"}],"version-history":[{"count":6,"href":"https:\/\/blog.ilgiornale.it\/ferrara\/wp-json\/wp\/v2\/posts\/83\/revisions"}],"predecessor-version":[{"id":87,"href":"https:\/\/blog.ilgiornale.it\/ferrara\/wp-json\/wp\/v2\/posts\/83\/revisions\/87"}],"wp:attachment":[{"href":"https:\/\/blog.ilgiornale.it\/ferrara\/wp-json\/wp\/v2\/media?parent=83"}],"wp:term":[{"taxonomy":"category","embeddable":true,"href":"https:\/\/blog.ilgiornale.it\/ferrara\/wp-json\/wp\/v2\/categories?post=83"},{"taxonomy":"post_tag","embeddable":true,"href":"https:\/\/blog.ilgiornale.it\/ferrara\/wp-json\/wp\/v2\/tags?post=83"}],"curies":[{"name":"wp","href":"https:\/\/api.w.org\/{rel}","templated":true}]}}