{"id":9,"date":"2014-02-06T11:30:50","date_gmt":"2014-02-06T11:30:50","guid":{"rendered":"https:\/\/blog.ilgiornale.it\/ferrara\/?p=9"},"modified":"2014-02-06T15:08:07","modified_gmt":"2014-02-06T15:08:07","slug":"nella-tana-del-fisco","status":"publish","type":"post","link":"https:\/\/blog.ilgiornale.it\/ferrara\/2014\/02\/06\/nella-tana-del-fisco\/","title":{"rendered":"Nella tana del Fisco"},"content":{"rendered":"<p>Inauguro questo blog riportando lo sfogo di un piccolo imprenditore che ha avviato un\u2019attivit\u00e0 commerciale nel 2012 e che a distanza di quasi due anni ha avuto il primo (spiacevole) incontro col <strong>Fisco<\/strong>. Per ragioni di riservatezza, il protagonista mi ha chiesto di rimanere anonimo. Ma veniamo al punto.<\/p>\n<p>Il signor X rileva una lavanderia di un piccolo comune del Milanese alla cifra di circa 80mila euro (di cui 22mila di avviamento, il resto per le attrezzature). Un giorno riceve una lettera dell\u2019<strong>Agenzia delle Entrate<\/strong> nella quale gli vengono fatti \u201cletteralmente\u201d i conti in tasca, quelli attuali, ma soprattutto quelli futuri. La contestazione del fisco \u00e8 basata infatti sulla presumibilit\u00e0, anzi su previsioni e conti presuntivi. In sostanza, siccome per la locazione del locale paga un canone di 18mila euro annui (con un contratto 6+6), l\u2019Agenzia delle entrate ha stabilito che il valore dell\u2019avviamento pu\u00f2 essere ricostruito &#8220;applicando un parametro moltiplicativo pari a 6 al costo degli affitti passivi relativi all\u2019azienda ceduta&#8221;.<\/p>\n<p>Ecco dunque che arriva l\u2019enigmatica operazione matematica: 18.000 per 6 = 108.000 di avviamento calcolato. Contro i 22mila di <strong>avviamento dichiarato<\/strong>. Insomma, una differenza di circa 80mila euro. Per il fisco, quell&#8217;attivit\u00e0 ha una capacit\u00e0 di generare utili cinque volte maggiore di quella pagata realmente dall&#8217;<strong>imprenditore<\/strong>. Come abbia fatto a prevederlo e su che basi lo abbia previsto, per il commerciante resta un mistero, oltre che un esercizio di stile che non tiene conto della singola realt\u00e0 e del singolo caso. Come si fa a non perdere la voglia di rischiare e di fare impresa se dopo un anno e mezzo che inizi a lavorare il Fisco va a controllare l&#8217;atto di compravendita e ti mette con le spalle al muro?<\/p>\n<p><a href=\"https:\/\/blog.ilgiornale.it\/ferrara\/files\/2014\/02\/fisco.jpg\"><img loading=\"lazy\" class=\"size-medium wp-image-20 alignleft\" src=\"https:\/\/blog.ilgiornale.it\/ferrara\/files\/2014\/02\/fisco-300x187.jpg\" alt=\"\" width=\"300\" height=\"187\" srcset=\"https:\/\/blog.ilgiornale.it\/ferrara\/files\/2014\/02\/fisco-300x187.jpg 300w, https:\/\/blog.ilgiornale.it\/ferrara\/files\/2014\/02\/fisco.jpg 738w\" sizes=\"(max-width: 300px) 100vw, 300px\" \/><\/a><\/p>\n<p>Morale della favola: sanzione pecuniaria da pagare con relativi interessi e imposte di registro pari a circa 5mila euro, gi\u00e0 ridotta del 30%, perch\u00e9 si d\u00e0 quasi per scontato che il contribuente paghi senza fiatare.<\/p>\n<p>Il signor X si reca all\u2019ufficio del fisco, parla con l\u2019agente che ha in mano la sua pratica, gli porta tutti i giustificativi, fornisce la sua versione, gli spiega che lavora 14 ore al giorno, che ha dei figli da mantenere, che ha fatto numerosi sacrifici per investire su questo lavoro. Ma soprattutto gli dice che lui non ha dichiarato il falso, che lui non \u00e8 un furbo n\u00e9 un evasore. Glielo dice con le lacrime agli occhi. Alla fine, l&#8217;ispettore prende la calcoltrice, batte i tasti, fa un\u2019operazione e la sanzione da 5mila euro passa a 2mila. L\u2019imprenditore non \u00e8 contento di dover pagare per qualcosa di cui non si sente colpevole. Ma paga e piange con un occhio. Dopo aver pianto con due.<\/p>\n<p>P.S: questa \u00e8 solo l\u2019ennesima storia di un paese in cui regna l\u2019abominio dell\u2019<strong>inversione dell\u2019onere della prova<\/strong>. Tu vieni accusato dal Fisco (sulla base di calcoli astratti e presunti) e sempre tu devi dimostrare di non essere colpevole. \u00c8 come se un pm ti portasse alla sbarra lasciandoti l\u2019incombenza di dimostrare alla corte la tua innocenza. C\u2019\u00e8 da indignarsi o no?<\/p>\n","protected":false},"excerpt":{"rendered":"<p><p>Inauguro questo blog riportando lo sfogo di un piccolo imprenditore che ha avviato un\u2019attivit\u00e0 commerciale nel 2012 e che a distanza di quasi due anni ha avuto il primo (spiacevole) incontro col Fisco. Per ragioni di riservatezza, il protagonista mi ha chiesto di rimanere anonimo. Ma veniamo al punto. Il signor X rileva una lavanderia di un piccolo comune del Milanese alla cifra di circa 80mila euro (di cui 22mila di avviamento, il resto per le attrezzature). Un giorno riceve una lettera dell\u2019Agenzia delle Entrate nella quale gli vengono fatti \u201cletteralmente\u201d i conti in tasca, quelli attuali, ma soprattutto quelli [&hellip;]<\/p>\n&nbsp;&nbsp;<div class=\"readmore\"><a href=\"https:\/\/blog.ilgiornale.it\/ferrara\/2014\/02\/06\/nella-tana-del-fisco\/\">Continua a leggere...<\/a><\/div><\/p>","protected":false},"author":1030,"featured_media":0,"comment_status":"open","ping_status":"closed","sticky":false,"template":"","format":"standard","meta":[],"categories":[44955],"tags":[44960,17134,11709,44958,27099],"_links":{"self":[{"href":"https:\/\/blog.ilgiornale.it\/ferrara\/wp-json\/wp\/v2\/posts\/9"}],"collection":[{"href":"https:\/\/blog.ilgiornale.it\/ferrara\/wp-json\/wp\/v2\/posts"}],"about":[{"href":"https:\/\/blog.ilgiornale.it\/ferrara\/wp-json\/wp\/v2\/types\/post"}],"author":[{"embeddable":true,"href":"https:\/\/blog.ilgiornale.it\/ferrara\/wp-json\/wp\/v2\/users\/1030"}],"replies":[{"embeddable":true,"href":"https:\/\/blog.ilgiornale.it\/ferrara\/wp-json\/wp\/v2\/comments?post=9"}],"version-history":[{"count":6,"href":"https:\/\/blog.ilgiornale.it\/ferrara\/wp-json\/wp\/v2\/posts\/9\/revisions"}],"predecessor-version":[{"id":15,"href":"https:\/\/blog.ilgiornale.it\/ferrara\/wp-json\/wp\/v2\/posts\/9\/revisions\/15"}],"wp:attachment":[{"href":"https:\/\/blog.ilgiornale.it\/ferrara\/wp-json\/wp\/v2\/media?parent=9"}],"wp:term":[{"taxonomy":"category","embeddable":true,"href":"https:\/\/blog.ilgiornale.it\/ferrara\/wp-json\/wp\/v2\/categories?post=9"},{"taxonomy":"post_tag","embeddable":true,"href":"https:\/\/blog.ilgiornale.it\/ferrara\/wp-json\/wp\/v2\/tags?post=9"}],"curies":[{"name":"wp","href":"https:\/\/api.w.org\/{rel}","templated":true}]}}