{"id":11194,"date":"2017-12-13T22:50:46","date_gmt":"2017-12-13T22:50:46","guid":{"rendered":"https:\/\/blog.ilgiornale.it\/franza\/?p=11194"},"modified":"2017-12-13T22:53:31","modified_gmt":"2017-12-13T22:53:31","slug":"i-presepi-piu-in-ditalia-da-manarola-liguria-a-tricase-puglia-ecco-le-radici-cristiane-ditalia-e-deuropa-a-differenza-della-vignetta-blasfema-sul","status":"publish","type":"post","link":"https:\/\/blog.ilgiornale.it\/franza\/2017\/12\/13\/i-presepi-piu-in-ditalia-da-manarola-liguria-a-tricase-puglia-ecco-le-radici-cristiane-ditalia-e-deuropa-a-differenza-della-vignetta-blasfema-sul\/","title":{"rendered":"I presepi pi\u00f9 \u201cin\u201d d\u2019Italia. Da Manarola (Liguria) a Tricase (Puglia) ecco le radici cristiane  d\u2019Italia e d\u2019Europa.  (A differenza della vignetta blasfema sul Natale pubblicata da Der Spiegel)."},"content":{"rendered":"<h3><a href=\"https:\/\/blog.ilgiornale.it\/franza\/files\/2017\/12\/genova-e1513204316575.jpg\"><img loading=\"lazy\" class=\"alignleft size-full wp-image-11195\" src=\"https:\/\/blog.ilgiornale.it\/franza\/files\/2017\/12\/genova-e1513204316575.jpg\" alt=\"genova\" width=\"524\" height=\"348\" \/><\/a>Mentre i colleghi di Der Spiegel pubblicano una vignetta blasfema sul Natale, \u00a0che qui non pubblico per rispetto all\u2019evento sacro per eccellenza, preferisco dare voce e far conoscere\u00a0 a italiani ed europei \u00a0\u00a0i presepi italiani \u00a0che restano \u00a0fra i pi\u00f9 grandi e i pi\u00f9 belli del mondo. Ecco\u00a0\u00a0 dove sono nascosti. \u00a0<strong>Oltre all\u2019albero quando si pensa al Natale c\u2019\u00e8 un altro simbolo pi\u00f9 vivo, il presepe, che in Italia vanta una tradizione davvero molto antica. Nel nostro paese, infatti, vengono realizzati presepi italiani\u00a0 tra i pi\u00f9 grandi e i pi\u00f9 belli al mondo. Si tratta di vere e proprie opere d\u2019arte che richiedono settimane di preparazione e il contributo di centinaia di persone. <a href=\"https:\/\/blog.ilgiornale.it\/franza\/files\/2017\/12\/5t-e1513204365255.jpg\"><img loading=\"lazy\" class=\"alignleft size-full wp-image-11196\" src=\"https:\/\/blog.ilgiornale.it\/franza\/files\/2017\/12\/5t-e1513204365255.jpg\" alt=\"5t\" width=\"505\" height=\"253\" \/><\/a>Il presepe unisce\u00a0\u00a0 Nord e \u00a0Sud, grandi e bambini, laici e credenti,\u00a0 sicch\u00e8\u00a0 la rievocazione della nascita di Cristo \u00e8 non solo attuale ancora oggi ma \u00a0in estrema sintesi nessuno \u00e8 immune dal fascino che suscita il\u00a0 ricordo \u00a0 della nascita di Ges\u00f9. Ecco allora alcuni dei presepi d\u2019Italia pi\u00f9 belli e grandi, vere e proprie opere d\u2019arte che ogni anno attirano migliaia di turisti e appassionati, provenienti da tutte le parti del mondo.<a href=\"https:\/\/blog.ilgiornale.it\/franza\/files\/2017\/12\/Manarola-e1513204417431.jpg\"><img loading=\"lazy\" class=\"alignleft size-full wp-image-11197\" src=\"https:\/\/blog.ilgiornale.it\/franza\/files\/2017\/12\/Manarola-e1513204417431.jpg\" alt=\"Manarola\" width=\"460\" height=\"306\" \/><\/a><\/strong><\/h3>\n<h3>Il presepe natalizio pi\u00f9 famoso e grande del mondo \u00e8 quello di <strong>Manarola ( alle Cinque Terre in Liguria)<\/strong> \u00a0divenuto\u00a0 ormai un simbolo. E\u2019 il presepe pi\u00f9 grande al mondo e da molti \u00e8 indicato come il pi\u00f9 bello in assoluto tra i presepi italiani. Viene inaugurato ogni anno per l\u20198 dicembre il suo famoso presepe, la cittadina di Manarola incastonata nello splendido paesaggio delle Cinque Terre diventa per questo suo famoso presepe protagonista \u00a0indiscussa del Natale. Quest\u2019opera unica, che attrae ogni anno migliaia di visitatori, fu ideata per la prima volta da un ex-ferroviere, <strong>Mario Andreoli<\/strong>, nel lontano 1976. Oggi la<\/h3>\n<h3><a href=\"https:\/\/blog.ilgiornale.it\/franza\/files\/2017\/12\/laveno.jpg\"><img loading=\"lazy\" class=\"alignleft  wp-image-11198\" src=\"https:\/\/blog.ilgiornale.it\/franza\/files\/2017\/12\/laveno-e1513204457994.jpg\" alt=\"OLYMPUS DIGITAL CAMERA\" width=\"454\" height=\"324\" \/><\/a><\/h3>\n<h3>ricostruzione copre un\u2019intera collina e dal 2007 \u00e8 entrata a pieno titolo nel \u00a0Guinnes dei primati. Pensate che per realizzarlo vengono impiegati pi\u00f9 di 8 km di cavi elettrici e quasi 17 mila lampadine; inoltre vede la partecipazione di circa 300 personaggi a grandezza naturale. Il presepe di Manarola \u00e8 anche attento ai temi ambientali, infatti tutti i personaggi, \u00a0vengono costruiti con materiale riciclabile e di recupero, mentre l\u2019illuminazione, da qualche anno, avviene grazie a una serie di pannelli fotovoltaici installati nel paese. Quest\u2019anno il presepe di Manarola ricorder\u00e0 le vittime dell\u2019<strong>ultima alluvione<\/strong>, un omaggio ad un triste evento ancora molto forte nella memoria della citt\u00e0.<a href=\"https:\/\/blog.ilgiornale.it\/franza\/files\/2017\/12\/Varese-1-e1513204561483.jpg\"><img loading=\"lazy\" class=\"alignleft size-full wp-image-11199\" src=\"https:\/\/blog.ilgiornale.it\/franza\/files\/2017\/12\/Varese-1-e1513204561483.jpg\" alt=\"Varese-1\" width=\"460\" height=\"259\" \/><\/a><\/h3>\n<h3>Poi c\u2019 il presepe sommerso di Laveno Mombello. Non \u00e8 certo \u00a0il presepe pi\u00f9 grande d\u2019Italia, ma quello di Laveno Mombello (Varese), merita comunque una visita. Del resto l\u2019originalit\u00e0 dei lombardi \u00e8 nota a molti, e anche in questo caso non sono stati da meno, ideando addirittura un presepe sommerso, completamente nelle <strong>\u00a0acque<\/strong> del Lago Maggiore, esattamente in prossimit\u00e0 del Sasso Galletto. L\u2019idea nacque nel 1975, quando un gruppo di amici sommozzatori decisero \u00a0di realizzare un presepe acquatico, portando una statua rappresentante Ges\u00f9 Cristo fino a 23 metri di profondit\u00e0. La cerimonia venne ripetuta nei 3 anni successivi fino a quando si decise di realizzare un vero e proprio <strong>presepe sommerso<\/strong>, questa volta collocando le statue a una profondit\u00e0 minore, per consentirne la visione a chiunque fosse in spiaggia. Oggi il presepe di Laveno Mombello \u00e8 sicuramente uno tra i presepi italiani pi\u00f9 particolari e suggestivi del mondo. Conta oltre 42 statue, 5 piattaforme e decine di fari che illuminano tutta la struttura sommersa, regalando uno spettacolo unico nel suo genere. La tradizione vuole che i visitatori gettino <strong>una moneta in acqua<\/strong> come segno di apprezzamento e come portafortuna.<a href=\"https:\/\/blog.ilgiornale.it\/franza\/files\/2017\/12\/Salento.jpg\"><img loading=\"lazy\" class=\"alignleft size-full wp-image-11200\" src=\"https:\/\/blog.ilgiornale.it\/franza\/files\/2017\/12\/Salento.jpg\" alt=\"Salento\" width=\"194\" height=\"260\" \/><\/a><\/h3>\n<h3>Il presepe vivente pi\u00f9 antico d\u2019Italia a Tricase in provincia di Lecce. \u00a0I presepi viventi riescono a suscitare sempre grande emozione. Si tratta di rappresentazioni animate della nascita di Ges\u00f9 che coinvolgono grandi e bambini in egual misura.<a href=\"https:\/\/blog.ilgiornale.it\/franza\/files\/2017\/12\/tricase-e1513204672347.jpg\"><img loading=\"lazy\" class=\" size-full wp-image-11201 alignright\" src=\"https:\/\/blog.ilgiornale.it\/franza\/files\/2017\/12\/tricase-e1513204672347.jpg\" alt=\"tricase\" width=\"482\" height=\"245\" \/><\/a> Quello pi\u00f9 famoso \u00e8 il presepe vivente di Tricase, in provincia di Lecce, un piccola cittadina salentina \u00a0della Puglia che continua una lunga tradizione iniziata nel 1223 da San Francesco d\u2019Assisi. Si tratta di uno dei presepi italiani pi\u00f9 antichi, che ogni anno viene allestito nella suggestiva ambientazione del <strong>Monte Orco<\/strong>, in grado di offrire una vista unica sulle colline circostanti. I personaggi sono impersonati dagli stessi abitanti di Tricase, che si alternano per intrattenere le migliaia di visitatori provenienti da tutta Italia, giunti a Tricase appositamente per assistere allo spettacolo. E uno dei promotori tricasini della prima ora \u00e8 stato proprio il dottor Giuseppe Colazzo, che ha dato sempre anche un ugual contributo alla festa annuale di San Vito patrono della cittadina.<a href=\"https:\/\/blog.ilgiornale.it\/franza\/files\/2017\/12\/Genga-e1513204903715.jpg\"><img loading=\"lazy\" class=\"alignleft size-full wp-image-11204\" src=\"https:\/\/blog.ilgiornale.it\/franza\/files\/2017\/12\/Genga-e1513204903715.jpg\" alt=\"Genga\" width=\"450\" height=\"159\" \/><\/a> Tutto \u00e8 ricostruito nel presepe tricasino \u00a0con <strong>estrema accuratezza<\/strong>, dai costumi \u00a0romani e palestinesi, fino agli arnesi agricoli e agli utensili, fatti mano da artigiani del luogo. Il presepe di Tricase si svolge ogni anno dal 24 al 30 dicembre e dal primo al 6 di gennaio. Inoltre parte dei proventi sono devoluti a una Onlus locale, rafforzando cos\u00ec lo spirito d\u2019amore e amicizia che accompagna <a href=\"https:\/\/blog.ilgiornale.it\/franza\/files\/2017\/12\/test2.jpg\"><img loading=\"lazy\" class=\"alignleft size-full wp-image-11203\" src=\"https:\/\/blog.ilgiornale.it\/franza\/files\/2017\/12\/test2.jpg\" alt=\"test2\" width=\"244\" height=\"183\" \/><\/a>l\u2019evento.<\/h3>\n<h3><strong><a href=\"https:\/\/blog.ilgiornale.it\/franza\/files\/2017\/12\/genga1.jpg\"><img loading=\"lazy\" class=\" size-full wp-image-11202 alignright\" src=\"https:\/\/blog.ilgiornale.it\/franza\/files\/2017\/12\/genga1.jpg\" alt=\"genga1\" width=\"259\" height=\"194\" \/><\/a>Il presepe vivente pi\u00f9 grande del mondo a Genga nelle Marche. E per finire\u00a0 se volete visitare il presepe vivente pi\u00f9 grande del mondo non dovete far altro che recarvi a \u00a0Genga in provincia di Ancona. Qui ogni Natale viene allestito un presepe che copre una superficie di oltre 30 mila metri quadrati all\u2019interno della famosissima Gola di Frasassi, con la partecipazione di oltre 300 figuranti provenienti dai vicini comuni. Tale presepe \u00a0attira per ogni edizione quasi 400 mila persone, grazie alle \u00a0quali riesce a raccogliere cifre importanti da devolvere in beneficienza alle associazioni del luogo. La rappresentazione \u00e8 piuttosto complessa e vede la partecipazione di pastori, pescatori, contadini, artigiani, fabbri, ricamatrici e calzolai, tutti intenti a far rivivere la nascita di Cristo, iniziatore di una nuova storia, di una nuova era, e di una nuova e sacrosanta religione qual\u2019 \u00e8 la nostra, diffusa nell\u2019intero mondo.<\/strong><\/h3>\n<h2><strong>Carlo Franza \u00a0<\/strong><\/h2>\n<p><strong>\u00a0<\/strong><\/p>\n","protected":false},"excerpt":{"rendered":"<p><p>Mentre i colleghi di Der Spiegel pubblicano una vignetta blasfema sul Natale, \u00a0che qui non pubblico per rispetto all\u2019evento sacro per eccellenza, preferisco dare voce e far conoscere\u00a0 a italiani ed europei \u00a0\u00a0i presepi italiani \u00a0che restano \u00a0fra i pi\u00f9 grandi e i pi\u00f9 belli del mondo. Ecco\u00a0\u00a0 dove sono nascosti. \u00a0Oltre all\u2019albero quando si pensa al Natale c\u2019\u00e8 un altro simbolo pi\u00f9 vivo, il presepe, che in Italia vanta una tradizione davvero molto antica. Nel nostro paese, infatti, vengono realizzati presepi italiani\u00a0 tra i pi\u00f9 grandi e i pi\u00f9 belli al mondo. Si tratta di vere e proprie opere [&hellip;]<\/p>\n&nbsp;&nbsp;<div class=\"readmore\"><a href=\"https:\/\/blog.ilgiornale.it\/franza\/2017\/12\/13\/i-presepi-piu-in-ditalia-da-manarola-liguria-a-tricase-puglia-ecco-le-radici-cristiane-ditalia-e-deuropa-a-differenza-della-vignetta-blasfema-sul\/\">Continua a leggere...<\/a><\/div><\/p>","protected":false},"author":1009,"featured_media":0,"comment_status":"open","ping_status":"closed","sticky":false,"template":"","format":"standard","meta":[],"categories":[59281,9894,10357,53747,44441,87,17505,17040,28369,51665,4625,28291],"tags":[59480,35259,271418,271416,271421,271415,271417,271419,271420,269335],"_links":{"self":[{"href":"https:\/\/blog.ilgiornale.it\/franza\/wp-json\/wp\/v2\/posts\/11194"}],"collection":[{"href":"https:\/\/blog.ilgiornale.it\/franza\/wp-json\/wp\/v2\/posts"}],"about":[{"href":"https:\/\/blog.ilgiornale.it\/franza\/wp-json\/wp\/v2\/types\/post"}],"author":[{"embeddable":true,"href":"https:\/\/blog.ilgiornale.it\/franza\/wp-json\/wp\/v2\/users\/1009"}],"replies":[{"embeddable":true,"href":"https:\/\/blog.ilgiornale.it\/franza\/wp-json\/wp\/v2\/comments?post=11194"}],"version-history":[{"count":2,"href":"https:\/\/blog.ilgiornale.it\/franza\/wp-json\/wp\/v2\/posts\/11194\/revisions"}],"predecessor-version":[{"id":11206,"href":"https:\/\/blog.ilgiornale.it\/franza\/wp-json\/wp\/v2\/posts\/11194\/revisions\/11206"}],"wp:attachment":[{"href":"https:\/\/blog.ilgiornale.it\/franza\/wp-json\/wp\/v2\/media?parent=11194"}],"wp:term":[{"taxonomy":"category","embeddable":true,"href":"https:\/\/blog.ilgiornale.it\/franza\/wp-json\/wp\/v2\/categories?post=11194"},{"taxonomy":"post_tag","embeddable":true,"href":"https:\/\/blog.ilgiornale.it\/franza\/wp-json\/wp\/v2\/tags?post=11194"}],"curies":[{"name":"wp","href":"https:\/\/api.w.org\/{rel}","templated":true}]}}