{"id":11485,"date":"2018-01-17T21:05:10","date_gmt":"2018-01-17T21:05:10","guid":{"rendered":"https:\/\/blog.ilgiornale.it\/franza\/?p=11485"},"modified":"2018-01-17T21:05:10","modified_gmt":"2018-01-17T21:05:10","slug":"tributo-a-carlo-bononi-lultimo-sognatore-dellofficina-ferrarese-in-mostra-a-palazzo-dei-diamanti-a-ferrara","status":"publish","type":"post","link":"https:\/\/blog.ilgiornale.it\/franza\/2018\/01\/17\/tributo-a-carlo-bononi-lultimo-sognatore-dellofficina-ferrarese-in-mostra-a-palazzo-dei-diamanti-a-ferrara\/","title":{"rendered":"Tributo a Carlo Bononi. L\u2019ultimo sognatore dell&#8217;Officina ferrarese in mostra a Palazzo dei Diamanti a Ferrara."},"content":{"rendered":"<p><strong><a href=\"https:\/\/blog.ilgiornale.it\/franza\/files\/2018\/01\/72625-SanSebastiano-e1516222470772.jpg\"><img loading=\"lazy\" class=\"alignleft size-full wp-image-11486\" src=\"https:\/\/blog.ilgiornale.it\/franza\/files\/2018\/01\/72625-SanSebastiano-e1516222470772.jpg\" alt=\"72625-SanSebastiano\" width=\"300\" height=\"225\" \/><\/a>Non c\u2019\u00e8 dubbio, il suo nome \u00e8 stato accostato a quelli di Caravaggio e Zurbar\u00e1n. E Guido Reni ne ammirava la \u201csapienza grande nel disegno e nella forza del colorito\u201d. Pochi sono stati capaci di dipingere nudi maschili pi\u00f9 potenti e seducenti di quelli creati da Carlo Bononi. Le sue tele sono vere e proprie meraviglie pittoriche create in tempi tragici, di carestie e pestilenze, nell\u2019Italia di inizio Seicento. A servizio, ma non troppo, della Controriforma.<\/strong><\/p>\n<p><a href=\"https:\/\/blog.ilgiornale.it\/franza\/files\/2018\/01\/72627-BononiSanSebastiano-e1516222563876.jpg\"><img loading=\"lazy\" class=\" size-full wp-image-11487 alignright\" src=\"https:\/\/blog.ilgiornale.it\/franza\/files\/2018\/01\/72627-BononiSanSebastiano-e1516222563876.jpg\" alt=\"72627-BononiSanSebastiano\" width=\"300\" height=\"225\" \/><\/a><strong>Un capitolo della storia dell\u2019arte affascinante anche se poco conosciuto. La mostra che ho visto qualche settimana fa\u00a0 \u00e8\u00a0 certo \u00a0un appuntamento espositivo riservato a uno dei grandi protagonisti della pittura del Seicento: il ferrarese Carlo Bononi, il cui nome, non a<\/strong><a href=\"https:\/\/blog.ilgiornale.it\/franza\/files\/2018\/01\/72623-GenioArti-e1516222616734.jpg\"><img loading=\"lazy\" class=\"alignleft size-full wp-image-11488\" src=\"https:\/\/blog.ilgiornale.it\/franza\/files\/2018\/01\/72623-GenioArti-e1516222616734.jpg\" alt=\"72623-GenioArti\" width=\"300\" height=\"225\" \/><\/a><strong> caso, \u00e8 stato spesso accostato a quelli di Zurbar\u00e1n o di Caravaggio. E\u2019 stata questa la prima monografica a lui dedicata a Palazzo dei Diamanti a Ferrara,<\/strong> organizzata dalla Fondazione Ferrara Arte, curata da Giovanni Sassu, conservatore dei Musei d\u2019Arte Antica della citt\u00e0 estense e dalla collega \u00a0Francesca Cappelletti, docente di Storia dell\u2019Arte Moderna dell\u2019Universit\u00e0 degli Studi di Ferrara.<\/p>\n<p>Per secoli Bononi, come del resto l\u2019intero Seicento ferrarese, \u00e8 rima<a href=\"https:\/\/blog.ilgiornale.it\/franza\/files\/2018\/01\/54367-Bononi-e1516222653430.jpg\"><img loading=\"lazy\" class=\" size-full wp-image-11489 alignright\" src=\"https:\/\/blog.ilgiornale.it\/franza\/files\/2018\/01\/54367-Bononi-e1516222653430.jpg\" alt=\"54367-Bononi\" width=\"300\" height=\"225\" \/><\/a>sto in ombra, offuscato dal<br \/>\nricordo della magica stagione rinascimentale degli Este. Una lenta operazione di recupero critico ha progressivamente messo a fuoco la figura di un artista unico, che seppe interpretare in modo sublime e intimamente partecipato la tensione religiosa del suo tempo.<\/p>\n<p><strong>Pittore di scene mitologiche nonch\u00e9 di grandi cicli decor<\/strong><strong><a href=\"https:\/\/blog.ilgiornale.it\/franza\/files\/2018\/01\/72619-SantAgata-e1516222696683.jpg\"><img loading=\"lazy\" class=\"alignleft size-full wp-image-11490\" src=\"https:\/\/blog.ilgiornale.it\/franza\/files\/2018\/01\/72619-SantAgata-e1516222696683.jpg\" alt=\"72619-SantAgata\" width=\"300\" height=\"225\" \/><\/a><\/strong><strong>ativi sacri e di pale d\u2019altare, Bononi elabora un linguaggio pittorico che pone al centro l\u2019emozione, il rapporto intimo e sentimentale tra le figure dipinte e l\u2019osservatore. Negli anni drammatici dei contrasti religiosi, dei terremoti e delle pestilenze, il sapiente uso della luce e il magistrale ricorso alla teatralit\u00e0 fanno di lui uno dei primi pittori barocchi della penisola, come testimoniano le seducenti decorazioni di Santa Maria in Vado.<a href=\"https:\/\/blog.ilgiornale.it\/franza\/files\/2018\/01\/72631-NoliMeTangere-e1516222755526.jpg\"><img loading=\"lazy\" class=\" size-full wp-image-11491 alignright\" src=\"https:\/\/blog.ilgiornale.it\/franza\/files\/2018\/01\/72631-NoliMeTangere-e1516222755526.jpg\" alt=\"72631-NoliMeTangere\" width=\"300\" height=\"225\" \/><\/a><br \/>\n<\/strong><br \/>\nMa Bononi fu anche un grande naturalista, nelle sue opere il sacro dialoga con il quotidiano. Tele come il \u201cMiracolo di Soriano\u201d o \u201cl\u2019Angelo custode\u201d mostrano quanto sentita fosse per l\u2019artista la necessit\u00e0 di calare il racconto religioso nella realt\u00e0, incarnando santi e madonne in persone reali e concretamente riconoscibili. In questa prospettiva, pochi come lui hanno saputo coniugare il nudo maschile con le esigenze rappresentative dell\u2019Italia ancora controriformista di inizio Seicento: i suoi martiri e i suoi santi sono dipinti con perfezione potente e, al contempo, suadente, ma senza alcun gusto voyeuristico. Tutto questo era ben chiaro agli occhi dei contemporanei. <strong>Il \u201cdivino\u201d Guido Reni, a pochi mesi di distanza dalla morte di Carlo, avvenuta nel 1632, lo esaltava descrivendolo \u201cpittore non ordinario\u201d dal \u201cfare grande e primario\u201d, dotato di \u201cuna sapienza grande nel disegno e nella forza del colorito\u201d.<\/strong> Il giudizio di Reni\u00a0 \u00e8 certo messo alla prova dopo la visione della mostra\u00a0 per via \u00a0della sapienza del disegno e della forza del colorito di Carlo Bononi.<\/p>\n<p><strong>Carlo Franza <\/strong><\/p>\n","protected":false},"excerpt":{"rendered":"<p><p>Non c\u2019\u00e8 dubbio, il suo nome \u00e8 stato accostato a quelli di Caravaggio e Zurbar\u00e1n. E Guido Reni ne ammirava la \u201csapienza grande nel disegno e nella forza del colorito\u201d. Pochi sono stati capaci di dipingere nudi maschili pi\u00f9 potenti e seducenti di quelli creati da Carlo Bononi. Le sue tele sono vere e proprie meraviglie pittoriche create in tempi tragici, di carestie e pestilenze, nell\u2019Italia di inizio Seicento. A servizio, ma non troppo, della Controriforma. Un capitolo della storia dell\u2019arte affascinante anche se poco conosciuto. La mostra che ho visto qualche settimana fa\u00a0 \u00e8\u00a0 certo \u00a0un appuntamento espositivo riservato [&hellip;]<\/p>\n&nbsp;&nbsp;<div class=\"readmore\"><a href=\"https:\/\/blog.ilgiornale.it\/franza\/2018\/01\/17\/tributo-a-carlo-bononi-lultimo-sognatore-dellofficina-ferrarese-in-mostra-a-palazzo-dei-diamanti-a-ferrara\/\">Continua a leggere...<\/a><\/div><\/p>","protected":false},"author":1009,"featured_media":0,"comment_status":"open","ping_status":"closed","sticky":false,"template":"","format":"standard","meta":[],"categories":[9894,53747,53652,41640,35351,17505,35188,64,53611,51665,4625],"tags":[288030,288031,4332,41671,59480,3131,288029,288028],"_links":{"self":[{"href":"https:\/\/blog.ilgiornale.it\/franza\/wp-json\/wp\/v2\/posts\/11485"}],"collection":[{"href":"https:\/\/blog.ilgiornale.it\/franza\/wp-json\/wp\/v2\/posts"}],"about":[{"href":"https:\/\/blog.ilgiornale.it\/franza\/wp-json\/wp\/v2\/types\/post"}],"author":[{"embeddable":true,"href":"https:\/\/blog.ilgiornale.it\/franza\/wp-json\/wp\/v2\/users\/1009"}],"replies":[{"embeddable":true,"href":"https:\/\/blog.ilgiornale.it\/franza\/wp-json\/wp\/v2\/comments?post=11485"}],"version-history":[{"count":1,"href":"https:\/\/blog.ilgiornale.it\/franza\/wp-json\/wp\/v2\/posts\/11485\/revisions"}],"predecessor-version":[{"id":11492,"href":"https:\/\/blog.ilgiornale.it\/franza\/wp-json\/wp\/v2\/posts\/11485\/revisions\/11492"}],"wp:attachment":[{"href":"https:\/\/blog.ilgiornale.it\/franza\/wp-json\/wp\/v2\/media?parent=11485"}],"wp:term":[{"taxonomy":"category","embeddable":true,"href":"https:\/\/blog.ilgiornale.it\/franza\/wp-json\/wp\/v2\/categories?post=11485"},{"taxonomy":"post_tag","embeddable":true,"href":"https:\/\/blog.ilgiornale.it\/franza\/wp-json\/wp\/v2\/tags?post=11485"}],"curies":[{"name":"wp","href":"https:\/\/api.w.org\/{rel}","templated":true}]}}