{"id":11578,"date":"2018-01-28T18:41:30","date_gmt":"2018-01-28T18:41:30","guid":{"rendered":"https:\/\/blog.ilgiornale.it\/franza\/?p=11578"},"modified":"2018-01-28T18:41:30","modified_gmt":"2018-01-28T18:41:30","slug":"genova-la-citta-della-lanterna-genova-e-il-suo-faro-piu-antico-del-mondo-890-anni-fra-medioevo-e-loggi-in-mostra-a-palazzo-reale","status":"publish","type":"post","link":"https:\/\/blog.ilgiornale.it\/franza\/2018\/01\/28\/genova-la-citta-della-lanterna-genova-e-il-suo-faro-piu-antico-del-mondo-890-anni-fra-medioevo-e-loggi-in-mostra-a-palazzo-reale\/","title":{"rendered":"Genova, la citt\u00e0 della Lanterna. Genova e il suo faro pi\u00f9 antico del mondo (890 anni) fra Medioevo e l\u2019oggi, in mostra a Palazzo Reale."},"content":{"rendered":"<p><a href=\"https:\/\/blog.ilgiornale.it\/franza\/files\/2018\/01\/SEIxTRE_MANIFESTO-e1517164258460.jpg\"><img loading=\"lazy\" class=\"alignleft size-full wp-image-11579\" src=\"https:\/\/blog.ilgiornale.it\/franza\/files\/2018\/01\/SEIxTRE_MANIFESTO-e1517164258460.jpg\" alt=\"SEIxTRE_MANIFESTO\" width=\"340\" height=\"170\" \/><\/a>La mostra, organizzata dal <strong>Museo autonomo di Palazzo Reale di Genova<\/strong>, in collaborazione con il <strong>Comune di Genova<\/strong>, ed aperta fino al 4 febbraio 2018, \u00a0offre al pubblico un quadro storico delle rappresentazioni figurative della Lanterna, del porto di Genova e della citt\u00e0 intera, a partire dalle prime mappe rinascimentali e fino agli scatti fotografici del Novecento, passando dai pittori del <em>Grand Tour<\/em> e dai paesaggisti dell\u2019Ottocento. D\u2019altronde il faro-lanterna \u00a0sta a Genova come la Madonnina a Milano.<a href=\"https:\/\/blog.ilgiornale.it\/franza\/files\/2018\/01\/fba8c9da9fe0ffe958b36ded693166da83bebf11.jpg\"><img loading=\"lazy\" class=\"  wp-image-11580 alignright\" src=\"https:\/\/blog.ilgiornale.it\/franza\/files\/2018\/01\/fba8c9da9fe0ffe958b36ded693166da83bebf11.jpg\" alt=\"fba8c9da9fe0ffe958b36ded693166da83bebf11\" width=\"391\" height=\"293\" srcset=\"https:\/\/blog.ilgiornale.it\/franza\/files\/2018\/01\/fba8c9da9fe0ffe958b36ded693166da83bebf11.jpg 500w, https:\/\/blog.ilgiornale.it\/franza\/files\/2018\/01\/fba8c9da9fe0ffe958b36ded693166da83bebf11-300x225.jpg 300w\" sizes=\"(max-width: 391px) 100vw, 391px\" \/><\/a><\/p>\n<p>Sono \u00a0esposte <strong>oltre 200 opere<\/strong> <strong>tra incisioni, disegni, dipinti, poster e fotografie<\/strong>. Le opere provengono dall\u2019Archivio di Stato di Genova, dalle collezioni del Comune di Genova, dei Musei Reali di Torino, di Ca\u2019 Pesaro di Venezia, della Banca Carige, della Camera di Commercio di Genova, dagli archivi delle soprintendenze liguri, ma anche da numerose collezioni private con esposizione di materiali rari o inediti. Quadri, stampe, disegni, carte topografiche, fotografie, poster proverranno anche da musei italiani ed europei. Genova non aveva mai dedicato una mostra alla Lanterna, il suo faro medievale, elemento che ha caratterizzato il paesaggio urbano sin dalle prime rappresentazioni della citt\u00e0. La sua struttura eccezionale (fino al 1902 \u00e8 stato il faro pi\u00f9 alto del mondo), la posizione emergente al limite estremo del colle di San Benigno a chiudere l\u2019arco del porto antico a ponente, l\u2019hanno promossa spontaneamente come uno dei simboli principali dell\u2019<strong><em>Imago Urbis<\/em><\/strong>.<a href=\"https:\/\/blog.ilgiornale.it\/franza\/files\/2018\/01\/ippolito-caffi-veduta-del-porto-antico-di-genova-e-di-palazzo-del-principe.jpg\"><img loading=\"lazy\" class=\"alignleft  wp-image-11581\" src=\"https:\/\/blog.ilgiornale.it\/franza\/files\/2018\/01\/ippolito-caffi-veduta-del-porto-antico-di-genova-e-di-palazzo-del-principe.jpg\" alt=\"ippolito-caffi-veduta-del-porto-antico-di-genova-e-di-palazzo-del-principe\" width=\"423\" height=\"318\" srcset=\"https:\/\/blog.ilgiornale.it\/franza\/files\/2018\/01\/ippolito-caffi-veduta-del-porto-antico-di-genova-e-di-palazzo-del-principe.jpg 500w, https:\/\/blog.ilgiornale.it\/franza\/files\/2018\/01\/ippolito-caffi-veduta-del-porto-antico-di-genova-e-di-palazzo-del-principe-300x226.jpg 300w\" sizes=\"(max-width: 423px) 100vw, 423px\" \/><\/a><\/p>\n<p><strong>Cos\u00ec scriveva Gustave Flaubert:\u201c<em>Da Voltri a Genova si vedono sempre case, tutto annuncia una grande citt\u00e0. Presto il porto appare e si vede la bella citt\u00e0 seduta ai piedi delle montagne: <\/em><\/strong><strong><em>il faro della Lanterna<\/em><\/strong><em><strong>, come un minareto, d\u00e0 all\u2019insieme qualche cosa d\u2019orientale e si pensa a Costantinopoli<\/strong><\/em><strong>\u201d. <\/strong><\/p>\n<p><strong>Ottocentonovantanni\u00a0 non sono pochi<\/strong>. La Lanterna ha la su bella et\u00e0. \u00c8 la \u201csignora\u201d di Genova, simbolo intramontabile della citt\u00e0 \u201csuperba\u201d. Dalla sua antica origine alla ricostruzione del 1543 domina incontrastata \u00a0<em>l\u2019immagine della citt\u00e0.<\/em> <a href=\"https:\/\/blog.ilgiornale.it\/franza\/files\/2018\/01\/william-parrott-veduta-del-porto-di-genova-dallo-scoglio-campana-1854.jpg\"><img loading=\"lazy\" class=\"  wp-image-11582 alignright\" src=\"https:\/\/blog.ilgiornale.it\/franza\/files\/2018\/01\/william-parrott-veduta-del-porto-di-genova-dallo-scoglio-campana-1854.jpg\" alt=\"william-parrott-veduta-del-porto-di-genova-dallo-scoglio-campana-1854\" width=\"375\" height=\"282\" srcset=\"https:\/\/blog.ilgiornale.it\/franza\/files\/2018\/01\/william-parrott-veduta-del-porto-di-genova-dallo-scoglio-campana-1854.jpg 500w, https:\/\/blog.ilgiornale.it\/franza\/files\/2018\/01\/william-parrott-veduta-del-porto-di-genova-dallo-scoglio-campana-1854-300x226.jpg 300w\" sizes=\"(max-width: 375px) 100vw, 375px\" \/><\/a><strong>Il <strong>faro<\/strong><\/strong> <strong>pi\u00f9 alto del Mediterraneo, secondo in Europa e quinto al mondo con i suoi <strong>76 metri<\/strong> di altezza \u00e8 diventato, nel corso dei secoli, l\u2019elemento distintivo di questa citt\u00e0 superando e vincendo su altri simboli come il vessillo di San Giorgio o la Madonna regina di Genova, dogi e santi patroni. Palazzo Reale<\/strong> <strong>celebra questo importante anniversario della<\/strong> <strong>Lanterna di Genova<\/strong>, con una mostra che racconta lo straordinario rapporto tra questo monumento e i genovesi, un legame imprescindibile che continua e non si esaurisce col tempo e con lo spazio. \u201c<em>Ma se ghe penso al\u00f4a mi veddo o m\u00e2, veddo i m\u00e6 monti, a ciassa da Non\u00e7i\u00e2, riveddo o Righi e me s&#8217;astrenze o cheu, veddo a <\/em><strong><em>lanterna<\/em><\/strong>\u201d. <a href=\"https:\/\/blog.ilgiornale.it\/franza\/files\/2018\/01\/0-Lanterna-1320-da-Storia-di-Genova-e-della-Liguria-di-M.Dolcino-ed.ERGA_-e1517164528776.jpg\"><img loading=\"lazy\" class=\"alignleft size-full wp-image-11583\" src=\"https:\/\/blog.ilgiornale.it\/franza\/files\/2018\/01\/0-Lanterna-1320-da-Storia-di-Genova-e-della-Liguria-di-M.Dolcino-ed.ERGA_-e1517164528776.jpg\" alt=\"0 Lanterna 1320 da Storia di Genova e della Liguria di M.Dolcino ed.ERGA\" width=\"314\" height=\"550\" \/><\/a>L\u2019immagine della lanterna sempre nel cuore, soprattutto dei tanti emigranti che salparono verso nuove frontiere. <strong>Oltre 200 opere<\/strong>, tra incisioni, disegni, dipinti, poster e fotografie provenienti da musei italiani ed europei per una passeggiata nel tempo, dal medioevo ad oggi l\u2019iconografia della lanterna com\u2019\u00e8 nata e cambiata diventando il <em>leit motif<\/em> del porto e della citt\u00e0. Dalla prima rappresentazione figurata nota, quella che appare sulla copertina di un manuale di conti del 1371, ai rotocalchi moderni; dalle antiche xilografie con le antiche vedute della citt\u00e0, alle affiche con i transatlantici per il turismo moderno; dagli oggetti che ancora oggi ne documentano la primitiva funzionalit\u00e0, come il vaso d\u2019olio utilizzato quale combustibile per alimentarne la luminosit\u00e0, agli oggetti della contemporaneit\u00e0 che ne consacrano il valore simbolico; dai documenti che testimoniano l\u2019assidua cura dei Padri del Comune nelle manutenzioni e negli ammodernamenti, ai simboli di chi nel porto, all\u2019ombra della Lanterna, ha lavorato per generazioni.<a href=\"https:\/\/blog.ilgiornale.it\/franza\/files\/2018\/01\/luigi-garibbo-veduta-della-lanterna-da-sampierdarena-e1517164586796.jpg\"><img loading=\"lazy\" class=\" size-full wp-image-11584 alignright\" src=\"https:\/\/blog.ilgiornale.it\/franza\/files\/2018\/01\/luigi-garibbo-veduta-della-lanterna-da-sampierdarena-e1517164586796.jpg\" alt=\"luigi-garibbo-veduta-della-lanterna-da-sampierdarena\" width=\"300\" height=\"226\" \/><\/a><\/p>\n<p>E ancora stampe antiche, unitamente alle vedute di <strong>Antonio Giolfi<\/strong>, quella veduta della lanterna vista da Sampierdarena dipinta da \u00a0<strong>Luigi Garibbo, <\/strong>il \u201ccilindro\u201d di <strong>Henry Parke<\/strong>. <strong>Bellissima quella veduta del porto antico di Genova e del Palazzo del Principe di Ippolito Caffi,<\/strong> dipinto colto con una luce dell\u2019imbrunire. \u00a0E se a Genova poi\u00a0 sei nato ti fermi davanti al quadro di William Parrott: veduta di Genova dallo scoglio Campana, il dipinto risale al 1854. Lo scoglio Campana non c\u2019\u00e8 pi\u00f9, \u00e8 coperto da una strada percorsa dalle auto. E il mare non arriva pi\u00f9 fino a quel punto, la citt\u00e0 della Lanterna ha cambiato aspetto. <em>Genova la citt\u00e0 della lanterna<\/em> \u00e8 un omaggio alla bellezza del faro pi\u00f9 antico al mondo, che ancora oggi affascina e caratterizza il paesaggio di una fra le citt\u00e0 \u00a0italiane \u00a0pi\u00f9 antiche e care.<\/p>\n<p><strong>Carlo Franza <\/strong><\/p>\n","protected":false},"excerpt":{"rendered":"<p><p>La mostra, organizzata dal Museo autonomo di Palazzo Reale di Genova, in collaborazione con il Comune di Genova, ed aperta fino al 4 febbraio 2018, \u00a0offre al pubblico un quadro storico delle rappresentazioni figurative della Lanterna, del porto di Genova e della citt\u00e0 intera, a partire dalle prime mappe rinascimentali e fino agli scatti fotografici del Novecento, passando dai pittori del Grand Tour e dai paesaggisti dell\u2019Ottocento. D\u2019altronde il faro-lanterna \u00a0sta a Genova come la Madonnina a Milano. Sono \u00a0esposte oltre 200 opere tra incisioni, disegni, dipinti, poster e fotografie. Le opere provengono dall\u2019Archivio di Stato di Genova, dalle collezioni [&hellip;]<\/p>\n&nbsp;&nbsp;<div class=\"readmore\"><a href=\"https:\/\/blog.ilgiornale.it\/franza\/2018\/01\/28\/genova-la-citta-della-lanterna-genova-e-il-suo-faro-piu-antico-del-mondo-890-anni-fra-medioevo-e-loggi-in-mostra-a-palazzo-reale\/\">Continua a leggere...<\/a><\/div><\/p>","protected":false},"author":1009,"featured_media":0,"comment_status":"open","ping_status":"closed","sticky":false,"template":"","format":"standard","meta":[],"categories":[44800,59281,44662,9894,28386,44441,87,35351,35224,28340,35266,17505,35188,34308,51708,44805,28369,51665,4625],"tags":[288081,59480,288079,288083,77101,288078,288082,17520,23338,288080],"_links":{"self":[{"href":"https:\/\/blog.ilgiornale.it\/franza\/wp-json\/wp\/v2\/posts\/11578"}],"collection":[{"href":"https:\/\/blog.ilgiornale.it\/franza\/wp-json\/wp\/v2\/posts"}],"about":[{"href":"https:\/\/blog.ilgiornale.it\/franza\/wp-json\/wp\/v2\/types\/post"}],"author":[{"embeddable":true,"href":"https:\/\/blog.ilgiornale.it\/franza\/wp-json\/wp\/v2\/users\/1009"}],"replies":[{"embeddable":true,"href":"https:\/\/blog.ilgiornale.it\/franza\/wp-json\/wp\/v2\/comments?post=11578"}],"version-history":[{"count":1,"href":"https:\/\/blog.ilgiornale.it\/franza\/wp-json\/wp\/v2\/posts\/11578\/revisions"}],"predecessor-version":[{"id":11585,"href":"https:\/\/blog.ilgiornale.it\/franza\/wp-json\/wp\/v2\/posts\/11578\/revisions\/11585"}],"wp:attachment":[{"href":"https:\/\/blog.ilgiornale.it\/franza\/wp-json\/wp\/v2\/media?parent=11578"}],"wp:term":[{"taxonomy":"category","embeddable":true,"href":"https:\/\/blog.ilgiornale.it\/franza\/wp-json\/wp\/v2\/categories?post=11578"},{"taxonomy":"post_tag","embeddable":true,"href":"https:\/\/blog.ilgiornale.it\/franza\/wp-json\/wp\/v2\/tags?post=11578"}],"curies":[{"name":"wp","href":"https:\/\/api.w.org\/{rel}","templated":true}]}}