{"id":11621,"date":"2018-02-01T22:01:39","date_gmt":"2018-02-01T22:01:39","guid":{"rendered":"https:\/\/blog.ilgiornale.it\/franza\/?p=11621"},"modified":"2018-02-01T22:01:39","modified_gmt":"2018-02-01T22:01:39","slug":"senza-figli-litalia-e-in-trappola-e-linverno-demografico-suona-lallarme","status":"publish","type":"post","link":"https:\/\/blog.ilgiornale.it\/franza\/2018\/02\/01\/senza-figli-litalia-e-in-trappola-e-linverno-demografico-suona-lallarme\/","title":{"rendered":"Senza figli l\u2019Italia \u00e8 in trappola. E\u2019 l\u2019inverno demografico. Suona l\u2019allarme."},"content":{"rendered":"<p><strong><a href=\"https:\/\/blog.ilgiornale.it\/franza\/files\/2018\/02\/childfree.jpg\"><img loading=\"lazy\" class=\"alignleft size-full wp-image-11622\" src=\"https:\/\/blog.ilgiornale.it\/franza\/files\/2018\/02\/childfree.jpg\" alt=\"childfree\" width=\"181\" height=\"200\" \/><\/a>La campagna elettorale entrata nel vivo, facce vecchie tante e molte riciclate, parolai tantissimi, \u00a0candidati che non hanno esperienza politica e di lavoro e che \u00a0parlano addirittura in un italiano regionale\u00a0 e pieno di errori come Di Maio, un Pd scoppiato, \u00a0promesse da disgusto e che fanno prevedere il nulla. C\u2019\u00e8 da mettersi le mani nei capelli e sperare che dalle urne venga fuori qualcosa per voltare pagina, e sul serio. Diversamente il parallelismo tra \u201cil biennio rosso\u201d\u00a0\u00a0 storico, e dunque l\u2019anarchia e il caos,\u00a0 che ci fu nei primi anni Venti del Novecento, e l\u2019oggi, potrebbero\u00a0 aprire le porte a un&#8217;altra dittatura. Ma non di questo oggi vogliam parlare. Solo che passati in rassegna tutti i programmi elettorali, sulla famiglia, sulle nascite, sui figli, ecc. ecc. tutti glissano, nessuno ne parla, \u00a0girano alla larga e non sanno che siamo dentro l\u2019inverno demografico. E senza figli l\u2019Italia \u00e8 in trappola.<a href=\"https:\/\/blog.ilgiornale.it\/franza\/files\/2018\/02\/d1.jpg\"><img loading=\"lazy\" class=\"alignleft size-full wp-image-11623\" src=\"https:\/\/blog.ilgiornale.it\/franza\/files\/2018\/02\/d1.jpg\" alt=\"d1\" width=\"200\" height=\"166\" \/><\/a> D\u2019altronde sappiamo tutti che i migranti a far figli sono abituati\u00a0 e ogni famiglia di questi ne ha una media di cinque e pi\u00f9. E\u2019 necessario che le forze politiche sentano il bisogno di un piano ventennale che impegni\u00a0 tutti perch\u00e9 la demografia \u00e8 il tema principale per la sostenibilit\u00e0 dello sviluppo del nostro Paese Italia nei prossimi 50 anni. Occorre proporre un piano per la fertilit\u00e0 e uno per la natalit\u00e0, con misure universali degne di un paese civile. La natalit\u00e0 non \u00e8 pi\u00f9 un problema, ma \u00e8 un tema da affrontare. E non si pu\u00f2 ragionare solo con i numeri\u00a0 nel senso che fare figli significa che questi un domani \u00a0pagheranno le nostre pensioni. I figli sono un bene per tutti, ad i<\/strong><strong><a href=\"https:\/\/blog.ilgiornale.it\/franza\/files\/2018\/02\/resizer.jpg\"><img loading=\"lazy\" class=\" size-full wp-image-11624 alignright\" src=\"https:\/\/blog.ilgiornale.it\/franza\/files\/2018\/02\/resizer.jpg\" alt=\"resizer\" width=\"200\" height=\"133\" \/><\/a><\/strong><strong>niziare da me, fino a tutti quelli che fanno parte del sistema Italia. Il Patto per la natalit\u00e0 non \u00e8 di questo o quel partito,\u00a0 \u00a0ma di tutti quelli che hanno a cuore il paese e hanno voglia di mettersi in gioco. Non c\u2019\u00e8 lista che tenga,\u00a0 di chi ci sta o non ci sta, senza figli l\u2019Italia \u00e8 finita. Belle e sante parole quelle di Fontana, novello ca<\/strong><a href=\"https:\/\/blog.ilgiornale.it\/franza\/files\/2018\/02\/grafico-eta-stato-civile-2017-alessano.png\"><img loading=\"lazy\" class=\"alignleft size-full wp-image-11628\" src=\"https:\/\/blog.ilgiornale.it\/franza\/files\/2018\/02\/grafico-eta-stato-civile-2017-alessano-e1517521816388.png\" alt=\"grafico-eta-stato-civile-2017-alessano\" width=\"380\" height=\"314\" \/><\/a><strong>ndidato presidente della Regione Lombardia. I figli e le nuove generazioni\u00a0 -se ci saranno- sono il vero cantiere di sviluppo del Paese. E occorre poi pensare seriamente e con i fatti alle politiche di lungo periodo di sostegno alla famiglia. L\u2019Italia deve tornare ad essere il Paese in cui nascere, crescere e fare progetti di vita e di lavoro sia facile e sostenibile. Investire sulle nuove generazioni\u00a0 &#8211; senza aver bisogno di migranti come vuole certa\u00a0 e becera sinistra e certa chiesa bergogliana-\u00a0 significa avere una visione di \u201cidentit\u00e0\u201d della cittadinanza di domani. Negli anni Cinquanta e Sessanta del Novecento soprattutto era il Sud del nostro paese a far figli, oggi invece il Sud \u00e8 tremendamente sofferente e a girarli questi paesi si nota che in essi rimangono solo i\u00a0 vecchi, i pochissimi\u00a0 giovani vanno al Nord a stud<\/strong><a href=\"https:\/\/blog.ilgiornale.it\/franza\/files\/2018\/02\/Alessano-e1517521575766.jpg\"><img loading=\"lazy\" class=\"  wp-image-11625 alignright\" src=\"https:\/\/blog.ilgiornale.it\/franza\/files\/2018\/02\/Alessano-e1517521575766.jpg\" alt=\"Alessano\" width=\"356\" height=\"179\" \/><\/a><strong>iare e poi a lavorare. Ne faccio ad esempio, con una analisi\u00a0 sociologica\u00a0 una rassegna. Circoscrivo un\u2019area italiana, il Salento, l\u2019area oggi dove per le elezioni qui \u00e8 sceso in lizza Massimo D\u2019Alema di Liberi e Uguali contro la Bellanova del Pd<\/strong>. Qui manca tutto, sembra d\u2019essere tornati indietro di cinquant\u2019anni, niente lavoro, povert\u00e0, niente figli, ospizi in quantit\u00e0, moltissimi invalidi, niente sviluppo e con in pi\u00f9 un\u2019agricoltura abbandonata.\u00a0 Cosa mai diranno e faranno \u00a0D\u2019Alema e la Bellanova qui candidati? Continueranno a prendere in giro gli elettori, con promesse inesistenti? \u201cQui, dove siamo tremila e poco pi\u00f9 -dice l\u2019avventore di un bar nel <strong>paese di\u00a0 Morciano di Leuca (Le)-\u00a0 cento persone in meno si notan<\/strong><a href=\"https:\/\/blog.ilgiornale.it\/franza\/files\/2018\/02\/20140405_181744-e1517521630379.jpg\"><img loading=\"lazy\" class=\"alignleft size-full wp-image-11626\" src=\"https:\/\/blog.ilgiornale.it\/franza\/files\/2018\/02\/20140405_181744-e1517521630379.jpg\" alt=\"20140405_181744\" width=\"300\" height=\"225\" \/><\/a><strong>o, eccome!\u201d; da 3.508 del 2001 i morcianesi sono diventati 3.309 (dato del censimento 2016), con il segno meno costante dal 2013.<\/strong> <strong>Nel paese vicino\u00a0 Pat\u00f9 (Le) \u201cl\u2019anno felice\u201d si chiama 2009, quando si registrarono pi\u00f9 nascite che decessi; poi il dato stabile dei 1.700 e pi\u00f9 residenti ha cominciato ad erodersi fino agli attuali 1.685.<\/strong>\u00a0<strong>Anche il Sindaco di Salve (Le) Vincenzo Passaseo, che pure almeno fino al 2016 ha potuto contare 4.649 abitanti<\/strong> (15 anni fa erano 4.553), \u00a0\u00e8 preoccupato lo stesso: \u201cDa almeno cinque anni \u00a0registriamo 60 funerali e trenta nascite. Se ci manteniamo ai livelli attuali \u00e8 grazie a quegli anziani del Nord Italia che hanno preso casa e residenza qui e qui trascorrono diversi mesi l\u2019anno\u201d. <strong>La popolazione invecchia, come nel resto d\u2019Italia, e allora occorre aggiornare le priorit\u00e0: per questo il Comune ha realizzato una casa di riposo da venti posti da concedere in gestione nella frazione di Ruggiano. E per i giovani che vanno via? \u00a0\u00a0Altro problema senza soluzioni a portata di mano.<\/strong> \u00a0Ma questo \u00e8 solo un assaggio della situazione gravissima che esiste in Italia. <strong>Se dunque le italiane e gli italiani non cominceranno a prendersi cura della propria fertilit\u00e0, l\u2019Italia sar\u00e0 destinata a diventare un Paese sempre pi\u00f9 composto da anziani. Le previsioni per il 2050 sono queste: il 12,6% di persone con et\u00e0 inferiore a 15 anni, il 54,4% nella cosiddetta fascia di et\u00e0 attiva (da 15 a 64 anni), un terzo di residenti con 65 anni ed, infine, il 7,6% di persone con 85 anni e pi\u00f9. Un inverno infinito, perch\u00e9 la primavera in questo modo non arriver\u00e0 pi\u00f9.<\/strong><\/p>\n<p><strong>Carlo Franza <\/strong><\/p>\n<p><strong>\u00a0<\/strong><\/p>\n<p>&nbsp;<\/p>\n","protected":false},"excerpt":{"rendered":"<p><p>La campagna elettorale entrata nel vivo, facce vecchie tante e molte riciclate, parolai tantissimi, \u00a0candidati che non hanno esperienza politica e di lavoro e che \u00a0parlano addirittura in un italiano regionale\u00a0 e pieno di errori come Di Maio, un Pd scoppiato, \u00a0promesse da disgusto e che fanno prevedere il nulla. C\u2019\u00e8 da mettersi le mani nei capelli e sperare che dalle urne venga fuori qualcosa per voltare pagina, e sul serio. Diversamente il parallelismo tra \u201cil biennio rosso\u201d\u00a0\u00a0 storico, e dunque l\u2019anarchia e il caos,\u00a0 che ci fu nei primi anni Venti del Novecento, e l\u2019oggi, potrebbero\u00a0 aprire le porte [&hellip;]<\/p>\n&nbsp;&nbsp;<div class=\"readmore\"><a href=\"https:\/\/blog.ilgiornale.it\/franza\/2018\/02\/01\/senza-figli-litalia-e-in-trappola-e-linverno-demografico-suona-lallarme\/\">Continua a leggere...<\/a><\/div><\/p>","protected":false},"author":1009,"featured_media":0,"comment_status":"open","ping_status":"closed","sticky":false,"template":"","format":"standard","meta":[],"categories":[59246,59281,53889,53888,53709,53710,87,64,28369,13541,51665,4625],"tags":[231441,288110,2907,99788,78232,288108,406587,288114,288113,62176,288112,110,288111],"_links":{"self":[{"href":"https:\/\/blog.ilgiornale.it\/franza\/wp-json\/wp\/v2\/posts\/11621"}],"collection":[{"href":"https:\/\/blog.ilgiornale.it\/franza\/wp-json\/wp\/v2\/posts"}],"about":[{"href":"https:\/\/blog.ilgiornale.it\/franza\/wp-json\/wp\/v2\/types\/post"}],"author":[{"embeddable":true,"href":"https:\/\/blog.ilgiornale.it\/franza\/wp-json\/wp\/v2\/users\/1009"}],"replies":[{"embeddable":true,"href":"https:\/\/blog.ilgiornale.it\/franza\/wp-json\/wp\/v2\/comments?post=11621"}],"version-history":[{"count":1,"href":"https:\/\/blog.ilgiornale.it\/franza\/wp-json\/wp\/v2\/posts\/11621\/revisions"}],"predecessor-version":[{"id":11629,"href":"https:\/\/blog.ilgiornale.it\/franza\/wp-json\/wp\/v2\/posts\/11621\/revisions\/11629"}],"wp:attachment":[{"href":"https:\/\/blog.ilgiornale.it\/franza\/wp-json\/wp\/v2\/media?parent=11621"}],"wp:term":[{"taxonomy":"category","embeddable":true,"href":"https:\/\/blog.ilgiornale.it\/franza\/wp-json\/wp\/v2\/categories?post=11621"},{"taxonomy":"post_tag","embeddable":true,"href":"https:\/\/blog.ilgiornale.it\/franza\/wp-json\/wp\/v2\/tags?post=11621"}],"curies":[{"name":"wp","href":"https:\/\/api.w.org\/{rel}","templated":true}]}}