{"id":11679,"date":"2018-02-07T21:17:30","date_gmt":"2018-02-07T21:17:30","guid":{"rendered":"https:\/\/blog.ilgiornale.it\/franza\/?p=11679"},"modified":"2018-02-08T13:46:14","modified_gmt":"2018-02-08T13:46:14","slug":"chi-si-rivede-dalema-riparte-dal-salento-impoverito-e-ormai-ridotto-dalla-sinistra-a-una-terra-anni-cinquanta","status":"publish","type":"post","link":"https:\/\/blog.ilgiornale.it\/franza\/2018\/02\/07\/chi-si-rivede-dalema-riparte-dal-salento-impoverito-e-ormai-ridotto-dalla-sinistra-a-una-terra-anni-cinquanta\/","title":{"rendered":"Chi si rivede, D\u2019Alema. Riparte dal Salento, impoverito e ormai ridotto dalla sinistra a una terra anni Cinquanta."},"content":{"rendered":"<p><strong><a href=\"https:\/\/blog.ilgiornale.it\/franza\/files\/2018\/02\/http-_o.aolcdn.com_hss_storage_midas_2f9faa32b7daefd4870db9f0daf1fe49_206095960_massimo-d-alema-leader-of-liberi-e-uguali-meets-the-foreign-press-on-picture-id912245704-e1518037560453.jpg\"><img loading=\"lazy\" class=\"alignleft size-full wp-image-11680\" src=\"https:\/\/blog.ilgiornale.it\/franza\/files\/2018\/02\/http-_o.aolcdn.com_hss_storage_midas_2f9faa32b7daefd4870db9f0daf1fe49_206095960_massimo-d-alema-leader-of-liberi-e-uguali-meets-the-foreign-press-on-picture-id912245704-e1518037560453.jpg\" alt=\"Italian Politics - General Election 2018 Daily Coverage\" width=\"430\" height=\"215\" \/><\/a>Massimo D\u2019Alema \u00e8 del \u201949, proprio come il sottoscritto. Lo pensavo, ormai prossimo alla pensione, \u00a0dedito alla\u00a0 produzione di vini. E invece cos\u00ec non \u00e8. E\u2019 stato uno di quelli,\u00a0 nella sua appartenenza al\u00a0 vecchio Partito Comunista Italiano, a mettere fuori gioco quel grande statista\u00a0 che \u00e8 stato Bettino Craxi.\u00a0 L\u2019ultimo grande statista che l\u2019Italia abbia avuto.\u00a0 Un proverbio dice : \u201cNon fare agli altri quello che non vuoi sia fatto a te\u201d. Adesso ad essere fuori gioco e fuori dal PD dopo essere stato del PDS\u00a0 \u00e8\u00a0 proprio Massimo D&#8217;Alema, il quale\u00a0 ha ripensato di scendere in campo in un novello partito che pi\u00f9 piccolo non si pu\u00f2, Liberi e Uguali (LEU)<\/strong>. \u00a0Pensate, si trova candidato nel Salento per Leu\u00a0 ed ha come avversario Teresa Bellanova del PD\u00a0 ex bracciante agricola. <a href=\"https:\/\/blog.ilgiornale.it\/franza\/files\/2018\/02\/Teresa_Bellanova_daticamera.jpg\"><img loading=\"lazy\" class=\" size-full wp-image-11682 alignright\" src=\"https:\/\/blog.ilgiornale.it\/franza\/files\/2018\/02\/Teresa_Bellanova_daticamera.jpg\" alt=\"Teresa_Bellanova_daticamera\" width=\"165\" height=\"228\" \/><\/a>Il Salento, vale a dire le province di Lecce, Brindisi e Taranto, dopo il boom degli anni Sessanta e Settanta ha subito, con il PCI che ha retto moltissimi\u00a0 comuni, un degrado economico e sociale da fare spavento.<strong> Questa \u00e8 la terra della \u201cpizzica\u201d e della \u201cNotte della Taranta\u201d. Qui a percorrere questi paesi ci si accorge d\u2019essere piombati cos\u00ec indietro che il parallelo con gli anni Cinquanta del Novecento c\u2019\u00e8 eccome. Oggi crescita zero, disoccupazione alle stelle, di giovani neppure l\u2019ombra perch\u00e9 sono tutti al nord per studi e lavoro, sanit\u00e0 deficitaria vista la chiusura di molti ospedali,\u00a0 in quasi tutti i paesi ci sono cooperative\u00a0 e preti\u00a0 che gestiscono \u201cmigranti\u201d -d\u2019altronde rendono e bene-, qui si sverna e si muore visto che sono moltiplicati gli ospizi per anziani e non autosufficienti. <a href=\"https:\/\/blog.ilgiornale.it\/franza\/files\/2018\/02\/8f944940d308e3c4b327f8a350475de2.jpg\"><img loading=\"lazy\" class=\"alignleft size-full wp-image-11681\" src=\"https:\/\/blog.ilgiornale.it\/franza\/files\/2018\/02\/8f944940d308e3c4b327f8a350475de2.jpg\" alt=\"Ue: D'Alema, LeU e Pd contro populisti?Renzi alleato del Cav\" width=\"457\" height=\"305\" srcset=\"https:\/\/blog.ilgiornale.it\/franza\/files\/2018\/02\/8f944940d308e3c4b327f8a350475de2.jpg 457w, https:\/\/blog.ilgiornale.it\/franza\/files\/2018\/02\/8f944940d308e3c4b327f8a350475de2-300x200.jpg 300w\" sizes=\"(max-width: 457px) 100vw, 457px\" \/><\/a>Ebbene da queste parti, qui in Salento dove D\u2019Alema ha imperato negli anni scorsi, D\u2019Alema \u00a0torna a mietere il grano. \u00a0<\/strong><strong>\u201cAvevo smesso, mi hanno chiesto di tornare ad impegnarmi per il Salento. Non riesco a concepire una campagna elettorale che non sia l\u00ec, mi emoziona\u201d.<\/strong> Lo ha detto Massimo D&#8217;Alema a &#8216;Fatti e misfatti&#8217;, su Tgcom24. \u201cContinuo a pensare che un grande Paese civile abbia bisogno di politica con la P maiuscola, che non c&#8217;\u00e8 pi\u00f9. Chiedo ai miei elettori di proteggere il panda, una specie in via di estinzione. Senza classe dirigente il Paese \u00e8 a rischio\u201d. <strong>Anche a me, professore e giornalista, due significativi \u00a0partiti avevano offerto un seggio sicuro al Senato della Repubblica, ma ho rifiutato. Oggi ci vuole ben altro che un seggio sicuro, per il bene del Paese Italia. \u00a0<\/strong>\u00a0Torniamo al filo del discorso. <strong>Ne ha per tutti il vecchio ex PCI, perch\u00e9 ha criticato il PD<\/strong>. Quanto a Matteo Renzi, dice: \u201cio ho sempre preferito occuparmi dei problemi pi\u00f9 che delle persone. Anche adesso sento \u201cil partito di D&#8217;Alema, il partito di D&#8217;Alema\u201d&#8230;\u00c8 talmente antipatico alla maggior parte degli italiani che ogni volta che mi attacca frontalmente mi fa un favore\u201d. <strong>E gi\u00e0, d\u00e0 dell\u2019antipatico a Renzi come se lui \u00a0fosse simpaticissimo, anzi.<\/strong> <strong>L\u2019antipatico \u00e8 proprio lui. Ha criticato anche i 5Stelle:<\/strong> \u201cNon li demonizzo, ma M5S non \u00e8 in grado di cambiare. Noi vogliamo cambiare e abbiamo l&#8217;esperienza politica per farlo\u201d. <strong>E ne ha anche per Berlusconi, anzi contro Silvio Berlusconi:<\/strong> \u201cDice che i <strong>migranti <\/strong>sono una bomba sociale? Berlusconi mi sta anche simpatico, poi io mi ricordo cosa ha promesso nel &#8217;94. Poi lui ha governato per nove anni e le tasse non sono calate, le pensioni non sono aumentate, il ponte sullo Stretto non c&#8217;\u00e8 e non ha fermato i migranti. Lui ha fatto la pi\u00f9 grande sanatoria della storia d&#8217;Italia, ha legalizzato un milione di clandestini. Quindi io sono tranquillo, tutto quello che dice Berlusconi non avverr\u00e0\u201d, tuona a TgCom24 l&#8217;esponente di LeU. <strong>\u201cSe chiudiamo le frontiere per difendere la razza bianca -sottolinea \u00a0D\u2019Alema- ci ritroviamo presto un paese di vecchi senza pensione, gi\u00e0 oggi gli immigrati pagano le pensioni\u201d. \u00a0Torna e ritorna ancora il ritornello della sinistra, ormai stantio, \u00a0che sono i migranti a pagarci le pensioni, semmai le pensioni le pagano a lui e \u00a0ai suoi commilitoni \u00a0politici che in tutti questi anni hanno avuto e hanno ancora tutt\u2019oggi pensioni d\u2019oro e privilegi a non finire. La smetta Signor D\u2019Alema di raccontare lucciole per lanterne al popolo italiano, di\u00a0 imbonire gli elettori che ancora gli corrono dietro, gli elettori del Salento che sono ormai cos\u00ec poveri che pi\u00f9 poveri non si pu\u00f2.<\/strong> Dunque, avete capito bene,<strong> torna in campo il leader Maximo (Massimo D\u2019Alema), adesso vedrete che nei paesi salentini si muoveranno anche le processioni con i santi\u00a0 levati in alto e i galoppini\u00a0 a distribuire santini con il suo nome in calce. Beh, a questo punto un augurio a D\u2019Alema lo faccio, e cio\u00e8 che non venga eletto, ne andrebbe di mezzo la salute del Salento e dell\u2019Italia. Agli elettori\u00a0 delle Elezioni Politiche 2018 ricordo che un\u2019arma in mano (il voto) l\u2019abbiamo, usiamola, ci render\u00e0 il futuro pi\u00f9 facile e meno deprimente. \u00a0<\/strong><\/p>\n<p><strong>Carlo\u00a0 Franza \u00a0<\/strong><\/p>\n","protected":false},"excerpt":{"rendered":"<p><p>Massimo D\u2019Alema \u00e8 del \u201949, proprio come il sottoscritto. Lo pensavo, ormai prossimo alla pensione, \u00a0dedito alla\u00a0 produzione di vini. E invece cos\u00ec non \u00e8. E\u2019 stato uno di quelli,\u00a0 nella sua appartenenza al\u00a0 vecchio Partito Comunista Italiano, a mettere fuori gioco quel grande statista\u00a0 che \u00e8 stato Bettino Craxi.\u00a0 L\u2019ultimo grande statista che l\u2019Italia abbia avuto.\u00a0 Un proverbio dice : \u201cNon fare agli altri quello che non vuoi sia fatto a te\u201d. Adesso ad essere fuori gioco e fuori dal PD dopo essere stato del PDS\u00a0 \u00e8\u00a0 proprio Massimo D&#8217;Alema, il quale\u00a0 ha ripensato di scendere in campo in [&hellip;]<\/p>\n&nbsp;&nbsp;<div class=\"readmore\"><a href=\"https:\/\/blog.ilgiornale.it\/franza\/2018\/02\/07\/chi-si-rivede-dalema-riparte-dal-salento-impoverito-e-ormai-ridotto-dalla-sinistra-a-una-terra-anni-cinquanta\/\">Continua a leggere...<\/a><\/div><\/p>","protected":false},"author":1009,"featured_media":0,"comment_status":"open","ping_status":"closed","sticky":false,"template":"","format":"standard","meta":[],"categories":[59281,87,64,28369,13541,51665,4625],"tags":[59480,269338,66724,26145,288114,14505,5711,5709,59,35202,5751,288146],"_links":{"self":[{"href":"https:\/\/blog.ilgiornale.it\/franza\/wp-json\/wp\/v2\/posts\/11679"}],"collection":[{"href":"https:\/\/blog.ilgiornale.it\/franza\/wp-json\/wp\/v2\/posts"}],"about":[{"href":"https:\/\/blog.ilgiornale.it\/franza\/wp-json\/wp\/v2\/types\/post"}],"author":[{"embeddable":true,"href":"https:\/\/blog.ilgiornale.it\/franza\/wp-json\/wp\/v2\/users\/1009"}],"replies":[{"embeddable":true,"href":"https:\/\/blog.ilgiornale.it\/franza\/wp-json\/wp\/v2\/comments?post=11679"}],"version-history":[{"count":3,"href":"https:\/\/blog.ilgiornale.it\/franza\/wp-json\/wp\/v2\/posts\/11679\/revisions"}],"predecessor-version":[{"id":11685,"href":"https:\/\/blog.ilgiornale.it\/franza\/wp-json\/wp\/v2\/posts\/11679\/revisions\/11685"}],"wp:attachment":[{"href":"https:\/\/blog.ilgiornale.it\/franza\/wp-json\/wp\/v2\/media?parent=11679"}],"wp:term":[{"taxonomy":"category","embeddable":true,"href":"https:\/\/blog.ilgiornale.it\/franza\/wp-json\/wp\/v2\/categories?post=11679"},{"taxonomy":"post_tag","embeddable":true,"href":"https:\/\/blog.ilgiornale.it\/franza\/wp-json\/wp\/v2\/tags?post=11679"}],"curies":[{"name":"wp","href":"https:\/\/api.w.org\/{rel}","templated":true}]}}