{"id":1186,"date":"2013-11-17T15:50:49","date_gmt":"2013-11-17T15:50:49","guid":{"rendered":"https:\/\/blog.ilgiornale.it\/franza\/?p=1186"},"modified":"2013-11-17T15:50:49","modified_gmt":"2013-11-17T15:50:49","slug":"damien-hirst-si-cimenta-con-la-sharia-in-qatar-e-mette-in-mostra-la-sua-grande-e-incredibile-installazione-scultorea-commissionatagli-dal-qatar-museum-autority-scandalo-a-corte","status":"publish","type":"post","link":"https:\/\/blog.ilgiornale.it\/franza\/2013\/11\/17\/damien-hirst-si-cimenta-con-la-sharia-in-qatar-e-mette-in-mostra-la-sua-grande-e-incredibile-installazione-scultorea-commissionatagli-dal-qatar-museum-autority-scandalo-a-corte\/","title":{"rendered":"Damien Hirst si cimenta con la sharia in Qatar e mette in mostra la sua grande e  incredibile installazione scultorea  commissionatagli dal Qatar Museum Autority. Scandalo a corte."},"content":{"rendered":"<p align=\"JUSTIFY\"><span style=\"font-size: medium\"><strong><a href=\"https:\/\/blog.ilgiornale.it\/franza\/files\/2013\/11\/damien.jpg\"><img loading=\"lazy\" class=\"alignleft size-medium wp-image-1187\" src=\"https:\/\/blog.ilgiornale.it\/franza\/files\/2013\/11\/damien-300x144.jpg\" alt=\"\" width=\"300\" height=\"144\" srcset=\"https:\/\/blog.ilgiornale.it\/franza\/files\/2013\/11\/damien-300x144.jpg 300w, https:\/\/blog.ilgiornale.it\/franza\/files\/2013\/11\/damien.jpg 613w\" sizes=\"(max-width: 300px) 100vw, 300px\" \/><\/a>Damien Hirst \u00e8 l\u2019artista vivente &#8220;pi\u00f9&#8221;\u00a0 pagato, pi\u00f9 famoso e\u00a0 pi\u00f9 furbo del mondo. Proprio cos\u00ec. <\/strong><\/span><span style=\"font-size: medium\">Il pi\u00f9 caratteristico del nostro sistema dell&#8217;arte contemporanea.\u00a0 Due o tre delle sue opere pi\u00f9 celebri?\u00a0 Il grande squalo tigre, la mucca fatta a fette, o il teschio a grandezza naturale ricoperto di diamanti. <\/span><span style=\"font-size: medium\"><strong>Hirst, inglese, classe 1965, \u00e8 oggi senza dubbio <\/strong><\/span><span style=\"font-size: medium\"><strong>un grande, un grandissimo artista.<a href=\"https:\/\/blog.ilgiornale.it\/franza\/files\/2013\/11\/photo_1_1_0095bdd722e33a.jpg\"><img loading=\"lazy\" class=\"alignright size-medium wp-image-1188\" src=\"https:\/\/blog.ilgiornale.it\/franza\/files\/2013\/11\/photo_1_1_0095bdd722e33a-202x300.jpg\" alt=\"\" width=\"202\" height=\"300\" srcset=\"https:\/\/blog.ilgiornale.it\/franza\/files\/2013\/11\/photo_1_1_0095bdd722e33a-202x300.jpg 202w, https:\/\/blog.ilgiornale.it\/franza\/files\/2013\/11\/photo_1_1_0095bdd722e33a.jpg 558w\" sizes=\"(max-width: 202px) 100vw, 202px\" \/>\u00a0<\/a><\/strong><\/span><span style=\"font-size: medium\"><strong>Ha realizzato in arte la morte e la vita<\/strong><\/span><span style=\"font-size: medium\">. E ha reso anche una certa bellezza della\u00a0 morte. E&#8217; sua l\u2019opera d\u2019arte contemporanea celebrativa della morte, con i pi\u00f9 grandi costi di realizzazione del mondo \u201c <\/span><em><span style=\"font-size: medium\">For the Love of God <\/span><\/em><span style=\"font-size: medium\">(Per l\u2019amor di Dio, 2007), <\/span><span style=\"font-size: medium\">un teschio di platino con denti veri, coperto da 8.601 diamanti purissimi e un enorme diamante rosa a goccia posizionato sulla fronte, per un totale di 1.106,18 carati. <\/span><span style=\"font-size: medium\">Dopo la morte ecco celebrare la vita con la mostra \u201cRelics\u201d la sua <\/span><span style=\"font-size: medium\">prima personale in Medioriente in Qatar.<\/span><strong><span style=\"font-size: medium\"> L&#8217;artista inglese ha oggi realizzato un&#8217;installazione che si compone di quattordici sculture in bronzo massiccio, ovvero 14 feti; <\/span><\/strong><strong><span style=\"font-size: medium\"><strong>\u00e8 questa l&#8217;ultima\u00a0 opera chiamata \u201cThe miraculous jorney\u201d posta all&#8217;esterno del Sidra Medical and Reaserch Centre di Doha\u201d in Qatar. <a href=\"https:\/\/blog.ilgiornale.it\/franza\/files\/2013\/11\/damien-hirst-unveils-fourteen-massive-fetus-sculptures-in-qatar-53-e1381331040199.jpg\"><img loading=\"lazy\" class=\"alignleft size-medium wp-image-1189\" src=\"https:\/\/blog.ilgiornale.it\/franza\/files\/2013\/11\/damien-hirst-unveils-fourteen-massive-fetus-sculptures-in-qatar-53-e1381331040199-300x200.jpg\" alt=\"\" width=\"259\" height=\"199\" \/><\/a>E&#8217; un inno alla nascita\u00a0 tanto da far apparire Hirst un cantore della vita. Opera commissionata dal Qatar Museum Autority, insegue e racconta la vita dalla fecondazione dell&#8217;ovulo nell&#8217;utero fino alla formazione di un bambino, con altezze variabili tra i 5 e gli 11 metri e un peso totale di ben 216 tonnellate. Provocante al massimo quest&#8217;opera per essere locata in un paese islamico<\/strong><\/span><\/strong><strong><span style=\"font-size: medium\">, vive infatti da poco pi\u00f9 di un mese(dal 7 ottobre)\u00a0 davanti al Sidra Medical che \u00e8 un edificio in acciaio,vetro e ceramica bianca,dedicato alla salute di donne e bambini che sar\u00e0 inaugurato il prossimo anno, ovvero nel 2014, alla periferia di Doha. <\/span><\/strong><strong><span style=\"font-size: medium\"><strong>L&#8217;opera \u00e8 stata voluta da Shei Kha al Mayassa Hamad bin Khalifa al Thani, trentenne presidentessa del Qatar Museum e sorella del nuovo emiro dello stato pi\u00f9 ricco del mondo. <a href=\"https:\/\/blog.ilgiornale.it\/franza\/files\/2013\/11\/photo400080843d22e127.jpg\"><img loading=\"lazy\" class=\"alignright size-medium wp-image-1190\" src=\"https:\/\/blog.ilgiornale.it\/franza\/files\/2013\/11\/photo400080843d22e127-300x158.jpg\" alt=\"\" width=\"300\" height=\"158\" srcset=\"https:\/\/blog.ilgiornale.it\/franza\/files\/2013\/11\/photo400080843d22e127-300x158.jpg 300w, https:\/\/blog.ilgiornale.it\/franza\/files\/2013\/11\/photo400080843d22e127.jpg 558w\" sizes=\"(max-width: 300px) 100vw, 300px\" \/><\/a><\/strong><\/span><\/strong><span style=\"font-size: medium\">Dicevo provocante questa scultura tanto da destare scandalo a corte, proprio in un paese arabo dove le donne, secondo la sharia indossano l&#8217;abaya che \u00e8 un lungo mantello e il niqab che contempla il volto coperto, e le stesse immagini delle donne sono censurate nei libri e nelle riviste; e\u00a0 la forma umana non \u00e8 mai rappresentata e quindi <\/span><span style=\"font-size: medium\">difficile l&#8217;accettazione ufficiale dell&#8217;arte occidentale.<a href=\"https:\/\/blog.ilgiornale.it\/franza\/files\/2013\/11\/photo10006bea2022e346.jpg\"><img loading=\"lazy\" class=\"alignleft size-medium wp-image-1191\" src=\"https:\/\/blog.ilgiornale.it\/franza\/files\/2013\/11\/photo10006bea2022e346-199x300.jpg\" alt=\"\" width=\"199\" height=\"300\" srcset=\"https:\/\/blog.ilgiornale.it\/franza\/files\/2013\/11\/photo10006bea2022e346-199x300.jpg 199w, https:\/\/blog.ilgiornale.it\/franza\/files\/2013\/11\/photo10006bea2022e346.jpg 558w\" sizes=\"(max-width: 199px) 100vw, 199px\" \/><\/a><\/span><strong><span style=\"font-size: medium\"> Ma Shei\u00a0 ha detto che \u201cavere quest&#8217;arte \u00e8 meno audace che mostrare la nudit\u00e0 femminile\u201d. <\/span><\/strong><strong><span style=\"font-size: medium\">Certo, per capire l\u2019artista e la sua modernit\u00e0, bisognerebbe parlare del \u201cpersonaggio\u201d Damien Hirst, delle trovate clamorose che hanno segnato la sua carriera. Ne cito una,ovvero quando\u00a0 nel 2008, gabbando i suoi celebri galleristi, ha venduto all\u2019asta da Sotheby\u2019s a New York &#8211; una performance intitolata <\/span><\/strong><em><span style=\"font-size: medium\">Beautiful Inside My Head Forever<\/span><\/em><strong><span style=\"font-size: medium\"> (Bellezza nella mia testa per sempre) \u2013 composta da ben 223 opere, incassando 200 milioni di dollari, esattamente negli stessi giorni in cui fallivano le banche americane.<\/span><\/strong><\/p>\n<p align=\"JUSTIFY\">\u00a0<strong><span style=\"font-size: medium\">Carlo Franza<\/span><\/strong><\/p>\n","protected":false},"excerpt":{"rendered":"<p><p>Damien Hirst \u00e8 l\u2019artista vivente &#8220;pi\u00f9&#8221;\u00a0 pagato, pi\u00f9 famoso e\u00a0 pi\u00f9 furbo del mondo. Proprio cos\u00ec. Il pi\u00f9 caratteristico del nostro sistema dell&#8217;arte contemporanea.\u00a0 Due o tre delle sue opere pi\u00f9 celebri?\u00a0 Il grande squalo tigre, la mucca fatta a fette, o il teschio a grandezza naturale ricoperto di diamanti. Hirst, inglese, classe 1965, \u00e8 oggi senza dubbio un grande, un grandissimo artista.\u00a0Ha realizzato in arte la morte e la vita. E ha reso anche una certa bellezza della\u00a0 morte. E&#8217; sua l\u2019opera d\u2019arte contemporanea celebrativa della morte, con i pi\u00f9 grandi costi di realizzazione del mondo \u201c For the [&hellip;]<\/p>\n&nbsp;&nbsp;<div class=\"readmore\"><a href=\"https:\/\/blog.ilgiornale.it\/franza\/2013\/11\/17\/damien-hirst-si-cimenta-con-la-sharia-in-qatar-e-mette-in-mostra-la-sua-grande-e-incredibile-installazione-scultorea-commissionatagli-dal-qatar-museum-autority-scandalo-a-corte\/\">Continua a leggere...<\/a><\/div><\/p>","protected":false},"author":1009,"featured_media":0,"comment_status":"open","ping_status":"closed","sticky":false,"template":"","format":"standard","meta":[],"categories":[9894,87,28308,17505,35188,28369,17494],"tags":[35401,22937,35405,35403,35406,35404],"_links":{"self":[{"href":"https:\/\/blog.ilgiornale.it\/franza\/wp-json\/wp\/v2\/posts\/1186"}],"collection":[{"href":"https:\/\/blog.ilgiornale.it\/franza\/wp-json\/wp\/v2\/posts"}],"about":[{"href":"https:\/\/blog.ilgiornale.it\/franza\/wp-json\/wp\/v2\/types\/post"}],"author":[{"embeddable":true,"href":"https:\/\/blog.ilgiornale.it\/franza\/wp-json\/wp\/v2\/users\/1009"}],"replies":[{"embeddable":true,"href":"https:\/\/blog.ilgiornale.it\/franza\/wp-json\/wp\/v2\/comments?post=1186"}],"version-history":[{"count":3,"href":"https:\/\/blog.ilgiornale.it\/franza\/wp-json\/wp\/v2\/posts\/1186\/revisions"}],"predecessor-version":[{"id":1194,"href":"https:\/\/blog.ilgiornale.it\/franza\/wp-json\/wp\/v2\/posts\/1186\/revisions\/1194"}],"wp:attachment":[{"href":"https:\/\/blog.ilgiornale.it\/franza\/wp-json\/wp\/v2\/media?parent=1186"}],"wp:term":[{"taxonomy":"category","embeddable":true,"href":"https:\/\/blog.ilgiornale.it\/franza\/wp-json\/wp\/v2\/categories?post=1186"},{"taxonomy":"post_tag","embeddable":true,"href":"https:\/\/blog.ilgiornale.it\/franza\/wp-json\/wp\/v2\/tags?post=1186"}],"curies":[{"name":"wp","href":"https:\/\/api.w.org\/{rel}","templated":true}]}}