{"id":12180,"date":"2018-04-03T20:44:40","date_gmt":"2018-04-03T20:44:40","guid":{"rendered":"https:\/\/blog.ilgiornale.it\/franza\/?p=12180"},"modified":"2018-04-03T20:44:41","modified_gmt":"2018-04-03T20:44:41","slug":"otto-dipinti-di-taddeo-di-bartolo-1362-1422-ritornano-a-gubbio-recuperato-il-polittico-di-gubbio-superbo-capolavoro","status":"publish","type":"post","link":"https:\/\/blog.ilgiornale.it\/franza\/2018\/04\/03\/otto-dipinti-di-taddeo-di-bartolo-1362-1422-ritornano-a-gubbio-recuperato-il-polittico-di-gubbio-superbo-capolavoro\/","title":{"rendered":"Otto dipinti di Taddeo di Bartolo (1362-1422) ritornano a Gubbio. Recuperato il Polittico di Gubbio superbo  capolavoro."},"content":{"rendered":"<p><strong><a href=\"https:\/\/blog.ilgiornale.it\/franza\/files\/2018\/04\/Taddeo-di-Bartolo-n.-8-tavolette-dipinte-1_0-e1522787805729.jpg\"><img loading=\"lazy\" class=\"alignleft size-full wp-image-12181\" src=\"https:\/\/blog.ilgiornale.it\/franza\/files\/2018\/04\/Taddeo-di-Bartolo-n.-8-tavolette-dipinte-1_0-e1522787805729.jpg\" alt=\"Taddeo-di-Bartolo-n.-8-tavolette-dipinte-1_0\" width=\"400\" height=\"354\" \/><\/a>Sono ritornati a Gubbio (Perugia) gli otto dipinti di Taddeo di Bartolo \u00a0(1362-1422) originariamente<\/strong><strong> appartenuti al polittico della Chiesa di San Domenico e qui <\/strong><strong>\u00a0conservati.<\/strong> \u00a0Ora le tavolette saranno conservate in permanenza all\u2019interno del percorso espositivo di Palazzo Ducale di Gubbio<\/p>\n<p>Vendute all\u2019asta lo scorso settembre 2017, le opere dell\u2019artista senese sono state acquisite dal Ministero dei Beni e delle Attivit\u00e0 Culturali e del Turismo che ha riconosciuto in esse l\u2019eccezionale interesse storico-artistico.<\/p>\n<p><strong>Sono otto tavolette realizzate a tempera su fondo oro\u00a0<\/strong><strong>che raffigurano otto santi (san Pietro martire, beato Ambrogio Sansedoni, un santo vescovo, San Gregorio Magno, san Luca, san Matteo, santo Stef<a href=\"https:\/\/blog.ilgiornale.it\/franza\/files\/2018\/04\/Taddeo_di_Bartolo_San_Tommaso.jpg\"><img loading=\"lazy\" class=\"alignleft size-full wp-image-12182\" src=\"https:\/\/blog.ilgiornale.it\/franza\/files\/2018\/04\/Taddeo_di_Bartolo_San_Tommaso.jpg\" alt=\"Taddeo_di_Bartolo_San_Tommaso\" width=\"122\" height=\"202\" \/><\/a>ano, san Tommaso d\u2019Aquino).<\/strong> Gli altri elementi superstiti della grande pala si trovano oggi tutti in musei americani: al Fogg Art Museum di Cambridge (MA) la\u00a0<em>Madonna col Bambino<\/em>, al Memphis Brooks Museum of Arts e al New Orleans Museum of Arts due scomparti con una coppia di santi ciascuno.<\/p>\n<p>Lo scorso 28 settembre, le opere erano state vendute all\u2019incanto dalla casa d\u2019aste Pandolfini di Firenze. Una volta aggiudicate,\u00a0<strong>il Ministero dei beni e delle attivit\u00e0 culturali e del turismo, esercitando il diritto di prelazione, le ha acquisite riconoscendo in esse un eccezionale interesse storico-artistico, restituendo cos\u00ec i lavori dell\u2019artista senese a Gubbio, all\u2019interno del percorso espositivo di Palazzo Ducale<\/strong>.<\/p>\n<p>Come afferma\u00a0<strong>Marco Pierini<\/strong>, direttore del Polo Museale dell\u2019Umbria, \u201cil ritorno delle tavolette rappresenta un importante, seppur parziale, risarcimento per la citt\u00e0 di Gubbio, che si vide depredata a met\u00e0 Ottocento di una delle sue opere pi\u00f9 significative. Sono davvero grato a tutti coloro che, dentro e fuori il M<em>i<\/em>BACT, si sono adoperati perch\u00e9 ci\u00f2 che resta del polittico eugubino di Taddeo tornasse di pubblica fruizione e fosse restituito al territorio di provenienza\u201d.<\/p>\n<p><strong>Gli otto santi mostrano le caratteristiche proprie dell\u2019evoluzione dello stile di Taddeo di Bartolo nella tarda attivit\u00e0: sapiente fluidit\u00e0 di linee, accentuata resa dei volumi grazie al chiaroscuro, delicatezza nei lineamenti dei volti. Databile nel secondo decennio del Quattrocento, il polittico di Gubbio si colloca in prossimit\u00e0 del ciclo di affreschi degli\u00a0<em>Uomini famosi<\/em>\u00a0del vestibolo della Cappella dei Nove del Palazzo Pubblico di Siena (1414-1417), tra le opere pi\u00f9 note e meglio riuscite del pittore.<\/strong><\/p>\n<p><strong>Carlo Franza<\/strong><\/p>\n<p>&nbsp;<\/p>\n<p>&nbsp;<\/p>\n","protected":false},"excerpt":{"rendered":"<p><p>Sono ritornati a Gubbio (Perugia) gli otto dipinti di Taddeo di Bartolo \u00a0(1362-1422) originariamente appartenuti al polittico della Chiesa di San Domenico e qui \u00a0conservati. \u00a0Ora le tavolette saranno conservate in permanenza all\u2019interno del percorso espositivo di Palazzo Ducale di Gubbio Vendute all\u2019asta lo scorso settembre 2017, le opere dell\u2019artista senese sono state acquisite dal Ministero dei Beni e delle Attivit\u00e0 Culturali e del Turismo che ha riconosciuto in esse l\u2019eccezionale interesse storico-artistico. Sono otto tavolette realizzate a tempera su fondo oro\u00a0che raffigurano otto santi (san Pietro martire, beato Ambrogio Sansedoni, un santo vescovo, San Gregorio Magno, san Luca, san [&hellip;]<\/p>\n&nbsp;&nbsp;<div class=\"readmore\"><a href=\"https:\/\/blog.ilgiornale.it\/franza\/2018\/04\/03\/otto-dipinti-di-taddeo-di-bartolo-1362-1422-ritornano-a-gubbio-recuperato-il-polittico-di-gubbio-superbo-capolavoro\/\">Continua a leggere...<\/a><\/div><\/p>","protected":false},"author":1009,"featured_media":0,"comment_status":"open","ping_status":"closed","sticky":false,"template":"","format":"standard","meta":[],"categories":[9894,53747,36390,53794,41640,51709,44441,87,35351,35185,17505,35188,28369,53819,51665],"tags":[298360,59480,298357,298358,298367,298362,34335,2593,298359,298365,59004,298356,298361],"_links":{"self":[{"href":"https:\/\/blog.ilgiornale.it\/franza\/wp-json\/wp\/v2\/posts\/12180"}],"collection":[{"href":"https:\/\/blog.ilgiornale.it\/franza\/wp-json\/wp\/v2\/posts"}],"about":[{"href":"https:\/\/blog.ilgiornale.it\/franza\/wp-json\/wp\/v2\/types\/post"}],"author":[{"embeddable":true,"href":"https:\/\/blog.ilgiornale.it\/franza\/wp-json\/wp\/v2\/users\/1009"}],"replies":[{"embeddable":true,"href":"https:\/\/blog.ilgiornale.it\/franza\/wp-json\/wp\/v2\/comments?post=12180"}],"version-history":[{"count":1,"href":"https:\/\/blog.ilgiornale.it\/franza\/wp-json\/wp\/v2\/posts\/12180\/revisions"}],"predecessor-version":[{"id":12183,"href":"https:\/\/blog.ilgiornale.it\/franza\/wp-json\/wp\/v2\/posts\/12180\/revisions\/12183"}],"wp:attachment":[{"href":"https:\/\/blog.ilgiornale.it\/franza\/wp-json\/wp\/v2\/media?parent=12180"}],"wp:term":[{"taxonomy":"category","embeddable":true,"href":"https:\/\/blog.ilgiornale.it\/franza\/wp-json\/wp\/v2\/categories?post=12180"},{"taxonomy":"post_tag","embeddable":true,"href":"https:\/\/blog.ilgiornale.it\/franza\/wp-json\/wp\/v2\/tags?post=12180"}],"curies":[{"name":"wp","href":"https:\/\/api.w.org\/{rel}","templated":true}]}}