{"id":1221,"date":"2013-11-27T21:31:34","date_gmt":"2013-11-27T21:31:34","guid":{"rendered":"https:\/\/blog.ilgiornale.it\/franza\/?p=1221"},"modified":"2013-11-27T21:41:46","modified_gmt":"2013-11-27T21:41:46","slug":"larte-della-politica-e-la-politica-dellarte-il-tradimento","status":"publish","type":"post","link":"https:\/\/blog.ilgiornale.it\/franza\/2013\/11\/27\/larte-della-politica-e-la-politica-dellarte-il-tradimento\/","title":{"rendered":"L&#8217;arte della politica e la politica dell&#8217;arte. Il tradimento."},"content":{"rendered":"<blockquote><p><a href=\"https:\/\/blog.ilgiornale.it\/franza\/files\/2013\/11\/untitled.png-giotto.png\"><img loading=\"lazy\" class=\"alignleft size-full wp-image-1222\" src=\"https:\/\/blog.ilgiornale.it\/franza\/files\/2013\/11\/untitled.png-giotto.png\" alt=\"\" width=\"227\" height=\"222\" \/><\/a>Giuda guid\u00f2 la folla selvaggia dei giudei nel giardino, dove egli identific\u00f2 Cristo con un bacio. Dopo il bacio, Ges\u00f9 guard\u00f2 Giuda negli occhi e disse: \u201cGiuda, tradisci il Figlio dell&#8217;uomo con un bacio?\u201d (Luca 22:48).<\/p><\/blockquote>\n<blockquote><p>Il tradimento di Giuda era cos\u00ec scellerato, cos\u00ec diabolico, che uno dei padri della chiesa ebbe a dire: \u201cSarebbe stato meglio per il mondo, specialmente per i figlioli di Dio, che Giuda fosse stato solo nella sua trasgressione, che non ci fossero state altre persone sleali oltre a lui\u201d. In altre parole: sarebbe stato bene se ci fosse stato solo un Giuda.<a href=\"https:\/\/blog.ilgiornale.it\/franza\/files\/2013\/11\/300px-Caravaggio_-_Taking_of_Christ_-_Odessa.jpg\"><img loading=\"lazy\" class=\"alignright size-full wp-image-1223\" src=\"https:\/\/blog.ilgiornale.it\/franza\/files\/2013\/11\/300px-Caravaggio_-_Taking_of_Christ_-_Odessa.jpg\" alt=\"\" width=\"300\" height=\"234\" \/><\/a><\/p><\/blockquote>\n<blockquote><p>Ma la verit\u00e0 \u00e8 che il mondo \u00e8 pieno di persone come<br \/>\nGiuda! La chiesa ancora \u00e8 testimone del tradimento di Ges\u00f9 Cristo,<br \/>\nogni giorno. Lo spirito di Giuda \u00e8 ancora molto vivo nei cuori di<br \/>\nmolti ex seguaci di Cristo, \u00e8 vivo dentro le stesse mura della nostra Italia.<\/p><\/blockquote>\n<blockquote><p><a href=\"https:\/\/blog.ilgiornale.it\/franza\/files\/2013\/11\/images1.jpg\"><img loading=\"lazy\" class=\"alignleft size-full wp-image-1224\" src=\"https:\/\/blog.ilgiornale.it\/franza\/files\/2013\/11\/images1.jpg\" alt=\"\" width=\"259\" height=\"194\" \/><\/a>Voglio farvi una franca e diretta domanda: Potresti essere un traditore di Cristo e non rendertene conto? Hai venduto Ges\u00f9 e Lo hai tradito? Traditori sono coloro che una volta erano fedeli a colui che tradiscono. Solo coloro che sono all\u2019interno del gruppo possono essere traditori. Nel grande libro della storia dell&#8217;arte ci sono numerosissime opere che raccontano quanto avvenne a Cristo, il bacio di Giuda, \u00a0e quanto di insegnamento quei capolavori(Giotto, Caravaggio, Di Nerio Ugolino, ecc&#8230;)\u00a0ci danno\u00a0ancora ai nostri giorni, alla politica dei nostri giorni. E Cristo in croce disse: &#8220;Padre, perdona loro perch\u00e8 non sanno quello che fanno&#8221;.\u00a0E i vangeli raccontano che dopo queste parole, Cristo reclinato il capo spir\u00f2, per poi risorgere dopo tre giorni.<\/p>\n<p>&nbsp;<\/p>\n<p>Carlo Franza<\/p><\/blockquote>\n<p>&nbsp;<\/p>\n","protected":false},"excerpt":{"rendered":"<p><p>Giuda guid\u00f2 la folla selvaggia dei giudei nel giardino, dove egli identific\u00f2 Cristo con un bacio. Dopo il bacio, Ges\u00f9 guard\u00f2 Giuda negli occhi e disse: \u201cGiuda, tradisci il Figlio dell&#8217;uomo con un bacio?\u201d (Luca 22:48). Il tradimento di Giuda era cos\u00ec scellerato, cos\u00ec diabolico, che uno dei padri della chiesa ebbe a dire: \u201cSarebbe stato meglio per il mondo, specialmente per i figlioli di Dio, che Giuda fosse stato solo nella sua trasgressione, che non ci fossero state altre persone sleali oltre a lui\u201d. In altre parole: sarebbe stato bene se ci fosse stato solo un Giuda. Ma la [&hellip;]<\/p>\n&nbsp;&nbsp;<div class=\"readmore\"><a href=\"https:\/\/blog.ilgiornale.it\/franza\/2013\/11\/27\/larte-della-politica-e-la-politica-dellarte-il-tradimento\/\">Continua a leggere...<\/a><\/div><\/p>","protected":false},"author":1009,"featured_media":0,"comment_status":"open","ping_status":"closed","sticky":false,"template":"","format":"standard","meta":[],"categories":[35425,9894,87,35351,28369],"tags":[4332,35426,35428,35429,35430],"_links":{"self":[{"href":"https:\/\/blog.ilgiornale.it\/franza\/wp-json\/wp\/v2\/posts\/1221"}],"collection":[{"href":"https:\/\/blog.ilgiornale.it\/franza\/wp-json\/wp\/v2\/posts"}],"about":[{"href":"https:\/\/blog.ilgiornale.it\/franza\/wp-json\/wp\/v2\/types\/post"}],"author":[{"embeddable":true,"href":"https:\/\/blog.ilgiornale.it\/franza\/wp-json\/wp\/v2\/users\/1009"}],"replies":[{"embeddable":true,"href":"https:\/\/blog.ilgiornale.it\/franza\/wp-json\/wp\/v2\/comments?post=1221"}],"version-history":[{"count":3,"href":"https:\/\/blog.ilgiornale.it\/franza\/wp-json\/wp\/v2\/posts\/1221\/revisions"}],"predecessor-version":[{"id":1227,"href":"https:\/\/blog.ilgiornale.it\/franza\/wp-json\/wp\/v2\/posts\/1221\/revisions\/1227"}],"wp:attachment":[{"href":"https:\/\/blog.ilgiornale.it\/franza\/wp-json\/wp\/v2\/media?parent=1221"}],"wp:term":[{"taxonomy":"category","embeddable":true,"href":"https:\/\/blog.ilgiornale.it\/franza\/wp-json\/wp\/v2\/categories?post=1221"},{"taxonomy":"post_tag","embeddable":true,"href":"https:\/\/blog.ilgiornale.it\/franza\/wp-json\/wp\/v2\/tags?post=1221"}],"curies":[{"name":"wp","href":"https:\/\/api.w.org\/{rel}","templated":true}]}}