{"id":13306,"date":"2018-08-25T22:26:52","date_gmt":"2018-08-25T22:26:52","guid":{"rendered":"https:\/\/blog.ilgiornale.it\/franza\/?p=13306"},"modified":"2018-08-25T22:26:52","modified_gmt":"2018-08-25T22:26:52","slug":"livio-savioli-lartista-mosaicista-veneto-con-oltre-la-superficie-inscena-una-mostra-personale-presso-i-monaci-benedettini-del-monte-terminillo","status":"publish","type":"post","link":"https:\/\/blog.ilgiornale.it\/franza\/2018\/08\/25\/livio-savioli-lartista-mosaicista-veneto-con-oltre-la-superficie-inscena-una-mostra-personale-presso-i-monaci-benedettini-del-monte-terminillo\/","title":{"rendered":"Livio Savioli. L\u2019artista mosaicista veneto con \u201coltre la superficie\u201d inscena una mostra personale presso i Monaci Benedettini del Monte Terminillo ."},"content":{"rendered":"<p><strong><a href=\"https:\/\/blog.ilgiornale.it\/franza\/files\/2018\/08\/82193-livio_savioli_mosaico_fatamorgana_01-e1535235734485.jpg\"><img loading=\"lazy\" class=\"alignleft size-full wp-image-13307\" src=\"https:\/\/blog.ilgiornale.it\/franza\/files\/2018\/08\/82193-livio_savioli_mosaico_fatamorgana_01-e1535235734485.jpg\" alt=\"82193-livio_savioli_mosaico_fatamorgana_01\" width=\"400\" height=\"300\" \/><\/a>\u201cOltre la superficie\u201d \u00e8 la\u00a0prima mostra personale\u00a0del giovane mosaicista veneto Livio Savioli, curata da Letizia Rosati e ospitata all\u2019interno del ricco programma di attivit\u00e0 ed eventi, organizzato dai monaci benedettini del Monte Terminillo (\u201cTerminillo, ad un passo dal cielo\u201d). L\u2019artista ha allestito, in mostra, un piccolo studio ed \u00e8 \u00a0possibile osservarlo a lavoro mentre realizza un\u2019opera a mosaico. Il luogo scelto per questa prima esposizione non \u00e8 casuale: sul Terminillo si respira una grande cultura musiva e il Tempio Votivo di San Francesco ospita al suo interno un enorme mosaico absidale risalente al 1975, del maestro mosaicista friulano Domenico Colledani che, come Savioli, ha frequentato la Scuola Mosaicisti del Friuli.<\/strong> Questa mostra musiva vuole essere un\u2019occasione per far conoscere e ammirare le\u00a0opere\u00a0di Livio Savioli,\u00a0realizzate con smalti veneziani, oro e marmi\u00a0e far conoscere la tecnica del mosaico come espressione artistica. \u201cOltre la superficie\u201d, non \u00e8 solo il titolo di questa mostra personale, ma \u00e8 la direzione che l\u2019artista sta dando al suo lavoro, \u00e8 il suo modo di indagare e studiare la realt\u00e0 che lo circonda. \u201cSono una persona sintetica e diretta \u2013\u00a0racconta di s\u00e9 l\u2019artista\u00a0\u2013 perci\u00f2 catturare l\u2019essenza di un\u2019emozione, di un racconto, di uno sguardo \u00e8 la mia missione, e per far questo ho bisogno di togliere tutti gli elementi di disturbo e di distrazione\u201d.Savioli cerca sempre di\u00a0andare oltre la prima percezione, perch\u00e9 deve concedersi il tempo di contemplare il mondo, in modo profondo. \u00c8 qui che, spesso, trova le risposte a tante domande che si pone. Per questo, lavora per strati di materiali o giochi prospettici. A volte pu\u00f2 essere il legno che fa trapelare un tramonto\u00a0o un volto (\u201cPontile\u201d); a volte, \u00e8 il grezzo cemento che lascia intravedere uno spiraglio ( \u201cOltre la porta\u201d). Altre volte ancora, \u00e8 la prospettiva a portare lo sguardo verso un orizzonte lontano (\u201cFata Morgana\u201d). Andando oltre,\u00a0scavando strato per strato, trova nuovi campi di indagine, ed \u00e8 questo il motore che lo spinge a continuare, perch\u00e9 sente che ogni strato \u00e8 un gradino in pi\u00f9 che fa nel suo viaggio.<br \/>\n<strong>Livio Savioli (Piove di Sacco, PD, 1983). Vive a Sant\u2019Angelo di Piove di Sacco (PD)<\/strong>.<strong> Dopo il liceo si iscrive alla Scuola Mosaicisti del Friuli e si diploma maestro mosaicista<\/strong>. Durante varie esperienze, anche all\u2019estero, ha potuto applicare le conoscenze del mosaico in ambito artistico e confrontarsi con altre realt\u00e0. Ma\u00a0la sua continua ricerca di forme di espressione lo ha portato ad interessarsi e\u00a0approfondire le arti visive, applicate in un contesto diverso. Si diploma alla Scuola Internazionale di Grafica di Venezia e dopo questa esperienza, trova lavoro in una agenzia di comunicazione di Padova, dove tuttora \u00e8 art director. Parallelamente, nel vecchio garage del padre, \u00e8 riuscito a ricavarsi il suo primo laboratorio di mosaico, perch\u00e9 sente forte la necessit\u00e0 di ideare, di costruire e di sporcarsi le mani. Lo fa sentire vivo. Ha trovato nel mosaico la sua forma di espressione e di comunicazione perfetta. Sintesi ed essenzialit\u00e0, fino all\u2019astrazione. Dal 2018 \u00e8 membro dell\u2019Associazione Internazionale Mosaicisti Contemporanei, Ravenna.<\/p>\n<p><strong>Carlo Franza <\/strong><strong><\/p>\n<p><\/strong><\/p>\n","protected":false},"excerpt":{"rendered":"<p><p>\u201cOltre la superficie\u201d \u00e8 la\u00a0prima mostra personale\u00a0del giovane mosaicista veneto Livio Savioli, curata da Letizia Rosati e ospitata all\u2019interno del ricco programma di attivit\u00e0 ed eventi, organizzato dai monaci benedettini del Monte Terminillo (\u201cTerminillo, ad un passo dal cielo\u201d). L\u2019artista ha allestito, in mostra, un piccolo studio ed \u00e8 \u00a0possibile osservarlo a lavoro mentre realizza un\u2019opera a mosaico. Il luogo scelto per questa prima esposizione non \u00e8 casuale: sul Terminillo si respira una grande cultura musiva e il Tempio Votivo di San Francesco ospita al suo interno un enorme mosaico absidale risalente al 1975, del maestro mosaicista friulano Domenico Colledani [&hellip;]<\/p>\n&nbsp;&nbsp;<div class=\"readmore\"><a href=\"https:\/\/blog.ilgiornale.it\/franza\/2018\/08\/25\/livio-savioli-lartista-mosaicista-veneto-con-oltre-la-superficie-inscena-una-mostra-personale-presso-i-monaci-benedettini-del-monte-terminillo\/\">Continua a leggere...<\/a><\/div><\/p>","protected":false},"author":1009,"featured_media":0,"comment_status":"open","ping_status":"closed","sticky":false,"template":"","format":"standard","meta":[],"categories":[44800,59281,9894,252921,44441,87,35266,28308,17505,35188,28369],"tags":[328321,59480,328318,328319,53739,17520,328320],"_links":{"self":[{"href":"https:\/\/blog.ilgiornale.it\/franza\/wp-json\/wp\/v2\/posts\/13306"}],"collection":[{"href":"https:\/\/blog.ilgiornale.it\/franza\/wp-json\/wp\/v2\/posts"}],"about":[{"href":"https:\/\/blog.ilgiornale.it\/franza\/wp-json\/wp\/v2\/types\/post"}],"author":[{"embeddable":true,"href":"https:\/\/blog.ilgiornale.it\/franza\/wp-json\/wp\/v2\/users\/1009"}],"replies":[{"embeddable":true,"href":"https:\/\/blog.ilgiornale.it\/franza\/wp-json\/wp\/v2\/comments?post=13306"}],"version-history":[{"count":1,"href":"https:\/\/blog.ilgiornale.it\/franza\/wp-json\/wp\/v2\/posts\/13306\/revisions"}],"predecessor-version":[{"id":13308,"href":"https:\/\/blog.ilgiornale.it\/franza\/wp-json\/wp\/v2\/posts\/13306\/revisions\/13308"}],"wp:attachment":[{"href":"https:\/\/blog.ilgiornale.it\/franza\/wp-json\/wp\/v2\/media?parent=13306"}],"wp:term":[{"taxonomy":"category","embeddable":true,"href":"https:\/\/blog.ilgiornale.it\/franza\/wp-json\/wp\/v2\/categories?post=13306"},{"taxonomy":"post_tag","embeddable":true,"href":"https:\/\/blog.ilgiornale.it\/franza\/wp-json\/wp\/v2\/tags?post=13306"}],"curies":[{"name":"wp","href":"https:\/\/api.w.org\/{rel}","templated":true}]}}