{"id":13381,"date":"2018-09-08T17:47:11","date_gmt":"2018-09-08T17:47:11","guid":{"rendered":"https:\/\/blog.ilgiornale.it\/franza\/?p=13381"},"modified":"2018-09-08T17:47:11","modified_gmt":"2018-09-08T17:47:11","slug":"il-miracolo-di-loreto-la-santa-casa-della-santa-vergine-maria-e-una-testimonianza-unica-di-fede-un-libro-ne-racconta-la-storia-del-mistero-vivente","status":"publish","type":"post","link":"https:\/\/blog.ilgiornale.it\/franza\/2018\/09\/08\/il-miracolo-di-loreto-la-santa-casa-della-santa-vergine-maria-e-una-testimonianza-unica-di-fede-un-libro-ne-racconta-la-storia-del-mistero-vivente\/","title":{"rendered":"Il Miracolo di Loreto. La Santa Casa della Santa Vergine Maria \u00e8 una testimonianza unica di fede. Un libro ne racconta la storia del mistero vivente."},"content":{"rendered":"<p><a href=\"https:\/\/blog.ilgiornale.it\/franza\/files\/2018\/09\/Copertina-Libro_Federico-Catani-250x354.jpg\"><img loading=\"lazy\" class=\"alignleft size-full wp-image-13382\" src=\"https:\/\/blog.ilgiornale.it\/franza\/files\/2018\/09\/Copertina-Libro_Federico-Catani-250x354.jpg\" alt=\"cubierta libro Loreto - 2 SOLAPAS\" width=\"250\" height=\"354\" srcset=\"https:\/\/blog.ilgiornale.it\/franza\/files\/2018\/09\/Copertina-Libro_Federico-Catani-250x354.jpg 250w, https:\/\/blog.ilgiornale.it\/franza\/files\/2018\/09\/Copertina-Libro_Federico-Catani-250x354-212x300.jpg 212w\" sizes=\"(max-width: 250px) 100vw, 250px\" \/><\/a>Ogni giorno ricevo notizie che sto registrando sul dramma che si sta abbattendo sulla Chiesa Cattolica Romana in ogni parte del mondo, dall\u2019Irlanda all\u2019Australia, dall\u2019Honduras agli Stati Uniti. Cardinali, vescovi e preti stretti nella morsa della pedofilia e dell\u2019omosessualit\u00e0. Papa Francesco tentenna dinanzi alla bomba lanciata dall\u2019Arcivescovo Vigan\u00f2 ex nunzio negli USA. \u00a0Ne scriveremo nei prossimi giorni, per intanto <strong>ho sul tavolo di lavoro il libro di Federico Catani sulla Casa di Loreto, e mi sono detto ch<\/strong><strong><a href=\"https:\/\/blog.ilgiornale.it\/franza\/files\/2018\/09\/vg_santacasa_05_s.jpg\"><img loading=\"lazy\" class=\"alignleft size-full wp-image-13383\" src=\"https:\/\/blog.ilgiornale.it\/franza\/files\/2018\/09\/vg_santacasa_05_s.jpg\" alt=\"vg_santacasa_05_s\" width=\"280\" height=\"272\" \/><\/a><\/strong><strong>e andava recensito, anche perch\u00e9 con la Santa Casa di Loreto e con Loreto, comune delle Marche in provincia di Ancona, ho un riferimento carico di storia e di ricordi della mia infanzia. Mia madre ebbe forte fede e sostegno nell\u2019invocare la Vergine della Santa Casa. A Loreto ho fatto negli anni Cinquanta le scuole elementari e dunque sono vissuto sotto il manto della Vergine Maria e della Casa che abit\u00f2.\u00a0 <a href=\"https:\/\/blog.ilgiornale.it\/franza\/files\/2018\/09\/vg_santacasa_01_s.jpg\"><img loading=\"lazy\" class=\"alignleft size-full wp-image-13384\" src=\"https:\/\/blog.ilgiornale.it\/franza\/files\/2018\/09\/vg_santacasa_01_s.jpg\" alt=\"vg_santacasa_01_s\" width=\"280\" height=\"188\" \/><\/a>Anche oggi vi ritorno pi\u00f9 volte all\u2019anno e qui negli anni passati con gli amministratori comunali e il Sindaco Pieroni ho sviluppato il Progetto della disseminazione della scultura contemporanea sul territorio cittadino. Tant\u2019\u00e8 che fra le sculture collocate, gi\u00e0 in una rotonda all\u2019ingresso della cittadina c\u2019\u00e8 \u201cl\u2019abbraccio del mondo\u201d, un bellissimo bronzo alto tre metri, che ho fatto donare.<a href=\"https:\/\/blog.ilgiornale.it\/franza\/files\/2018\/09\/vg_santacasa_02_s.jpg\"><img loading=\"lazy\" class=\"alignleft size-full wp-image-13385\" src=\"https:\/\/blog.ilgiornale.it\/franza\/files\/2018\/09\/vg_santacasa_02_s.jpg\" alt=\"vg_santacasa_02_s\" width=\"280\" height=\"210\" \/><\/a><\/strong> E non \u00e8 il solo. Dietro le mura del santuario un\u2019altra grande scultura sempre alta tre metri impagina la visione del pellegrino. Quindi a Loreto ho una seconda patria. Ma torniamo al libro che racconta e tocca una reliquia vivente, misteriosa e affascinante, punto di riferimento per tutti i cristiani<strong>. Federico Catani per \u201cLuci sull\u2019Est\u201d ha scritto \u201cIl Miracolo della Santa Casa di Loreto\u201d. \u00c8 un testo completo pur nelle sue dimensioni ridotte, corredato da fotografie e immagini di grande qualit\u00e0. La Santa Casa \u00e8 un mistero reale, vivente; \u00a0infatti molti scienziati l\u2019hanno studiata, senza riuscire a dare spiegazioni \u201cnaturali\u201d convincenti. In Terrasanta era una piccola casa in pietra, e gi\u00e0 all\u2019epoca della conquista cristiana era una reliquia protetta dai cattolici. Sotto il suo tetto \u201cl\u2019angelo del Signore port\u00f2 l\u2019annuncio a Maria, ed ella concep\u00ec per opera dello Spirito Santo\u201d. <\/strong><\/p>\n<p><strong><a href=\"https:\/\/blog.ilgiornale.it\/franza\/files\/2018\/09\/vg_santacasa_08.jpg\"><img loading=\"lazy\" class=\"alignleft  wp-image-13387\" src=\"https:\/\/blog.ilgiornale.it\/franza\/files\/2018\/09\/vg_santacasa_08.jpg\" alt=\"vg_santacasa_08\" width=\"457\" height=\"580\" srcset=\"https:\/\/blog.ilgiornale.it\/franza\/files\/2018\/09\/vg_santacasa_08.jpg 504w, https:\/\/blog.ilgiornale.it\/franza\/files\/2018\/09\/vg_santacasa_08-236x300.jpg 236w\" sizes=\"(max-width: 457px) 100vw, 457px\" \/><\/a>Nel 1291, quando la presenza cristiana sulla sponda orientale del Mediterraneo era ai suoi ultimi giorni, la casa scomparve inspiegabilmente; e altrettanto misteriosamente apparve nella citt\u00e0 di Tersatz, nell\u2019antica Dalmazia, regione dei Balcani oggi corrispondente ai territori di Croazia, Bosnia-Erzegovina e Montenegro. E da l\u00ec che nasce questa appassionata storia miracolosa, con tutti i dettagli che il libro di \u00a0Federico Catani \u00a0presenta. Qui a Loreto sono passati \u00a0Santi e Papi, e\u00a0 ancor oggi milioni di fedeli vi accorrono.<\/strong><\/p>\n<p>Riportiamo per\u00f2 la dedica che l\u2019autore fa del libro: \u201cIl presente lavoro \u00e8 offerto in segno di gratitudine alla Madonna e soprattutto in riparazione per i peccati commessi contro i suoi privilegi, nello spirito di quanto raccomandato da Lei stessa a Fatima\u201d.<strong> Catani ricorda che in quella dimora la Madonna \u00e8 stata concepita, \u00e8 nata e ha ricevuto l&#8217;annuncio dell&#8217;Arcangelo Gabriele. In quella abitazione \u00e8 poi vissuta, secondo una antica tradizione, insieme a Ges\u00f9 e al suo sposo San Giuseppe.<\/strong><\/p>\n<p><strong>Quello di Loreto, come scrisse papa Giovanni Paolo II, \u00e8 il \u201cprimo Santuario di portata internazionale dedicato alla Vergine e, per diversi secoli, vero cuore mariano della Cristianit\u00e0\u201d. Federico Catani afferma che \u201c Si tratta inoltre di un miracolo vivente, che desta ancora domande e curiosit\u00e0. Come si pu\u00f2 dimostrare che le tre pareti sono proprio quelle della Casa della Santa Famiglia? Come sono venute da Nazareth in Italia? \u00c8 stata opera degli angeli oppure dei crociati? E la Casa \u00e8 giunta subito a Loreto oppure ha toccato altri luoghi?\u201d.<\/strong><\/p>\n<p><strong>A questa e altre questioni risponde il libro, che stabilisce poi un collegamento diretto fra Loreto e due avvenimenti che hanno profondamente segnato la storia dell\u2019Europa oggi forse non pi\u00f9 cristiana come una volta: la battaglia di Lepanto, e l\u2019assedio di Vienna. Sono i due episodi che hanno fermato l\u2019espansionismo turco-musulmano verso Occidente, e hanno fatto s\u00ec che oggi, tutti noi, ad iniziare da Papa Francesco, \u00a0non preghiamo su un tappetino rivolti alla Mecca. La Madonna di Loreto \u00e8 stata una protagonista di entrambi questi episodi di grande fede e coraggio cristiani. Ancor oggi \u00e8 un miracolo vivente, una testimonianza unica, memoria e fede per ogni credente. <\/strong><\/p>\n<p><strong>Carlo Franza <\/strong><\/p>\n<p>&nbsp;<\/p>\n","protected":false},"excerpt":{"rendered":"<p><p>Ogni giorno ricevo notizie che sto registrando sul dramma che si sta abbattendo sulla Chiesa Cattolica Romana in ogni parte del mondo, dall\u2019Irlanda all\u2019Australia, dall\u2019Honduras agli Stati Uniti. Cardinali, vescovi e preti stretti nella morsa della pedofilia e dell\u2019omosessualit\u00e0. Papa Francesco tentenna dinanzi alla bomba lanciata dall\u2019Arcivescovo Vigan\u00f2 ex nunzio negli USA. \u00a0Ne scriveremo nei prossimi giorni, per intanto ho sul tavolo di lavoro il libro di Federico Catani sulla Casa di Loreto, e mi sono detto che andava recensito, anche perch\u00e9 con la Santa Casa di Loreto e con Loreto, comune delle Marche in provincia di Ancona, ho un [&hellip;]<\/p>\n&nbsp;&nbsp;<div class=\"readmore\"><a href=\"https:\/\/blog.ilgiornale.it\/franza\/2018\/09\/08\/il-miracolo-di-loreto-la-santa-casa-della-santa-vergine-maria-e-una-testimonianza-unica-di-fede-un-libro-ne-racconta-la-storia-del-mistero-vivente\/\">Continua a leggere...<\/a><\/div><\/p>","protected":false},"author":1009,"featured_media":0,"comment_status":"open","ping_status":"closed","sticky":false,"template":"","format":"standard","meta":[],"categories":[77048,31446,9894,53794,41640,44441,87,47,41644,28369,41632,17494,51665,4625,28291],"tags":[328372,59480,328370,328367,328373,328369,252914,328368,328371],"_links":{"self":[{"href":"https:\/\/blog.ilgiornale.it\/franza\/wp-json\/wp\/v2\/posts\/13381"}],"collection":[{"href":"https:\/\/blog.ilgiornale.it\/franza\/wp-json\/wp\/v2\/posts"}],"about":[{"href":"https:\/\/blog.ilgiornale.it\/franza\/wp-json\/wp\/v2\/types\/post"}],"author":[{"embeddable":true,"href":"https:\/\/blog.ilgiornale.it\/franza\/wp-json\/wp\/v2\/users\/1009"}],"replies":[{"embeddable":true,"href":"https:\/\/blog.ilgiornale.it\/franza\/wp-json\/wp\/v2\/comments?post=13381"}],"version-history":[{"count":1,"href":"https:\/\/blog.ilgiornale.it\/franza\/wp-json\/wp\/v2\/posts\/13381\/revisions"}],"predecessor-version":[{"id":13388,"href":"https:\/\/blog.ilgiornale.it\/franza\/wp-json\/wp\/v2\/posts\/13381\/revisions\/13388"}],"wp:attachment":[{"href":"https:\/\/blog.ilgiornale.it\/franza\/wp-json\/wp\/v2\/media?parent=13381"}],"wp:term":[{"taxonomy":"category","embeddable":true,"href":"https:\/\/blog.ilgiornale.it\/franza\/wp-json\/wp\/v2\/categories?post=13381"},{"taxonomy":"post_tag","embeddable":true,"href":"https:\/\/blog.ilgiornale.it\/franza\/wp-json\/wp\/v2\/tags?post=13381"}],"curies":[{"name":"wp","href":"https:\/\/api.w.org\/{rel}","templated":true}]}}