{"id":13865,"date":"2018-10-30T21:02:56","date_gmt":"2018-10-30T21:02:56","guid":{"rendered":"https:\/\/blog.ilgiornale.it\/franza\/?p=13865"},"modified":"2018-10-30T21:02:56","modified_gmt":"2018-10-30T21:02:56","slug":"il-mondo-di-jacovitti1923-1997-al-centro-saint-benin-di-aosta-la-spettacolare-mostra-del-piu-grande-fumettista-di-questo-secolo","status":"publish","type":"post","link":"https:\/\/blog.ilgiornale.it\/franza\/2018\/10\/30\/il-mondo-di-jacovitti1923-1997-al-centro-saint-benin-di-aosta-la-spettacolare-mostra-del-piu-grande-fumettista-di-questo-secolo\/","title":{"rendered":"Il mondo di  Jacovitti(1923-1997). Al Centro Saint B\u00e9nin di Aosta la spettacolare mostra del pi\u00f9 grande fumettista di questo secolo."},"content":{"rendered":"<p><a href=\"https:\/\/blog.ilgiornale.it\/franza\/files\/2018\/10\/091320384-e44108b5-50f8-4a5e-9424-3c26de897d79-e1540932548644.jpg\"><img loading=\"lazy\" class=\"alignleft size-full wp-image-13866\" src=\"https:\/\/blog.ilgiornale.it\/franza\/files\/2018\/10\/091320384-e44108b5-50f8-4a5e-9424-3c26de897d79-e1540932548644.jpg\" alt=\"091320384-e44108b5-50f8-4a5e-9424-3c26de897d79\" width=\"360\" height=\"360\" \/><\/a>Sono\u00a0<strong>oltre 250 i disegni originali<\/strong>\u00a0del grande artista esposti nella prestigiosa sede espositiva di\u00a0<strong>Aosta, il Centro Saint B\u00e9nin fino al 28 aprile 2019,<\/strong>\u00a0attraverso cui sar\u00e0 possibile ricostruire il percorso di una\u00a0<strong>carriera durata quasi sessant\u2019anni<\/strong>\u00a0che ha portato l\u2019artista a creare alcuni personaggi indimenticabili che hanno accompagnato intere generazioni di ragazzi, compreso la mia. \u00a0<a href=\"https:\/\/blog.ilgiornale.it\/franza\/files\/2018\/10\/090745826-3a29ec1a-9534-4b56-a8e0-949bef458dc4-e1540932594790.jpg\"><img loading=\"lazy\" class=\"  wp-image-13867 alignright\" src=\"https:\/\/blog.ilgiornale.it\/franza\/files\/2018\/10\/090745826-3a29ec1a-9534-4b56-a8e0-949bef458dc4-e1540932594790.jpg\" alt=\"090745826-3a29ec1a-9534-4b56-a8e0-949bef458dc4\" width=\"280\" height=\"250\" \/><\/a>Ed \u00e8 rivolta in particolare ai ragazzi che lo hanno amato e a quelli che non lo hanno conosciuto (e che ne avranno occasione con questa mostra) tutto il percorso espositivo creato appositamente per l\u2019occasione, puntando in particolare sui personaggi che lo hanno reso unico e inimitabile. Schizzi, vignette, tavole di fumetti e illustrazio<a href=\"https:\/\/blog.ilgiornale.it\/franza\/files\/2018\/10\/090745612-bdb83324-a837-4723-8329-bea989ea37bc-e1540932664475.jpg\"><img loading=\"lazy\" class=\"alignleft  wp-image-13868\" src=\"https:\/\/blog.ilgiornale.it\/franza\/files\/2018\/10\/090745612-bdb83324-a837-4723-8329-bea989ea37bc-e1540932664475.jpg\" alt=\"090745612-bdb83324-a837-4723-8329-bea989ea37bc\" width=\"280\" height=\"330\" \/><\/a>ni compongono l\u2019articolato susseguirsi dei disegni della mostra con alcune vere \u201cchicche\u201d che si potranno vedere in originale per la prima volta. Tra queste alcune tavole realizzate per oggetti promozionali,\u00a0<strong>60 disegni di figurine realizzate nel 1954 per l\u2019albo de Il Vittorioso \u201cGenti d\u2019ogni paese\u201d<\/strong>\u00a0in cui l\u2019estro di Jacovitti spazia in giro per i 5 continenti raffigurando a modo suo ogni popolo. Ricche di fascino sono alcune tra\u00a0<strong>le prime tavole disegnate negli anni Quaranta<\/strong>\u00a0per Il Vittorioso e altri giornali, veri esempi di calligrafismo disegnato. <a href=\"https:\/\/blog.ilgiornale.it\/franza\/files\/2018\/10\/090746138-4f998fb9-c049-41e3-81a7-c0026279cfb2-e1540932728960.jpg\"><img loading=\"lazy\" class=\" size-full wp-image-13869 alignright\" src=\"https:\/\/blog.ilgiornale.it\/franza\/files\/2018\/10\/090746138-4f998fb9-c049-41e3-81a7-c0026279cfb2-e1540932728960.jpg\" alt=\"090746138-4f998fb9-c049-41e3-81a7-c0026279cfb2\" width=\"324\" height=\"231\" \/><\/a>Tra queste spiccano per bellezza i disegni di\u00a0<strong>\u201cPippo e la guerra\u201d, \u201cMandrago\u201d, \u201cL\u2019Onorevole Tarzan\u201d, \u201cPippo in montagna\u201d, \u201cGiacinto corsaro dipinto\u201d e \u201cOreste il guastafeste\u201d<\/strong>\u00a0recentemente tornate in possesso della figlia. Nella sezione dedicata agli esordi si potr\u00e0 ammirare una delle primissime panoramiche realizzat<a href=\"https:\/\/blog.ilgiornale.it\/franza\/files\/2018\/10\/090745750-d974a2b5-9b96-4b3e-bd59-a6f44e43e64e-e1540932762735.jpg\"><img loading=\"lazy\" class=\"alignleft  wp-image-13870\" src=\"https:\/\/blog.ilgiornale.it\/franza\/files\/2018\/10\/090745750-d974a2b5-9b96-4b3e-bd59-a6f44e43e64e-e1540932762735.jpg\" alt=\"090745750-d974a2b5-9b96-4b3e-bd59-a6f44e43e64e\" width=\"275\" height=\"366\" \/><\/a>e da\u00a0Jacovitti a 17 anni, anticipatrice di quelle meravigliose e affollatissime tavole che diventeranno, nel corso degli anni, una sorta di suo marchio di produzione, oltre a sei tavole, le uniche rimaste, della storia inedita \u201cI tre re\u201d disegnata durante la seconda guerra mondiale. Si passer\u00e0 dalle tavole del mitico \u201cDiario Vitt\u201d realizzato dal 1949 al 1980, vera icona degli studenti di quegli anni, ai diari realizzati da Jac negli anni Ottanta.<\/p>\n<p><a href=\"https:\/\/blog.ilgiornale.it\/franza\/files\/2018\/10\/091320394-13ed76ed-070a-48a7-a1db-46508373b78f.jpg\"><img loading=\"lazy\" class=\"  wp-image-13871 alignright\" src=\"https:\/\/blog.ilgiornale.it\/franza\/files\/2018\/10\/091320394-13ed76ed-070a-48a7-a1db-46508373b78f.jpg\" alt=\"091320394-13ed76ed-070a-48a7-a1db-46508373b78f\" width=\"249\" height=\"430\" srcset=\"https:\/\/blog.ilgiornale.it\/franza\/files\/2018\/10\/091320394-13ed76ed-070a-48a7-a1db-46508373b78f.jpg 382w, https:\/\/blog.ilgiornale.it\/franza\/files\/2018\/10\/091320394-13ed76ed-070a-48a7-a1db-46508373b78f-174x300.jpg 174w\" sizes=\"(max-width: 249px) 100vw, 249px\" \/><\/a>Attraverso le sue collaborazioni con i principali giornali per i ragazzi come il gi\u00e0 citato \u201cIl Vittorioso\u201d, \u201cIl Giorno dei ragazzi\u201d, il \u201cCorriere dei Piccoli\u201d e \u201cIl Giornalino\u201d si potranno ammirare gli originali di \u201cCocco Bill\u201d, \u201cTom Ficcanaso\u201d, \u201cTarallino\u201d, \u201cOcchio di Pollo\u201d, \u201cJack Mandolino\u201d, \u201cChicchirino\u201d, \u201cCip l\u2019arcipoliziotto\u201d e \u201cZorry Kid\u201d che quest\u2019anno compie cinquant\u2019anni. Per questo motivo \u00e8 \u00a0in mostra un\u2019intera storia di\u00a0questo delizioso personaggio. Fiore all\u2019occhiello alcune illustrazioni realizzate per \u201cPinocchio\u201d edito nel 1964, riconosciute dai critici come tra le opere pi\u00f9 significative della sua lunghissima carriera.<\/p>\n<p><a href=\"https:\/\/blog.ilgiornale.it\/franza\/files\/2018\/10\/090745843-7db146bc-8382-4081-a2b4-0c5b25d912de.jpg\"><img loading=\"lazy\" class=\"alignleft  wp-image-13872\" src=\"https:\/\/blog.ilgiornale.it\/franza\/files\/2018\/10\/090745843-7db146bc-8382-4081-a2b4-0c5b25d912de-e1540932844763.jpg\" alt=\"090745843-7db146bc-8382-4081-a2b4-0c5b25d912de\" width=\"258\" height=\"344\" \/><\/a>Jacovitti ha frequentato la televisione attraverso la realizzazione di importanti \u201cCaroselli\u201d e di storie andate in onda nel programma cult \u201cSupergulp!\u201d. Le affollatissime panoramiche, \u00a0ricche di centinaia di personaggi e di battute, personificazione dell\u2019Italia di quegli anni, hanno un posto d\u2019onore all\u2019interno dell\u2019esposizione. Il \u201cPatentone\u201d, gioco dell\u2019oca sul tema automobilistico sar\u00e0 riprodotto in grande formato per permettere ai ragazzi di poter giocare all\u2019interno dello spazio del Saint B\u00e9nin con sagome segna posto e un dado in gommaspugna. Completa la mostra un volume (edito da Il Pennino) con contributi critici di\u00a0Fabio Norcini\u00a0(critico d\u2019arte),\u00a0Daria Jorioz\u00a0(critica d\u2019arte),\u00a0Gian Paolo Caprettini\u00a0(gi\u00e0 docente di Semiologia all\u2019Universit\u00e0 di Torino),\u00a0Vincenzo Mollica\u00a0(giornalista Rai),\u00a0Gianni Brunoro\u00a0e\u00a0Luca Boschi\u00a0(tra i pi\u00f9 importanti jacovittologi italiani),\u00a0Fran\u00e7ois Corteggiani\u00a0(autore di Fumetti) e\u00a0Goffredo Fofi\u00a0(saggista e critico cinematografico). Il video introduttivo \u00e8 realizzato da Costantino Sarnelli, Laura Chiotasso e Barbara Forneris di Creative Apsu.<a href=\"https:\/\/blog.ilgiornale.it\/franza\/files\/2018\/10\/090745629-ea025bdf-460c-4bd0-8a74-0cbe0bfa0c99.jpg\"><img loading=\"lazy\" class=\"alignleft size-full wp-image-13873\" src=\"https:\/\/blog.ilgiornale.it\/franza\/files\/2018\/10\/090745629-ea025bdf-460c-4bd0-8a74-0cbe0bfa0c99-e1540932937543.jpg\" alt=\"090745629-ea025bdf-460c-4bd0-8a74-0cbe0bfa0c99\" width=\"295\" height=\"393\" \/><\/a><\/p>\n<p><strong>Nel periodo della mostra sono previste due conferenze dedicate all\u2019arte di Jacovitti ed un incontro mensile come corso di avvicinamento al fumetto umoristico tenuto da Claudio Puglia.\u00a0 Jacovitti, nato a Termoli nel 1923, scomparso a Roma nel 1997, \u00e8 stato forse il pi\u00f9 geniale umorista\/fumettista di questo secolo, oltre che uno dei pi\u00f9 prolifici, grazie anche al suo precocissimo ingresso nel campo dei comics, avvenuto all&#8217;et\u00e0 di sedici anni.<br \/>\n<\/strong>Quest\u2019anno ricorre il cinquantennale della creazione di uno dei suoi personaggi pi\u00f9 amati dal\u00a0pubblico, \u201cZorry Kid\u201d. A vent&#8217;anni era gi\u00e0 considerato uno dei pi\u00f9 interes- santi autori italiani e grazie all&#8217;esperienza maturata al seguito di numerose sperimentazioni personali di stile, tratto e segno, sapr\u00e0 rimanere sulla cresta del- l&#8217;onda per tutta la vita, con una carriera che durer\u00e0 quasi sessant\u2019anni e che coinvolger\u00e0 molte generazioni di lettori che sapranno amarlo ed apprezzarlo nonostante i mutamenti di gusto da parte del pubblico.<br \/>\nQuesto perch\u00e9 Jacovitti riusciva ad esprimere una verve comica irresistibile che poteva superare qualsiasi confine, sia geografico che anagrafico. Stupefacente artista, seppe disegnare per qualsiasi situazione, dal glorioso \u201cIl Vittorioso\u201d di ispirazione cattolica ai capolavori erotici del \u201cKamasuLtra\u201d con la collaborazione del genio comico di Marcello Marchesi, passando per le riviste umoristiche del periodo tra cui \u201cIl Travaso\u201d, la lunga collaborazione sull&#8217;inserto del quotidiano \u201cIl Giorno\u201d, per arrivare al \u201cDiario Vitt\u201d che per trent&#8217;anni ha accompagnato gli studenti, senza dimenticare il suo impegno in campo televisivo con pubblicit\u00e0 (Caroselli), scenografie per trasmissioni e cartoni animati per vari programmi. Di Jacovitti hanno scritto alcuni tra i pi\u00f9 importanti intellettuali italiani come Umberto Eco, Vittorio Sgarbi, Carlo Franza\u00a0 e Goffredo Fofi, solo per citarne alcuni. A Roma e Parma gli \u00e8 stato intitolato \u201cLargo Benito Jacovitti\u201d mentre a Termoli, sua citt\u00e0 natale che gi\u00e0 aveva dedicato al suo nome il Liceo Artistico, \u00e8 stata recentemente inaugurata una statua di bronzo che lo raffigura mentre disegna Cocco Bill. Ancora a Roma \u00e8 possibile visitare la Casa Museo Jacovitti su iniziativa di Edgardo Colabelli, per anni coordinatore dello \u201cJacovitti Club\u201d e della rivista \u201cJacovitti Magazine\u201d. E\u2019 in corso di pubblicazione da oltre un anno la monumentale raccolta a fascicoli \u201cCocco Bill e il meglio di Jacovitti\u201d per le edizioni Hachette curata da Luca Boschi mentre le sue opere si trovano sul mensile on-line dedicato all\u2019umorismo <a href=\"http:\/\/www.buduar.it\">www.buduar.it<\/a><\/p>\n<p><strong>Carlo Franza<\/p>\n<p><\/strong><\/p>\n<p>&nbsp;<\/p>\n","protected":false},"excerpt":{"rendered":"<p><p>Sono\u00a0oltre 250 i disegni originali\u00a0del grande artista esposti nella prestigiosa sede espositiva di\u00a0Aosta, il Centro Saint B\u00e9nin fino al 28 aprile 2019,\u00a0attraverso cui sar\u00e0 possibile ricostruire il percorso di una\u00a0carriera durata quasi sessant\u2019anni\u00a0che ha portato l\u2019artista a creare alcuni personaggi indimenticabili che hanno accompagnato intere generazioni di ragazzi, compreso la mia. \u00a0Ed \u00e8 rivolta in particolare ai ragazzi che lo hanno amato e a quelli che non lo hanno conosciuto (e che ne avranno occasione con questa mostra) tutto il percorso espositivo creato appositamente per l\u2019occasione, puntando in particolare sui personaggi che lo hanno reso unico e inimitabile. Schizzi, vignette, [&hellip;]<\/p>\n&nbsp;&nbsp;<div class=\"readmore\"><a href=\"https:\/\/blog.ilgiornale.it\/franza\/2018\/10\/30\/il-mondo-di-jacovitti1923-1997-al-centro-saint-benin-di-aosta-la-spettacolare-mostra-del-piu-grande-fumettista-di-questo-secolo\/\">Continua a leggere...<\/a><\/div><\/p>","protected":false},"author":1009,"featured_media":0,"comment_status":"open","ping_status":"closed","sticky":false,"template":"","format":"standard","meta":[],"categories":[59246,53709,9894,10357,41684,28386,44441,87,35224,17505,35188,28369,7576,41756,35223,328260,35225],"tags":[59480,339870,20803,339873,339871,339872],"_links":{"self":[{"href":"https:\/\/blog.ilgiornale.it\/franza\/wp-json\/wp\/v2\/posts\/13865"}],"collection":[{"href":"https:\/\/blog.ilgiornale.it\/franza\/wp-json\/wp\/v2\/posts"}],"about":[{"href":"https:\/\/blog.ilgiornale.it\/franza\/wp-json\/wp\/v2\/types\/post"}],"author":[{"embeddable":true,"href":"https:\/\/blog.ilgiornale.it\/franza\/wp-json\/wp\/v2\/users\/1009"}],"replies":[{"embeddable":true,"href":"https:\/\/blog.ilgiornale.it\/franza\/wp-json\/wp\/v2\/comments?post=13865"}],"version-history":[{"count":1,"href":"https:\/\/blog.ilgiornale.it\/franza\/wp-json\/wp\/v2\/posts\/13865\/revisions"}],"predecessor-version":[{"id":13874,"href":"https:\/\/blog.ilgiornale.it\/franza\/wp-json\/wp\/v2\/posts\/13865\/revisions\/13874"}],"wp:attachment":[{"href":"https:\/\/blog.ilgiornale.it\/franza\/wp-json\/wp\/v2\/media?parent=13865"}],"wp:term":[{"taxonomy":"category","embeddable":true,"href":"https:\/\/blog.ilgiornale.it\/franza\/wp-json\/wp\/v2\/categories?post=13865"},{"taxonomy":"post_tag","embeddable":true,"href":"https:\/\/blog.ilgiornale.it\/franza\/wp-json\/wp\/v2\/tags?post=13865"}],"curies":[{"name":"wp","href":"https:\/\/api.w.org\/{rel}","templated":true}]}}