{"id":1398,"date":"2014-01-04T21:54:19","date_gmt":"2014-01-04T21:54:19","guid":{"rendered":"https:\/\/blog.ilgiornale.it\/franza\/?p=1398"},"modified":"2014-01-04T21:54:19","modified_gmt":"2014-01-04T21:54:19","slug":"immagine-e-persuasione-capolavori-del-seicento-dalle-chiese-di-ferrara","status":"publish","type":"post","link":"https:\/\/blog.ilgiornale.it\/franza\/2014\/01\/04\/immagine-e-persuasione-capolavori-del-seicento-dalle-chiese-di-ferrara\/","title":{"rendered":"IMMAGINE E PERSUASIONE. Capolavori del Seicento dalle chiese di Ferrara"},"content":{"rendered":"<p><a href=\"https:\/\/blog.ilgiornale.it\/franza\/files\/2014\/01\/112a72a5731e17ea16f60c3ae3a934536da8fc4.jpg\"><img loading=\"lazy\" class=\"alignleft size-medium wp-image-1399\" src=\"https:\/\/blog.ilgiornale.it\/franza\/files\/2014\/01\/112a72a5731e17ea16f60c3ae3a934536da8fc4-175x300.jpg\" alt=\"\" width=\"175\" height=\"300\" srcset=\"https:\/\/blog.ilgiornale.it\/franza\/files\/2014\/01\/112a72a5731e17ea16f60c3ae3a934536da8fc4-175x300.jpg 175w, https:\/\/blog.ilgiornale.it\/franza\/files\/2014\/01\/112a72a5731e17ea16f60c3ae3a934536da8fc4.jpg 293w\" sizes=\"(max-width: 175px) 100vw, 175px\" \/><\/a>Immagine e persuasione. Capolavori del Seicento dalle Chiese di Ferrara \u00e8 una mostra davvero importante. Innanzitutto perch\u00e9 richiama l\u2019attenzione sui danni provocati dal terremoto del 2012, ma anche perch\u00e9 ha il merito di accendere riflettori sul <strong>Seicento ferrarese,<\/strong> a torto considerato \u201cminore\u201d. Figlia di un altro sisma, quello ben pi\u00f9 drammatico che colp\u00ec la citt\u00e0 nel 1570, nonch\u00e9 delle innovazioni liturgiche e devozionali seguite al Concilio di Trento, questa stagione determina attraverso numerosi cantieri e commissioni artistiche un profondo rinnovamento del volto della citt\u00e0 estense. <strong>Quello vissuto da Ferrara fu cos\u00ec un grandissimo Seicento, sino ad ora considerato ingiustamente subalterno ai fasti cosmopoliti della casata degli Este nel Quattro e Cinquecento.<\/strong><\/p>\n<p><strong>La piccola ma stupefacente mostra allestita fino \u00a0al 6 gennaio 2014 a Palazzo Trotti Costabili, sede del Seminario Vecchio, sveler\u00e0 al pubblico le grandi opere di Carlo Bononi, dello Scarsellino, di Francesco Costanzo Catanio, nonch\u00e9 quelle di Ludovico Carracci e del Guercino e si svolger\u00e0 in contemporanea con quella dedicata a Zurbar\u00e1n a Palazzo dei Diamanti: due facce del Seicento, due visioni diverse eppure egualmente affascinanti.<\/strong> Mostra a cura di Giovanni Sassu, organizzata dalla Fondazione Ferrara Arte e dal Seminario Arcivescovile di Ferrara, in collaborazione con l\u2019Arcidiocesi di Ferrara-Comacchio e i Musei Civici di Arte Antica.<\/p>\n<p>Carlo Franza<\/p>\n","protected":false},"excerpt":{"rendered":"<p><p>Immagine e persuasione. Capolavori del Seicento dalle Chiese di Ferrara \u00e8 una mostra davvero importante. Innanzitutto perch\u00e9 richiama l\u2019attenzione sui danni provocati dal terremoto del 2012, ma anche perch\u00e9 ha il merito di accendere riflettori sul Seicento ferrarese, a torto considerato \u201cminore\u201d. Figlia di un altro sisma, quello ben pi\u00f9 drammatico che colp\u00ec la citt\u00e0 nel 1570, nonch\u00e9 delle innovazioni liturgiche e devozionali seguite al Concilio di Trento, questa stagione determina attraverso numerosi cantieri e commissioni artistiche un profondo rinnovamento del volto della citt\u00e0 estense. Quello vissuto da Ferrara fu cos\u00ec un grandissimo Seicento, sino ad ora considerato ingiustamente subalterno [&hellip;]<\/p>\n&nbsp;&nbsp;<div class=\"readmore\"><a href=\"https:\/\/blog.ilgiornale.it\/franza\/2014\/01\/04\/immagine-e-persuasione-capolavori-del-seicento-dalle-chiese-di-ferrara\/\">Continua a leggere...<\/a><\/div><\/p>","protected":false},"author":1009,"featured_media":0,"comment_status":"open","ping_status":"closed","sticky":false,"template":"","format":"standard","meta":[],"categories":[9894,41640,87,35351,35185,17505,35188,28369],"tags":[41671,3131,41673,41670,41672,41675,41674,41668],"_links":{"self":[{"href":"https:\/\/blog.ilgiornale.it\/franza\/wp-json\/wp\/v2\/posts\/1398"}],"collection":[{"href":"https:\/\/blog.ilgiornale.it\/franza\/wp-json\/wp\/v2\/posts"}],"about":[{"href":"https:\/\/blog.ilgiornale.it\/franza\/wp-json\/wp\/v2\/types\/post"}],"author":[{"embeddable":true,"href":"https:\/\/blog.ilgiornale.it\/franza\/wp-json\/wp\/v2\/users\/1009"}],"replies":[{"embeddable":true,"href":"https:\/\/blog.ilgiornale.it\/franza\/wp-json\/wp\/v2\/comments?post=1398"}],"version-history":[{"count":2,"href":"https:\/\/blog.ilgiornale.it\/franza\/wp-json\/wp\/v2\/posts\/1398\/revisions"}],"predecessor-version":[{"id":1401,"href":"https:\/\/blog.ilgiornale.it\/franza\/wp-json\/wp\/v2\/posts\/1398\/revisions\/1401"}],"wp:attachment":[{"href":"https:\/\/blog.ilgiornale.it\/franza\/wp-json\/wp\/v2\/media?parent=1398"}],"wp:term":[{"taxonomy":"category","embeddable":true,"href":"https:\/\/blog.ilgiornale.it\/franza\/wp-json\/wp\/v2\/categories?post=1398"},{"taxonomy":"post_tag","embeddable":true,"href":"https:\/\/blog.ilgiornale.it\/franza\/wp-json\/wp\/v2\/tags?post=1398"}],"curies":[{"name":"wp","href":"https:\/\/api.w.org\/{rel}","templated":true}]}}