{"id":14474,"date":"2019-01-01T21:37:46","date_gmt":"2019-01-01T21:37:46","guid":{"rendered":"https:\/\/blog.ilgiornale.it\/franza\/?p=14474"},"modified":"2019-01-01T21:37:46","modified_gmt":"2019-01-01T21:37:46","slug":"tefaf-maastricht-annuncia-la-lista-degli-espositori-2019-tefaf-maastricht-e-la-fiera-darte-e-antiquariato-piu-importante-del-mondo","status":"publish","type":"post","link":"https:\/\/blog.ilgiornale.it\/franza\/2019\/01\/01\/tefaf-maastricht-annuncia-la-lista-degli-espositori-2019-tefaf-maastricht-e-la-fiera-darte-e-antiquariato-piu-importante-del-mondo\/","title":{"rendered":"Tefaf Maastricht  annuncia la lista degli espositori 2019. TEFAF Maastricht \u00e8 la Fiera d\u2019arte e antiquariato pi\u00f9 importante del mondo."},"content":{"rendered":"<p><em>(inviato nei \u00a0Paesi Bassi, 29 dicembre 2018<strong>). <\/strong><\/em><strong>\u00a0L&#8217;edizione 2019 di TEFAF Maastricht accoglier\u00e0 38 nuovi espositori in seguito a una revisione dettagliata dei protocolli di selezione della Fiera.<a href=\"https:\/\/blog.ilgiornale.it\/franza\/files\/2019\/01\/artobject73-e1546377502695.jpg\"><img loading=\"lazy\" class=\"alignleft size-full wp-image-14475\" src=\"https:\/\/blog.ilgiornale.it\/franza\/files\/2019\/01\/artobject73-e1546377502695.jpg\" alt=\"artobject73\" width=\"322\" height=\"360\" \/><\/a> I 277 galleristi che parteciperanno il prossimo marzo, la cui offerta coprir\u00e0 ben 7000 anni di storia dell&#8217;arte, promettono di offrire ai collezionisti privati e istituzionali opportunit\u00e0 impareggiabili.<\/strong> In particolare, TEFAF \u00e8 lieta di dare il benvenuto a una nuova selezione delle migliori gallerie di arte moderna e contemporanea, che si uniranno ai superbi espositori gi\u00e0 presenti in Fiera. TEFAF Maa<a href=\"https:\/\/blog.ilgiornale.it\/franza\/files\/2019\/01\/artobject-e1546377540365.jpg\"><img loading=\"lazy\" class=\"  wp-image-14476 alignright\" src=\"https:\/\/blog.ilgiornale.it\/franza\/files\/2019\/01\/artobject-e1546377540365.jpg\" alt=\"artobject\" width=\"239\" height=\"480\" \/><\/a>stricht 2019 avr\u00e0 luogo dal 16 al 24 marzo 2019 al polo espositivo MECC di Maastricht, Paesi Bassi. Il mercato dell&#8217;arte \u00e8 un ecosistema, e le sue trasformazioni ed evoluzioni vengono rispecchiate dalle fiere targate TEFAF. Nel 2019 infatti TEFAF Maastricht accoglier\u00e0 gli espositori gi\u00e0 delle precedenti edizioni insieme a ben 38 nuovi galleristi. I nuovi espositori interessano tutte le otto sezioni della Fiera (<strong>TEFAF AncientArt<\/strong>, <strong>TEFAF Antiques<\/strong>, <strong>TEFAF Design<\/strong>, <strong>TEFAF La Haute Joaillerie<\/strong>, <strong>TEFAF Modern<\/strong>, <strong>TEFAF Paintings<\/strong>, <strong>TEFAF Paper<\/strong> e <strong>TEFAF Tribal<\/strong>), con un&#8217;attenzione particolare a <strong>TEFAF Modern<\/strong>, che in seguito a una massiccia ricalibratura ospiter\u00e0 13 dei 38 nuovi nomi.<br \/>\n<a href=\"https:\/\/blog.ilgiornale.it\/franza\/files\/2019\/01\/artobject33-e1546377584872.jpg\"><img loading=\"lazy\" class=\"alignleft size-full wp-image-14477\" src=\"https:\/\/blog.ilgiornale.it\/franza\/files\/2019\/01\/artobject33-e1546377584872.jpg\" alt=\"artobject33\" width=\"320\" height=\"262\" \/><\/a>Tra i nuovi espositori della sezione TEFAF Modern spiccano la<strong> Galerie Gmurzynska <\/strong>(Stati Uniti), la <strong>Simon Lee Gallery <\/strong>(Regno Unito), <strong>Pace Gallery <\/strong>(Stati Uniti), <strong>Almine Rech <\/strong>(Belgio), e <strong>Spr\u00fcth Magers<\/strong> (Regno Unito), solo per citarne alcuni. <strong>TEFAF Maastricht \u00e8 da tempo nota come la fiera di arte del passato pi\u00f9 importante del mondo; grazie all&#8217;ampliamento di TEFAF Modern, la Fiera cementer\u00e0 la propria posizione di fiera pi\u00f9 importante del mondo per tutte le discipline e i periodi.<a href=\"https:\/\/blog.ilgiornale.it\/franza\/files\/2019\/01\/artobject77-e1546377633314.jpg\"><img loading=\"lazy\" class=\"alignleft size-full wp-image-14478\" src=\"https:\/\/blog.ilgiornale.it\/franza\/files\/2019\/01\/artobject77-e1546377633314.jpg\" alt=\"artobject77\" width=\"320\" height=\"204\" \/><\/a><br \/>\n<\/strong>I nuovi espositori del 2019 sono:<br \/>\n<strong><span style=\"text-decoration: underline\"><br \/>\nTEFAF Ancient Art:<\/span><br \/>\n<\/strong>\u00b7 <strong>Galerie Eberwein <\/strong>(Francia) \u2013 specializzata in antichit\u00e0 egizie <strong><br \/>\n<\/strong>\u00b7 <strong>Galerie David Ghezelbash <\/strong>(Francia) \u2013 specializzata in reperti archeologici del bacino mediterraneo: arte greca, romana, egizia ma anche orientale.<strong><br \/>\n<\/strong>\u00b7 <strong>Kallos Gallery <\/strong>(Regno Unito) \u2013 specializzata in antichit\u00e0 greche, romane, egizie, dell&#8217;Asia occidentale e dell&#8217;Europa.<strong><span style=\"text-decoration: underline\"><\/p>\n<p><a href=\"https:\/\/blog.ilgiornale.it\/franza\/files\/2019\/01\/artobject56-e1546377663691.jpg\"><img loading=\"lazy\" class=\"alignleft size-full wp-image-14479\" src=\"https:\/\/blog.ilgiornale.it\/franza\/files\/2019\/01\/artobject56-e1546377663691.jpg\" alt=\"artobject56\" width=\"320\" height=\"219\" \/><\/a>TEFAF Antiques: <\/span><br \/>\n<\/strong>\u00b7 <strong>AR-PAB \/ \u00c1lvaro Roquette \u2013 Pedro Aguiar \u2013 Branco <\/strong>(Francia) \u2013 specializzati in opere coloniali portoghesi e spagnole.<strong><br \/>\n<\/strong>\u00b7 <strong>FD Gallery <\/strong>(Stati Uniti) \u2013 specialista di gioielli antichi e vintage<strong><br \/>\n<\/strong>\u00b7 <strong>Galerie Gismondi <\/strong>(Francia) \u2013 specializzata in arredi italiani e francesi, dal XV al XIX secolo.<strong><br \/>\n<\/strong>\u00b7 <strong>Galerie L\u00e9age <\/strong>(Francia) \u2013 specializzata in arredi e oggetti d&#8217;arte francesi del XVIII secolo. <strong><br \/>\n<\/strong>\u00b7 <strong>Galerie Mermoz <\/strong>(Francia) \u2013 specialista di arte etnografica. <strong><br \/>\n<\/strong>\u00b7 <strong>Shibunkaku <\/strong>(Giappone) \u2013 specialisti di opere d&#8217;arte giapponese.<strong><br \/>\n<\/strong>\u00b7 <strong>Siegelson <\/strong>(Stati Uniti) \u2013 specializzata in rara gioielleria da collezione.<strong><span style=\"text-decoration: underline\"><br \/>\n<\/span><\/strong>\u00b7 <strong>Symbolic &amp; Chase <\/strong>(Regno Unito) \u2013specialisti in gioielleria preziosa dal XIX secolo a oggi. <strong><span style=\"text-decoration: underline\"><br \/>\n<\/span><\/strong><\/p>\n<p><strong><span style=\"text-decoration: underline\"><a href=\"https:\/\/blog.ilgiornale.it\/franza\/files\/2019\/01\/artobject55-e1546377692607.jpg\"><img loading=\"lazy\" class=\"alignleft size-full wp-image-14480\" src=\"https:\/\/blog.ilgiornale.it\/franza\/files\/2019\/01\/artobject55-e1546377692607.jpg\" alt=\"artobject55\" width=\"311\" height=\"415\" \/><\/a>TEFAF Design<\/span><br \/>\n<\/strong>\u00b7 <strong>Alexandre Biaggi \u2013 Pierre Passebon <\/strong>(Francia) \u2013 specializzati in arredi del XX secolo, con particolare attenzione agli anni Trenta.<strong><br \/>\n<\/strong>\u00b7 <strong>Pierre Marie Giraud <\/strong>(Belgio) \u2013specializzato in ceramiche, cristalli e arti decorative moderne e contemporanee.<strong><br \/>\n<\/strong>\u00b7 <strong>Galerie du Passage <\/strong>(Francia) \u2013 specializzata in arti decorative del XX e XXI secolo.<br \/>\n<strong><span style=\"text-decoration: underline\"><br \/>\n<a href=\"https:\/\/blog.ilgiornale.it\/franza\/files\/2019\/01\/artobject78-e1546377763214.jpg\"><img loading=\"lazy\" class=\"  wp-image-14481 alignright\" src=\"https:\/\/blog.ilgiornale.it\/franza\/files\/2019\/01\/artobject78-e1546377763214.jpg\" alt=\"artobject78\" width=\"175\" height=\"418\" \/><\/a>TEFAF La Haute Joaillerie<\/span><br \/>\n<\/strong>\u00b7 <strong>Cindy Chao \u2013 The Art Jewel <\/strong>(Hong Kong) \u2013 gioielleria contemporanea che firma opere d&#8217;arte decorate di gioielli.<br \/>\n<strong><br \/>\n<span style=\"text-decoration: underline\">TEFAF Modern<\/span><br \/>\n<\/strong>\u00b7 <strong>Galerie Gmurzynska <\/strong>(Stati Uniti) \u2013 specializzata in dipinti, disegni e sculture europei dal 1900 in poi. <strong><br \/>\n<\/strong>\u00b7 <strong>Galerie Max Hetzler <\/strong>(Germania) \u2013 specializzata in arte contemporanea.<strong><br \/>\n<\/strong>\u00b7 <strong>Gallery Hyundai <\/strong>(Corea del Sud) \u2013 specializzata in arte asiatica. <strong><br \/>\n<\/strong>\u00b7 <strong>Simon Lee Gallery <\/strong>(Regno Unito) \u2013 specializzata in arte moderna e contemporanea: i suoi artisti interessano varie discipline dalla scultura alla pittura fino a video e fotografia. <strong><br \/>\n<\/strong>\u00b7 <strong>Galleria d\u2019Arte Maggiore <\/strong>(Italia) \u2013 specializzata in arte moderna dei maestri del XX secolo.<strong><br \/>\n<\/strong>\u00b7 <strong>Mayoral <\/strong>(Spagna) \u2013 specializzata in dipinti, disegni e sculture europei dal 1870 in poi, e in arte spagnola del dopoguerra.<strong><br \/>\n<\/strong>\u00b7 <strong>Fergus McCaffrey <\/strong>(Stati Uniti) \u2013 specialista di opere d&#8217;arte giapponesi del dopoguerra.<strong><br \/>\n<\/strong>\u00b7 <strong>kamel mennour <\/strong>(Francia) \u2013 specializzata in arte contemporanea.<strong><br \/>\n<\/strong>\u00b7 <strong>Galerie Le Minotaure <\/strong>(Francia) \u2013 specializzata in artisti russi e centro-europei della prima met\u00e0 del XX secolo.<strong><br \/>\n<\/strong>\u00b7 <strong>Pace Gallery <\/strong>(Sta<strong><a href=\"https:\/\/blog.ilgiornale.it\/franza\/files\/2019\/01\/artobject98-e1546377826475.jpg\"><img loading=\"lazy\" class=\"alignleft size-full wp-image-14482\" src=\"https:\/\/blog.ilgiornale.it\/franza\/files\/2019\/01\/artobject98-e1546377826475.jpg\" alt=\"artobject98\" width=\"320\" height=\"147\" \/><\/a><\/strong>ti Uniti) \u2013 galleria di arte contemporanea che rappresenta oltre 70 artisti di 10 paesi diversi. <strong><br \/>\n<\/strong>\u00b7 <strong>Almine Rech <\/strong>(Belgio) \u2013 specialista di dipinti, disegni e sculture europei, cos\u00ec come dipinti americani, dal 1870 in poi.<strong><br \/>\n<\/strong>\u00b7 <strong>Spr\u00fcth Magers <\/strong>(Regno Unito) \u2013 specializzata in arte moderna e contemporanea innovativa.<strong><br \/>\n<\/strong>\u00b7 <strong>Galerie Georges-Philippe &amp; Nathalie Vallois <\/strong>(Francia) \u2013 specializzata in opere avanguardiste europee dal 1960 in poi.<br \/>\n<strong><span style=\"text-decoration: underline\"><br \/>\nTEFAF Paintings<\/span><br \/>\n<\/strong>\u00b7 <strong>Bottegantica <\/strong>(Italia) \u2013 specializzata in opere d&#8217;arte del XIX e XX secolo.<strong><br \/>\n<\/strong>\u00b7 <strong>Nicholas Hall <\/strong>(Stati Uniti) \u2013 specializzato in dipinti e sculture degli antichi maestri e del XIX secolo.<strong><br \/>\n<\/strong>\u00b7 <strong>Piacenti Art Gallery <\/strong>(Regno Unito) \u2013 notoriamente specializzata in dipinti e sculture degli Antichi Maestri.<strong><br \/>\n<\/strong>\u00b7 <strong>Porcini <\/strong>(Italia) \u2013 specializzata in opere d&#8217;arte italiana dal XVI al XVIII secolo.<strong><br \/>\n<\/strong>\u00b7 <strong>Fondantico di Tiziana Sassoli <\/strong>(Italia) \u2013 specializzata in Antichi Maestri italiani.<strong><br \/>\n<\/strong>\u00b7 <strong>Galleria Carlo Virgilio &amp; C. <\/strong>(Italia) \u2013 specializzata in dipinti e sculture europei dal XVIII al XX secolo.<br \/>\n<strong><span style=\"text-decoration: underline\"><br \/>\nTEFAF Paper<\/span><br \/>\n<\/strong>\u00b7 <strong>Galerie Alexis Bordes <\/strong>(Francia) \u2013 specializzata in dipinti, disegni e sculture della scuola francese, dal XVI al XIX secolo.<strong><br \/>\n<\/strong>\u00b7 <strong>Le Claire Kunst <\/strong>(Germania) \u2013 specializzata in disegni, acquerelli e opere a pastello dal XVI al XIX secolo.<strong><br \/>\n<\/strong>\u00b7 <strong>Maurizio Nobile <\/strong>(Francia) \u2013 specializzato in disegni, dipinti e sculture degli Antichi Maestri italiani.<br \/>\n<strong><span style=\"text-decoration: underline\"><br \/>\nTEFAF Tribal <\/span><br \/>\n<\/strong>\u00b7 <strong>Galerie Monbrison <\/strong>(Francia) \u2013 specializzata in arte tribale africana e oceanica e in antichit\u00e0.<\/p>\n<p>\u201cSeguendo l&#8217;intento dell&#8217;organizzazione di tenere il passo della modernizzazione e del cambiamento, quest&#8217;anno TEFAF ha introdotto un protocollo di selezione pi\u00f9 trasparente per TEFAF Maastricht, invitando diversi nuovi galleristi a esporre in Fiera, soprattutto nella sezione Modern. Vorrei ringraziare i responsabili delle sezioni Chairs Paul Smeets (dipinti), Christophe de Qu\u00e9netain (antichit\u00e0) e Christophe Van de Weghe (arte moderna) per il loro entusiasmo e leadership. Un grazie anche ai comitati di selezione che hanno lavorato con impegno e dedizione, accogliendo le nuove linee guida\u201d, ha dichiarato Nanne Dekking, Presidente di TEFAF.\u00a0 La lista completa degli espositori di TEFAF Maastricht 2019 \u00e8 disponibile sul sito ufficiale www.tefaf.com<br \/>\n<strong>-TEFAF Maastricht<\/strong><br \/>\n<strong>TEFAF Maastricht, la Fiera d\u2019arte e antiquariato pi\u00f9 importante del mondo, si fregia dei migliori mercanti d\u2019arte ed esperti del mondo. \u00c8 stata la prima fiera d\u2019arte a essere organizzata dai galleristi per i galleristi, e da sempre rappresenta un\u2019ispirazione per gli amanti e i compratori d\u2019arte. La trentaduesima edizione di TEFAF Maastricht si terr\u00e0 al Maastricht Exhibition &amp; Congress Centre dal 16 al 24 marzo 2019.<\/strong> TEFAF. Your Art Community.<strong> L&#8217;arte, pi\u00f9 di un asset. <\/strong>TEFAF condivide con il suo principale sponsor, AXA Art, la visione di un\u2019arte che va oltre lo status di solo asset. Questa partnership fornisce ai collezionisti d\u2019arte un servizio unico che copre l\u2019intera gamma di prevenzione dei rischi, conservazione, recupero e restauro, consentendo loro di mantenere le proprie collezioni nelle migliori condizioni possibili.<br \/>\n<a href=\"http:\/\/www.axa-art.com\">www.axa-art.com<\/a>.<\/p>\n<p><strong>Carlo Franza<\/p>\n<p><\/strong><\/p>\n","protected":false},"excerpt":{"rendered":"<p><p>(inviato nei \u00a0Paesi Bassi, 29 dicembre 2018). \u00a0L&#8217;edizione 2019 di TEFAF Maastricht accoglier\u00e0 38 nuovi espositori in seguito a una revisione dettagliata dei protocolli di selezione della Fiera. I 277 galleristi che parteciperanno il prossimo marzo, la cui offerta coprir\u00e0 ben 7000 anni di storia dell&#8217;arte, promettono di offrire ai collezionisti privati e istituzionali opportunit\u00e0 impareggiabili. In particolare, TEFAF \u00e8 lieta di dare il benvenuto a una nuova selezione delle migliori gallerie di arte moderna e contemporanea, che si uniranno ai superbi espositori gi\u00e0 presenti in Fiera. TEFAF Maastricht 2019 avr\u00e0 luogo dal 16 al 24 marzo 2019 al polo [&hellip;]<\/p>\n&nbsp;&nbsp;<div class=\"readmore\"><a href=\"https:\/\/blog.ilgiornale.it\/franza\/2019\/01\/01\/tefaf-maastricht-annuncia-la-lista-degli-espositori-2019-tefaf-maastricht-e-la-fiera-darte-e-antiquariato-piu-importante-del-mondo\/\">Continua a leggere...<\/a><\/div><\/p>","protected":false},"author":1009,"featured_media":0,"comment_status":"open","ping_status":"closed","sticky":false,"template":"","format":"standard","meta":[],"categories":[59281,9894,10357,41640,44441,87,35351,35224,17030,231193,35266,66655],"tags":[355048,59480,355046,355049,355050,231282,355047,355045],"_links":{"self":[{"href":"https:\/\/blog.ilgiornale.it\/franza\/wp-json\/wp\/v2\/posts\/14474"}],"collection":[{"href":"https:\/\/blog.ilgiornale.it\/franza\/wp-json\/wp\/v2\/posts"}],"about":[{"href":"https:\/\/blog.ilgiornale.it\/franza\/wp-json\/wp\/v2\/types\/post"}],"author":[{"embeddable":true,"href":"https:\/\/blog.ilgiornale.it\/franza\/wp-json\/wp\/v2\/users\/1009"}],"replies":[{"embeddable":true,"href":"https:\/\/blog.ilgiornale.it\/franza\/wp-json\/wp\/v2\/comments?post=14474"}],"version-history":[{"count":1,"href":"https:\/\/blog.ilgiornale.it\/franza\/wp-json\/wp\/v2\/posts\/14474\/revisions"}],"predecessor-version":[{"id":14483,"href":"https:\/\/blog.ilgiornale.it\/franza\/wp-json\/wp\/v2\/posts\/14474\/revisions\/14483"}],"wp:attachment":[{"href":"https:\/\/blog.ilgiornale.it\/franza\/wp-json\/wp\/v2\/media?parent=14474"}],"wp:term":[{"taxonomy":"category","embeddable":true,"href":"https:\/\/blog.ilgiornale.it\/franza\/wp-json\/wp\/v2\/categories?post=14474"},{"taxonomy":"post_tag","embeddable":true,"href":"https:\/\/blog.ilgiornale.it\/franza\/wp-json\/wp\/v2\/tags?post=14474"}],"curies":[{"name":"wp","href":"https:\/\/api.w.org\/{rel}","templated":true}]}}