{"id":14543,"date":"2019-01-08T18:42:00","date_gmt":"2019-01-08T18:42:00","guid":{"rendered":"https:\/\/blog.ilgiornale.it\/franza\/?p=14543"},"modified":"2019-01-08T18:42:00","modified_gmt":"2019-01-08T18:42:00","slug":"lambasciatore-antonio-morabito-ha-pubblicato-moderne-odissee-la-nuova-prova-letteraria-racconta-drammi-e-tragedie-del-nostro-tempo","status":"publish","type":"post","link":"https:\/\/blog.ilgiornale.it\/franza\/2019\/01\/08\/lambasciatore-antonio-morabito-ha-pubblicato-moderne-odissee-la-nuova-prova-letteraria-racconta-drammi-e-tragedie-del-nostro-tempo\/","title":{"rendered":"L\u2019Ambasciatore Antonio Morabito ha pubblicato \u201cModerne Odissee\u201d.  La  nuova prova letteraria racconta drammi e tragedie del nostro tempo."},"content":{"rendered":"<p><a href=\"https:\/\/blog.ilgiornale.it\/franza\/files\/2019\/01\/41eo1eqjOJL._SX334_BO1204203200_.jpg\"><img loading=\"lazy\" class=\"alignleft size-full wp-image-14544\" src=\"https:\/\/blog.ilgiornale.it\/franza\/files\/2019\/01\/41eo1eqjOJL._SX334_BO1204203200_.jpg\" alt=\"41eo1eqjOJL._SX334_BO1,204,203,200_\" width=\"336\" height=\"499\" srcset=\"https:\/\/blog.ilgiornale.it\/franza\/files\/2019\/01\/41eo1eqjOJL._SX334_BO1204203200_.jpg 336w, https:\/\/blog.ilgiornale.it\/franza\/files\/2019\/01\/41eo1eqjOJL._SX334_BO1204203200_-202x300.jpg 202w\" sizes=\"(max-width: 336px) 100vw, 336px\" \/><\/a>Avevamo recensito sempre sul Il Giornale.it \u201cValigia diplomatica\u201d il precedente libro di \u00a0Antonio Morabito, illustre Ambasciatore italiano, e gi\u00e0 abbiamo in mano un nuovo libro diverso dal precedente, in quanto il primo era una sorta di diario esistenziale, mentre questo dal titolo <strong>\u201cModerne odissee<\/strong><strong> \u00a0<\/strong><strong>(ed. Albatros, 2018<\/strong>),\u201d <strong>\u00e8 un illuminante sforzo di lettura del mondo contemporaneo, un p\u00f2 trattatello socio-politico che tenta di spiegare i drammi del nostro tempo, di registrarne i cambiamenti profondi che da un ventennio, ed oggi ancor pi\u00f9, nei territori del mondo e della nostra Europa sono esplosi con immigrazioni fuori da ogni controllo.<\/strong> E dunque questo recente libro che si innerva nel \u00a0\u00a0percorso letterario, che \u00e8 stringente per l\u2019ambasciatore Morabito, narra, utilizzando un linguaggio piano eppure acuto,\u00a0 di drammi, sconvolgimenti planetari e cambiamenti profondi che toccano il mondo moderno. <a href=\"https:\/\/blog.ilgiornale.it\/franza\/files\/2019\/01\/152c4c08a6a5297b1903645a407286d5_L.jpg\"><img loading=\"lazy\" class=\"alignleft size-full wp-image-14545\" src=\"https:\/\/blog.ilgiornale.it\/franza\/files\/2019\/01\/152c4c08a6a5297b1903645a407286d5_L.jpg\" alt=\"152c4c08a6a5297b1903645a407286d5_L\" width=\"450\" height=\"300\" srcset=\"https:\/\/blog.ilgiornale.it\/franza\/files\/2019\/01\/152c4c08a6a5297b1903645a407286d5_L.jpg 450w, https:\/\/blog.ilgiornale.it\/franza\/files\/2019\/01\/152c4c08a6a5297b1903645a407286d5_L-300x200.jpg 300w\" sizes=\"(max-width: 450px) 100vw, 450px\" \/><\/a>Scrive Morabito: \u201cSpesso le grandi tragedie del mondo ci toccano solamente quando mettono a rischio la nostra vita da vicino. Allora ci appaiono di proporzioni enormi. Le guerre, la sovrappopolazione, la lotta alla fame e alle discriminazioni, il degrado ambientale che ammala la terra, le grandi carestie e gli sconvolgimenti geopolitici, se riguardano aree remote del pianeta e non intaccano il nostro quieto vivere, restano relegati a notizie dei telegiornali o a qualche approfondimento alle nostre letture\u201d. Lo scrittore diplomatico si addentra nel suo trattato sulla \u00a0tutela dell&#8217;ecosistema, esplora una \u00a0ricerca della pace esponendo \u00a0le tante ingiustizie e i soprusi, punta il dito sui cristiani perseguitati, si addentra pur con qualche distonia nei drammi di migranti e rifugiati, nella violazione di diritti umani e nelle atrocit\u00e0 diffuse, nella lotta alla povert\u00e0, mettendo a fuoco il continente africano, da cui fuggono milioni di persone alla ricerca di un Eldorado introvabile.<a href=\"https:\/\/blog.ilgiornale.it\/franza\/files\/2019\/01\/morabito1.jpg\"><img loading=\"lazy\" class=\"alignleft  wp-image-14546\" src=\"https:\/\/blog.ilgiornale.it\/franza\/files\/2019\/01\/morabito1.jpg\" alt=\"morabito1\" width=\"457\" height=\"322\" srcset=\"https:\/\/blog.ilgiornale.it\/franza\/files\/2019\/01\/morabito1.jpg 504w, https:\/\/blog.ilgiornale.it\/franza\/files\/2019\/01\/morabito1-300x211.jpg 300w\" sizes=\"(max-width: 457px) 100vw, 457px\" \/><\/a><strong>E\u2019 chiaro che il problema non \u00e8 solo sociologico e sociale, ma soprattutto politico per via di un sopravvenuto capitolo sovranista che ora inizia ad avvolgere l\u2019Europa e il mondo. E\u2019 vero che l\u2019Ambasciatore Morabito vuole dire la sua sul tema spinoso dell\u2019immigrazione, forsanche per lo spessore cristiano e cattolico di formazione che gli vive dentro, ma la politica insegue altre strade. E\u2019 per questo che il titolo del libro di cui parliamo \u201cModerne Odissee\u201d punta il dito sull\u2019uomo di oggi visto un po&#8217; \u2013forzatamente- come un novello Ulisse.<\/strong> \u201cPersonalit\u00e0 espansiva e allegra. Gran lavoratore. Ricco come pochi di umanit\u00e0 e generosit\u00e0. Antonio Morabito ha uno stile che conquista: lo charme della diplomazia, coniugato alla familiarit\u00e0 accattivante di uomo del Sud. Diplomatico nato, per stile, carattere, socievolezza, ha anche la capacit\u00e0 di generare sincera simpatia e amicizie vere\u201d, ecco come l&#8217;illustrissimo diplomatico calabrese, Antonio Morabito, viene descritto nella prefazione dal giornalista Roberto Messina. <strong>Altruista, generoso, disponibile, aperto al dialogo, sono questi alcuni segnali\u00a0 e indicatori portanti che hanno mosso lo scrittore a consegnarci le pagine di questo libro che non solo affronta storicamente e sociologicamente fatti e drammi del nostro tempo, ma tra le righe affida anche segnali di speranza per un futuro migliore. \u00a0<\/strong><\/p>\n<p>Antonio Morabito \u00e8 nato a Gallina di Reggio Calabria, di formazione cattolica, si laurea in Scienze Politiche all&#8217;Universit\u00e0 &#8216;La Sapienza&#8217; di Roma. Inizia la carriera diplomatica della Repubblica italiana nel 1986, presso il Ministero degli Affari Esteri, DG Affari Politici, Ufficio ONU. Membro della delegazione italiana all&#8217;Assemblea Generale delle Nazioni Unite. Primo Segretario di Legazione, settori politico, economico e commerciale all&#8217;Ambasciata d\u2019Italia a Jakarta -1989 &#8211; 1993. Console d\u2019Italia a Mendoza, Argentina &#8211; 1993-1996. A Roma, alla Direzione Generale per gli affari politici, ufficio Africa subsahariana, da aprile 1997 al novembre 2000 \u00e8 all&#8217;Ufficio del Consigliere Diplomatico del Presidente del Consiglio dei Ministri. Membro della delegazione italiana ai lavori del G8 di Denver, Birmingham e Okinawa nonch\u00e9 all&#8217;Assemblea ONU per gli Obiettivi del Millennio, nel dicembre 2000 diviene Primo Consigliere all&#8217;Ambasciata d&#8217;Italia a Teheran. Al MAE nel 2003 ricopre il ruolo di Coordinatore per la Comunicazione e le attivit\u00e0 istituzionali pubbliche della Direzione Generale per la Cooperazione allo Sviluppo. Coordina la realizzazione delle &#8216;Giornate per la Cooperazione Italiana&#8217; 2004 \u2013 2005 e alle iniziative di promozione dell&#8217;impegno dell\u2019Italia all&#8217;aiuto allo Sviluppo. Dal luglio 2006 presso la Presidenza del Consiglio dei Ministri \u00e8 Consigliere Diplomatico del Ministro delle Politiche per la Famiglia e partecipa ai lavori della prima Conferenza Nazionale per la Famiglia &#8211; 2007. Coordinatore dal 2008 per la Comunicazione alla Direzione Generale per la Promozione e la Cooperazione Culturale per il MAE, \u00e8 promosso Ministro Plenipotenziario l\u2019anno seguente fino a diventare, dal 2010 al 2015, Ambasciatore d&#8217;Italia nel Principato di Monaco. Tra le iniziative realizzate: &#8216;Incontri con Regioni e Citt\u00e0 d\u2019Italia&#8217;, l\u2019esposizione &#8216;Stile Italiano arte e design&#8217;, quattro edizioni del &#8216;Mese della Cultura e della Lingua italiana\u201d, oltre alla I edizione del &#8216;Forum internazionale del made in Italy&#8217;. In questo periodo porta anche a termine l\u2019importante Accordo bilaterale di scambio informazioni in materia fiscale e bancaria. Ministro Plenipotenziario, attualmente \u00e8 al settore Comunicazione della Direzione Generale del Sistema Paese presso il MAE. Coniugato con Carina Marcela Diaz, ha due figli, Carlo Agostino e Maria Elena.<\/p>\n<p><strong>Carlo Franza <\/strong><\/p>\n<p><strong>\u00a0<\/strong><\/p>\n","protected":false},"excerpt":{"rendered":"<p><p>Avevamo recensito sempre sul Il Giornale.it \u201cValigia diplomatica\u201d il precedente libro di \u00a0Antonio Morabito, illustre Ambasciatore italiano, e gi\u00e0 abbiamo in mano un nuovo libro diverso dal precedente, in quanto il primo era una sorta di diario esistenziale, mentre questo dal titolo \u201cModerne odissee \u00a0(ed. Albatros, 2018),\u201d \u00e8 un illuminante sforzo di lettura del mondo contemporaneo, un p\u00f2 trattatello socio-politico che tenta di spiegare i drammi del nostro tempo, di registrarne i cambiamenti profondi che da un ventennio, ed oggi ancor pi\u00f9, nei territori del mondo e della nostra Europa sono esplosi con immigrazioni fuori da ogni controllo. E dunque [&hellip;]<\/p>\n&nbsp;&nbsp;<div class=\"readmore\"><a href=\"https:\/\/blog.ilgiornale.it\/franza\/2019\/01\/08\/lambasciatore-antonio-morabito-ha-pubblicato-moderne-odissee-la-nuova-prova-letteraria-racconta-drammi-e-tragedie-del-nostro-tempo\/\">Continua a leggere...<\/a><\/div><\/p>","protected":false},"author":1009,"featured_media":0,"comment_status":"open","ping_status":"closed","sticky":false,"template":"","format":"standard","meta":[],"categories":[247],"tags":[355080,355078,59480,17491,271270,355079,406647],"_links":{"self":[{"href":"https:\/\/blog.ilgiornale.it\/franza\/wp-json\/wp\/v2\/posts\/14543"}],"collection":[{"href":"https:\/\/blog.ilgiornale.it\/franza\/wp-json\/wp\/v2\/posts"}],"about":[{"href":"https:\/\/blog.ilgiornale.it\/franza\/wp-json\/wp\/v2\/types\/post"}],"author":[{"embeddable":true,"href":"https:\/\/blog.ilgiornale.it\/franza\/wp-json\/wp\/v2\/users\/1009"}],"replies":[{"embeddable":true,"href":"https:\/\/blog.ilgiornale.it\/franza\/wp-json\/wp\/v2\/comments?post=14543"}],"version-history":[{"count":1,"href":"https:\/\/blog.ilgiornale.it\/franza\/wp-json\/wp\/v2\/posts\/14543\/revisions"}],"predecessor-version":[{"id":14547,"href":"https:\/\/blog.ilgiornale.it\/franza\/wp-json\/wp\/v2\/posts\/14543\/revisions\/14547"}],"wp:attachment":[{"href":"https:\/\/blog.ilgiornale.it\/franza\/wp-json\/wp\/v2\/media?parent=14543"}],"wp:term":[{"taxonomy":"category","embeddable":true,"href":"https:\/\/blog.ilgiornale.it\/franza\/wp-json\/wp\/v2\/categories?post=14543"},{"taxonomy":"post_tag","embeddable":true,"href":"https:\/\/blog.ilgiornale.it\/franza\/wp-json\/wp\/v2\/tags?post=14543"}],"curies":[{"name":"wp","href":"https:\/\/api.w.org\/{rel}","templated":true}]}}