{"id":15118,"date":"2019-03-03T21:50:57","date_gmt":"2019-03-03T21:50:57","guid":{"rendered":"https:\/\/blog.ilgiornale.it\/franza\/?p=15118"},"modified":"2019-03-03T21:50:57","modified_gmt":"2019-03-03T21:50:57","slug":"il-raffaello-dellambrosiana-un-cartone-preparatorio-della-scuola-datene-ora-restaurato-ed-esposto-nella-pinacoteca-ambrosiana-di-milano","status":"publish","type":"post","link":"https:\/\/blog.ilgiornale.it\/franza\/2019\/03\/03\/il-raffaello-dellambrosiana-un-cartone-preparatorio-della-scuola-datene-ora-restaurato-ed-esposto-nella-pinacoteca-ambrosiana-di-milano\/","title":{"rendered":"Il Raffaello dell\u2019Ambrosiana, un cartone preparatorio della Scuola d\u2019Atene, ora restaurato  ed esposto nella Pinacoteca Ambrosiana di Milano."},"content":{"rendered":"<p><strong><a href=\"https:\/\/blog.ilgiornale.it\/franza\/files\/2019\/03\/raf.png\"><img loading=\"lazy\" class=\"alignleft size-full wp-image-15119\" src=\"https:\/\/blog.ilgiornale.it\/franza\/files\/2019\/03\/raf.png\" alt=\"raf\" width=\"450\" height=\"202\" srcset=\"https:\/\/blog.ilgiornale.it\/franza\/files\/2019\/03\/raf.png 450w, https:\/\/blog.ilgiornale.it\/franza\/files\/2019\/03\/raf-300x135.png 300w\" sizes=\"(max-width: 450px) 100vw, 450px\" \/><\/a>Dopo quattro anni di intenso lavoro, \u00e8 giunto al termine il restauro del Cartone preparatorio della Scuola di Atene di Raffaello Sanzio, conservato alla Pinacoteca Ambrosiana di Milano. Il progetto di restauro e valorizzazione e il nuovo allestimento, in cui l\u2019opera verr\u00e0 inserita, saranno mostrati alla citt\u00e0 e al pubblico internazionale il 27 marzo 2019 con l\u2019evento espositivo Il<\/strong> <strong>Raffaello dell\u2019Ambrosiana. In Principio il Cartone.<\/strong><\/p>\n<p>Fondazione Fiera Milano, partner ufficiale della Veneranda Biblioteca Ambrosiana per il biennio 2018-2019, contribuir\u00e0 a sostenere le attivit\u00e0 promozionali del Cartone di Raffaello, completamente restaurato, cos\u00ec come quelle di valorizzazione del patrimonio leonardesco dell\u2019Istituzione, realizzate in occasione del V Centenario della morte del genio fiorentino.<\/p>\n<p><strong>Si tratta del pi\u00f9 grande cartone rinascimentale a noi pervenuto (misura 285&#215;804 centimetri) ed \u00e8 interamente realizzato dalla mano di Raffaello (Urbino, 1483 &#8211; Roma, 1520) come disegno preparatorio, a grandezza naturale, della Scuola di Atene, uno dei quattro affreschi commissionati nel 1508 a Raffaello da Papa Giulio<\/strong> <strong>II per decorare la Stanza della Segnatura in Vaticano.\u00a0<\/strong><\/p>\n<p><strong><a href=\"https:\/\/blog.ilgiornale.it\/franza\/files\/2019\/03\/Ax07-Jpeg-8-e1551649346351.jpg\"><img loading=\"lazy\" class=\"alignleft  wp-image-15120\" src=\"https:\/\/blog.ilgiornale.it\/franza\/files\/2019\/03\/Ax07-Jpeg-8-e1551649346351.jpg\" alt=\"Ax07 Jpeg 8\" width=\"486\" height=\"729\" \/><\/a>Bench\u00e9 l\u2019opera sia nota come Scuola di Atene, il titolo corretto \u00e8 La Filosofia<\/strong>: le quattro pareti della Stanza della Segnatura propongono infatti &#8211; secondo un complesso programma iconografico &#8211; la Filosofia, la Teologia (Disputa sul Santissimo Sacramento), la Giurisprudenza (Le Virt\u00f9) e la Poesia (Il Parnaso).<\/p>\n<p>Il Cartone dell\u2019Ambrosiana si \u00e8 conservato integralmente poich\u00e9 non venne effettivamente utilizzato per trasportare il disegno di Raffaello sulla parete, ma per mostrare al Papa l\u2019effetto complessivo dell\u2019opera una volta ultimata.<\/p>\n<p>Il capolavoro, diviso in \u201cdue pezzi di disegno di Raphaele d\u2019Urbino in cartone\u201d, arriv\u00f2 in Ambrosiana nel 1610 come prestito dal conte Fabio II Visconti di Brebbia, per essere poi ceduto definitivamente nel 1626 dalla vedova Bianca Spinola Borromeo, per l\u2019esorbitante somma di seicento lire imperiali. Nel maggio del 1796, venne requisito dal commissario francese Peignon, che cita il Cartone in testa alle opere da confiscare all\u2019Ambrosiana: a Parigi si avvi\u00f2 una lunga procedura per il restauro dell\u2019opera. Il 30 settembre 1815 il Cartone venne consegnato dal Direttore Generale del Louvre alla Commissione austriaca per il recupero delle opere d\u2019arte provenienti dalle regioni italiane di dominio austriaco. Trasferito nel 1918 a Roma per essere tutelato dai rischi dei bombardamenti bellici, nel 1942 venne messo al sicuro nel caveau della cassa di Risparmio delle Province Lombarde; nel 1946 venne esposto alla mostra di Lucerna organizzata per recuperare fondi per la ricostruzione dell\u2019Ambrosiana. L\u2019ultimo rinnovamento della sala 5 della Pinacoteca Ambrosiana, a cura di Luigi Caccia Dominioni, avvenne nel 1966.<\/p>\n<p><a href=\"https:\/\/blog.ilgiornale.it\/franza\/files\/2019\/03\/Ax10-Jpeg-8-e1551649398352.jpg\"><img loading=\"lazy\" class=\"alignleft  wp-image-15121\" src=\"https:\/\/blog.ilgiornale.it\/franza\/files\/2019\/03\/Ax10-Jpeg-8-e1551649398352.jpg\" alt=\"Ax10 Jpeg 8\" width=\"483\" height=\"725\" \/><\/a>Nel 2014 la Veneranda Biblioteca Ambrosiana, per il tramite della Fondazione Cardinale Federico Borromeo, avvi\u00f2 sul Cartone una lunga e laboriosa attivit\u00e0 di indagine e opera di restauro conservativo, coordinato da un prestigioso Comitato Scientifico composto dal Collegio dei Dottori della Biblioteca Ambrosiana e da Esperti dell\u2019Istituto Superiore per la Conservazione e il Restauro, dei Musei Vaticani, della Soprintendenza di Milano e del Centro Conservazione e Restauro \u201cLa Venaria Reale\u201d, con la consulenza tecnica di Pinin Brambilla Barcilon, affiancati da docenti di diverse Universit\u00e0 italiane.<\/p>\n<p>L\u2019intervento \u00e8 stato interamente sostenuto dal contributo della societ\u00e0 RaMo SpA, per volont\u00e0 del Fondatore Giuseppe Rabolini.\u00a0Al termine delle operazioni di restauro, dirette e coordinate da Maurizio Michelozzi, il Cartone verr\u00e0 inserito in una nuova teca, a sostituzione di quella realizzata nel 1966 da Luigi Caccia Dominioni, e torner\u00e0 visibile al pubblico completamente restaurato dal 27 marzo 2019.\u00a0 \u00a0Progettata e realizzata dalla societ\u00e0 Goppion SpA per rispettare i delicati vincoli conservativi dell\u2019opera e, insieme, per permettere la visione del cartone senza interferenze, la nuova teca si compone di un\u2019imponente lastra di vetro protettivo di circa 24 mq.\u00a0\u00a0Contestualmente, \u00e8 in corso un riallestimento della sala espositiva, interamente dedicata al Cartone di Raffaello, su progetto di Stefano Boeri Architetti, con apparati che illustreranno il restauro e la storia di questo capolavoro, ed elementi unici di arredo realizzati ad hoc da Riva 1920.<\/p>\n<p>L\u2019operazione rafforza la presenza dell\u2019opera e della Pinacoteca stessa all\u2019interno di un circuito \u201cideale\u201d della\u00a0Milano rinascimentale: in un\u2019area di pochi chilometri quadrati saranno visitabili l\u2019Ultima Cena di Leonardo (Santa Maria delle Grazie), la Piet\u00e0 Rondanini di Michelangelo (Castello Sforzesco) e appunto il Cartone della Scuola di Atene di Raffaello restaurato.\u00a0 L\u2019esposizione del Cartone sar\u00e0 accompagnata da una pubblicazione bilingue italiano\/inglese (Electa editore) con testi di Alberto Rocca, Direttore della Pinacoteca Ambrosiana.<\/p>\n<p><strong>Carlo Franza <\/strong><\/p>\n<p>&nbsp;<\/p>\n","protected":false},"excerpt":{"rendered":"<p><p>Dopo quattro anni di intenso lavoro, \u00e8 giunto al termine il restauro del Cartone preparatorio della Scuola di Atene di Raffaello Sanzio, conservato alla Pinacoteca Ambrosiana di Milano. Il progetto di restauro e valorizzazione e il nuovo allestimento, in cui l\u2019opera verr\u00e0 inserita, saranno mostrati alla citt\u00e0 e al pubblico internazionale il 27 marzo 2019 con l\u2019evento espositivo Il Raffaello dell\u2019Ambrosiana. In Principio il Cartone. Fondazione Fiera Milano, partner ufficiale della Veneranda Biblioteca Ambrosiana per il biennio 2018-2019, contribuir\u00e0 a sostenere le attivit\u00e0 promozionali del Cartone di Raffaello, completamente restaurato, cos\u00ec come quelle di valorizzazione del patrimonio leonardesco dell\u2019Istituzione, realizzate [&hellip;]<\/p>\n&nbsp;&nbsp;<div class=\"readmore\"><a href=\"https:\/\/blog.ilgiornale.it\/franza\/2019\/03\/03\/il-raffaello-dellambrosiana-un-cartone-preparatorio-della-scuola-datene-ora-restaurato-ed-esposto-nella-pinacoteca-ambrosiana-di-milano\/\">Continua a leggere...<\/a><\/div><\/p>","protected":false},"author":1009,"featured_media":0,"comment_status":"open","ping_status":"closed","sticky":false,"template":"","format":"standard","meta":[],"categories":[44662,9894,80492,53794,41640,44441,87,35224,17505,35188,28369,41642,202271,4625,28291],"tags":[59480,355432,355434,339907,355435,28289,339906,355433,339908,355431],"_links":{"self":[{"href":"https:\/\/blog.ilgiornale.it\/franza\/wp-json\/wp\/v2\/posts\/15118"}],"collection":[{"href":"https:\/\/blog.ilgiornale.it\/franza\/wp-json\/wp\/v2\/posts"}],"about":[{"href":"https:\/\/blog.ilgiornale.it\/franza\/wp-json\/wp\/v2\/types\/post"}],"author":[{"embeddable":true,"href":"https:\/\/blog.ilgiornale.it\/franza\/wp-json\/wp\/v2\/users\/1009"}],"replies":[{"embeddable":true,"href":"https:\/\/blog.ilgiornale.it\/franza\/wp-json\/wp\/v2\/comments?post=15118"}],"version-history":[{"count":1,"href":"https:\/\/blog.ilgiornale.it\/franza\/wp-json\/wp\/v2\/posts\/15118\/revisions"}],"predecessor-version":[{"id":15122,"href":"https:\/\/blog.ilgiornale.it\/franza\/wp-json\/wp\/v2\/posts\/15118\/revisions\/15122"}],"wp:attachment":[{"href":"https:\/\/blog.ilgiornale.it\/franza\/wp-json\/wp\/v2\/media?parent=15118"}],"wp:term":[{"taxonomy":"category","embeddable":true,"href":"https:\/\/blog.ilgiornale.it\/franza\/wp-json\/wp\/v2\/categories?post=15118"},{"taxonomy":"post_tag","embeddable":true,"href":"https:\/\/blog.ilgiornale.it\/franza\/wp-json\/wp\/v2\/tags?post=15118"}],"curies":[{"name":"wp","href":"https:\/\/api.w.org\/{rel}","templated":true}]}}