{"id":16897,"date":"2019-09-21T20:28:30","date_gmt":"2019-09-21T20:28:30","guid":{"rendered":"https:\/\/blog.ilgiornale.it\/franza\/?p=16897"},"modified":"2019-09-21T20:28:30","modified_gmt":"2019-09-21T20:28:30","slug":"i-tulips-di-jeff-koons-hanno-messo-radici-a-parigi-dopo-una-controversa-contrattazione-inaugurazione-fissata-al-4-ottobre-2019","status":"publish","type":"post","link":"https:\/\/blog.ilgiornale.it\/franza\/2019\/09\/21\/i-tulips-di-jeff-koons-hanno-messo-radici-a-parigi-dopo-una-controversa-contrattazione-inaugurazione-fissata-al-4-ottobre-2019\/","title":{"rendered":"I Tulips di Jeff Koons hanno messo radici a Parigi, dopo una controversa contrattazione. Inaugurazione fissata al 4 ottobre 2019."},"content":{"rendered":"<p><strong><a href=\"https:\/\/blog.ilgiornale.it\/franza\/files\/2019\/09\/tulips-koons-parigi-3-696x514.jpg\"><img loading=\"lazy\" class=\"alignleft  wp-image-16898\" src=\"https:\/\/blog.ilgiornale.it\/franza\/files\/2019\/09\/tulips-koons-parigi-3-696x514.jpg\" alt=\"tulips-koons-parigi-3-696x514\" width=\"477\" height=\"352\" srcset=\"https:\/\/blog.ilgiornale.it\/franza\/files\/2019\/09\/tulips-koons-parigi-3-696x514.jpg 696w, https:\/\/blog.ilgiornale.it\/franza\/files\/2019\/09\/tulips-koons-parigi-3-696x514-300x222.jpg 300w\" sizes=\"(max-width: 477px) 100vw, 477px\" \/><\/a>Dopo una diatriba \u00a0durata ben \u00a0tre anni, finalmente il monumentale mazzo di Tulips di Jeff Koons \u00e8 stato finalmente i<\/strong><strong>n<\/strong><strong>s<\/strong><strong>ta<\/strong><a href=\"https:\/\/blog.ilgiornale.it\/franza\/files\/2019\/09\/tulips-koons-parigi-1-1068x600-e1569097189490.jpeg\"><img loading=\"lazy\" class=\" size-full wp-image-16899 alignright\" src=\"https:\/\/blog.ilgiornale.it\/franza\/files\/2019\/09\/tulips-koons-parigi-1-1068x600-e1569097189490.jpeg\" alt=\"tulips-koons-parigi-1-1068x600\" width=\"368\" height=\"207\" \/><\/a><strong>llato nel g<\/strong><strong>iardino del Petit Palais <\/strong>ma, \u00a0\u00e8 pur vero che, non \u00e8 stato facile arrivare a ci\u00f2, \u00e8 servita una\u00a0 lunga contrattazione. Finalmente i <em>Tulips<\/em> di <strong>Jeff Koons,<\/strong> il grande mazzo di fiori colorati, hanno trovato la loro sistemazione ideale, nel cuore di Parigi, nel giardino municipale ai margini degli Champs-Elys\u00e9es, dietro il Petit Palais. Tutto ebbe\u00a0 inizio nel 2016, quando Koons annunci\u00f2 che avrebbe donato il suo Bouquet of Tulips alla citt\u00e0 di Parigi, in memoria delle vittime degli attacchi terroristici del novembre 2015. Era questa certo un\u2019opera iconica dell\u2019artista stat<a href=\"https:\/\/blog.ilgiornale.it\/franza\/files\/2019\/09\/tulips-koons-parigi.jpg\"><img loading=\"lazy\" class=\"  wp-image-16900 alignright\" src=\"https:\/\/blog.ilgiornale.it\/franza\/files\/2019\/09\/tulips-koons-parigi.jpg\" alt=\"tulips-koons-parigi\" width=\"349\" height=\"265\" srcset=\"https:\/\/blog.ilgiornale.it\/franza\/files\/2019\/09\/tulips-koons-parigi.jpg 624w, https:\/\/blog.ilgiornale.it\/franza\/files\/2019\/09\/tulips-koons-parigi-300x228.jpg 300w\" sizes=\"(max-width: 349px) 100vw, 349px\" \/><\/a>unitense, fortemente popolare, indagatore e propositore \u00a0del kitsch e soprattutto artista che risulta essere \u00a0il pi\u00f9 pagato al mondo. Il mazzo di tulipani dai colori sgargianti tenuti da una mano, era ispirato alle opere di Jean-Honor\u00e9 Fragonard e Picasso. Nelle intenzioni di Koons, l\u2019installazione della scultura monumentale, \u00a0alta ben 12 metri di altezza per 35 tonnellate, avrebbe dovuto essere posta di fronte al Palais de Tokyo,\u00a0 ma ci\u00f2 \u00a0non piacque agli intellettuali francesi; <a href=\"https:\/\/blog.ilgiornale.it\/franza\/files\/2019\/09\/jeff-koons-paris-terrorist-attack-installation-_dezeen_2364_col_0-852x1037-246x300.jpg\"><img loading=\"lazy\" class=\"alignleft size-full wp-image-16901\" src=\"https:\/\/blog.ilgiornale.it\/franza\/files\/2019\/09\/jeff-koons-paris-terrorist-attack-installation-_dezeen_2364_col_0-852x1037-246x300.jpg\" alt=\"jeff-koons-paris-terrorist-attack-installation-_dezeen_2364_col_0-852x1037-246x300\" width=\"246\" height=\"300\" \/><\/a>sicch\u00e8\u00a0 personalit\u00e0 influenti anche politicamente, come <strong>Christian Boltanski<\/strong>, <strong>Nicolas Bourriaud<\/strong>, <strong>Jean-Luc Moul\u00e8ne<\/strong>, <strong>Olivier Assayas<\/strong>, <strong>\u00c9milie Cariou<\/strong>, vicepresidente della commissione per le finanze del parlamento, e <strong>Fr\u00e9d\u00e9ric Mitterrand<\/strong>, ex ministro della cultura, scrissero una lettera alle autorit\u00e0 preposte per bloccare i lavori di installazione e scegliere anche una sede diversa, attraverso un tribuna pubblicata il 21 gennaio 2018 su Lib\u00e9ration. \u00a0Cosa c\u2019entrava d\u2019altronde \u00a0il Palais de Tokyo con gli attentati, che si svolsero in tutt\u2019altra zona della capitale francese? Ma nella lettera ci si spingeva oltre\u00a0 e si diceva: \u201cnon sarebbe preferibile bandire un concorso, come di solito accade, per dare un\u2019opportunit\u00e0 agli artisti francesi?\u201d E dopo una disamina\u00a0 che sembrava non finire mai con il \u00a0coinvolgimento anche\u00a0 di diplomatici e ambasciatori &#8211; proprio mentre pareva\u00a0 che i <em>Tulips<\/em> di Koons non avrebbero mai messo radici a Parigi- , nell\u2019ottobre del 2018 si arriv\u00f2 a una soluzione di compromesso, annunciata a sorpresa proprio dal vicesindaco di Parigi Christophe Girard, e cio\u00e8 che il via libera era stato dato e che\u00a0 il mazzo di fiori sarebbe stato impiantato sul prato del Petit Palais, sede storica del Museo di Belle Arti della Citt\u00e0 di Parigi, proprio a ridosso degli Champs \u00c9lys\u00e9es. Il giardino non \u00e8 un luogo abitualmente visitato dai francesi che cos\u00ec, \u201cgrazie all\u2019audacia del Comune di Parigi\u201d(queste le parole del vicesindaco) potranno anche scoprire una delle aree meno conosciute della loro citt\u00e0. <strong>Durante le fasi di montaggio, era presente anche Jeff Koons e oggi \u00e8 tutto pronto ma l\u2019inaugurazione ufficiale si terr\u00e0 il 4 ottobre 2019, alla vigilia della Nuit Blanche.<\/strong><\/p>\n<p><strong>Carlo Franza <\/strong><\/p>\n","protected":false},"excerpt":{"rendered":"<p><p>Dopo una diatriba \u00a0durata ben \u00a0tre anni, finalmente il monumentale mazzo di Tulips di Jeff Koons \u00e8 stato finalmente installato nel giardino del Petit Palais ma, \u00a0\u00e8 pur vero che, non \u00e8 stato facile arrivare a ci\u00f2, \u00e8 servita una\u00a0 lunga contrattazione. Finalmente i Tulips di Jeff Koons, il grande mazzo di fiori colorati, hanno trovato la loro sistemazione ideale, nel cuore di Parigi, nel giardino municipale ai margini degli Champs-Elys\u00e9es, dietro il Petit Palais. Tutto ebbe\u00a0 inizio nel 2016, quando Koons annunci\u00f2 che avrebbe donato il suo Bouquet of Tulips alla citt\u00e0 di Parigi, in memoria delle vittime degli [&hellip;]<\/p>\n&nbsp;&nbsp;<div class=\"readmore\"><a href=\"https:\/\/blog.ilgiornale.it\/franza\/2019\/09\/21\/i-tulips-di-jeff-koons-hanno-messo-radici-a-parigi-dopo-una-controversa-contrattazione-inaugurazione-fissata-al-4-ottobre-2019\/\">Continua a leggere...<\/a><\/div><\/p>","protected":false},"author":1009,"featured_media":0,"comment_status":"open","ping_status":"closed","sticky":false,"template":"","format":"standard","meta":[],"categories":[150,59281,31446,9894,252921,10357,44441,87,28308,17505,35188,51619,28369,17494],"tags":[59480,339755,377048,377049,74773,53788,377046,350237,6367,377050],"_links":{"self":[{"href":"https:\/\/blog.ilgiornale.it\/franza\/wp-json\/wp\/v2\/posts\/16897"}],"collection":[{"href":"https:\/\/blog.ilgiornale.it\/franza\/wp-json\/wp\/v2\/posts"}],"about":[{"href":"https:\/\/blog.ilgiornale.it\/franza\/wp-json\/wp\/v2\/types\/post"}],"author":[{"embeddable":true,"href":"https:\/\/blog.ilgiornale.it\/franza\/wp-json\/wp\/v2\/users\/1009"}],"replies":[{"embeddable":true,"href":"https:\/\/blog.ilgiornale.it\/franza\/wp-json\/wp\/v2\/comments?post=16897"}],"version-history":[{"count":2,"href":"https:\/\/blog.ilgiornale.it\/franza\/wp-json\/wp\/v2\/posts\/16897\/revisions"}],"predecessor-version":[{"id":16903,"href":"https:\/\/blog.ilgiornale.it\/franza\/wp-json\/wp\/v2\/posts\/16897\/revisions\/16903"}],"wp:attachment":[{"href":"https:\/\/blog.ilgiornale.it\/franza\/wp-json\/wp\/v2\/media?parent=16897"}],"wp:term":[{"taxonomy":"category","embeddable":true,"href":"https:\/\/blog.ilgiornale.it\/franza\/wp-json\/wp\/v2\/categories?post=16897"},{"taxonomy":"post_tag","embeddable":true,"href":"https:\/\/blog.ilgiornale.it\/franza\/wp-json\/wp\/v2\/tags?post=16897"}],"curies":[{"name":"wp","href":"https:\/\/api.w.org\/{rel}","templated":true}]}}