{"id":18523,"date":"2020-03-07T18:19:40","date_gmt":"2020-03-07T18:19:40","guid":{"rendered":"https:\/\/blog.ilgiornale.it\/franza\/?p=18523"},"modified":"2020-03-07T19:35:55","modified_gmt":"2020-03-07T19:35:55","slug":"le-pandemie-del-novecento-e-il-coronavirus","status":"publish","type":"post","link":"https:\/\/blog.ilgiornale.it\/franza\/2020\/03\/07\/le-pandemie-del-novecento-e-il-coronavirus\/","title":{"rendered":"Le Pandemie del Novecento e il Coronavirus."},"content":{"rendered":"<p><a href=\"https:\/\/blog.ilgiornale.it\/franza\/files\/2020\/03\/51VP7CfqZpL.jpg\"><img loading=\"lazy\" class=\"alignleft  wp-image-18524\" src=\"https:\/\/blog.ilgiornale.it\/franza\/files\/2020\/03\/51VP7CfqZpL.jpg\" alt=\"51VP7CfqZpL\" width=\"264\" height=\"393\" srcset=\"https:\/\/blog.ilgiornale.it\/franza\/files\/2020\/03\/51VP7CfqZpL.jpg 336w, https:\/\/blog.ilgiornale.it\/franza\/files\/2020\/03\/51VP7CfqZpL-202x300.jpg 202w\" sizes=\"(max-width: 264px) 100vw, 264px\" \/><\/a>Con la pestilenza del Coronavirus\u00a0 che ammorba il mondo, l\u2019Europa e l\u2019Italia, tutti parlano, tutti sanno, tutti hanno da dire la loro. Pochi guardano dentro la storia del passato\u00a0 per capirne di\u00a0 pi\u00f9. Proviamo a declinarne una breve storia. \u00a0<a href=\"https:\/\/blog.ilgiornale.it\/franza\/files\/2020\/03\/epidemia.700.jpg\"><img loading=\"lazy\" class=\"  wp-image-18525 alignright\" src=\"https:\/\/blog.ilgiornale.it\/franza\/files\/2020\/03\/epidemia.700.jpg\" alt=\"epidemia.700\" width=\"572\" height=\"361\" srcset=\"https:\/\/blog.ilgiornale.it\/franza\/files\/2020\/03\/epidemia.700.jpg 700w, https:\/\/blog.ilgiornale.it\/franza\/files\/2020\/03\/epidemia.700-300x189.jpg 300w\" sizes=\"(max-width: 572px) 100vw, 572px\" \/><\/a><strong>Anzitutto l\u2019epidemia che \u00e8 stata chiamata \u201cla Spagnola\u201d. Siamo al 1918<\/strong>, e dentro la Prima Guerra Mondiale. Con data 24 ottobre 1918\u00a0 appariva sul \u201cIl Corriere della Sera\u201d del tempo il titolo \u201cCircolare di Orlando contro le voci false ed esagerate sull\u2019epidemia\u201d; Orlando era il siciliano Vittorio Emanuele Orlando\u00a0 Presidente del Consiglio e Ministro dell\u2019Interno. Il politico italiano nei mesi successivi presentava la grave \u00a0situazione sanitaria nel Paese Italia che viveva anche gli ultimi mesi della Grande Guerra e intorno alle voci di\u00a0 una pi\u00f9 larga e intensa manifestazione della forma morbosa epidemica che era apparsa da noi fin dalla primavera 1918 cos\u00ec annotava: \u201cSi parl\u00f2 di una malattia terribile, misteriosa, ignota nella sua causa e invincibile nei suoi effetti, e di fronte a qualche caso eccezionale di complicanze polmonari particolarmente gravi (&#8230;) si \u00e8 voluto poi identificare l\u2019affezione, cos\u00ec come in altri Paesi provati prima del nostro si era fatto, con la peste cinese (&#8230;). Ora si tratta di voci arbitrarie, assurde, frutto di incompetenza e di fantastica sovreccitazione &#8211; prosegue Orlando -. Le osservazioni cliniche come le indagini di laboratorio hanno <a href=\"https:\/\/blog.ilgiornale.it\/franza\/files\/2020\/03\/Clipboard-0061-kBpF-U3170906494648tC-656x492@Corriere-Web-Sezioni.jpg\"><img loading=\"lazy\" class=\"  wp-image-18527 alignright\" src=\"https:\/\/blog.ilgiornale.it\/franza\/files\/2020\/03\/Clipboard-0061-kBpF-U3170906494648tC-656x492@Corriere-Web-Sezioni.jpg\" alt=\"Clipboard-0061-kBpF-U3170906494648tC-656x492@Corriere-Web-Sezioni\" width=\"437\" height=\"328\" srcset=\"https:\/\/blog.ilgiornale.it\/franza\/files\/2020\/03\/Clipboard-0061-kBpF-U3170906494648tC-656x492@Corriere-Web-Sezioni.jpg 654w, https:\/\/blog.ilgiornale.it\/franza\/files\/2020\/03\/Clipboard-0061-kBpF-U3170906494648tC-656x492@Corriere-Web-Sezioni-300x225.jpg 300w\" sizes=\"(max-width: 437px) 100vw, 437px\" \/><\/a>escluso ed escludono, in modo assolutamente indubbio, l\u2019origine esotica della malattia e la attribuiscono a quella forma morbosa che \u00e8 conosciuta sotto il nome di \u201cinfluenza\u201d . Ecco cos\u2019era quella pestilenza che fu la Spagnola. Scienziati e studiosi\u00a0 che ebbero modo di analizzare la pandemia nei tempi successivi, stabilirono\u00a0 \u00a0che fu una forma virale con complicanze batteriche, notata gi\u00e0 nell\u2019estate del 1918 nel Mid-West americano (passava con facilit\u00e0\u00a0 dalle persone ai suini), e presente gi\u00e0 fin dalla primavera 1918 a Canton (oggi Guangzhou), in Manciuria e a Shanghai.<a href=\"https:\/\/blog.ilgiornale.it\/franza\/files\/2020\/03\/spagnola.jpg\"><img loading=\"lazy\" class=\"alignleft  wp-image-18528\" src=\"https:\/\/blog.ilgiornale.it\/franza\/files\/2020\/03\/spagnola.jpg\" alt=\"spagnola\" width=\"417\" height=\"606\" srcset=\"https:\/\/blog.ilgiornale.it\/franza\/files\/2020\/03\/spagnola.jpg 657w, https:\/\/blog.ilgiornale.it\/franza\/files\/2020\/03\/spagnola-206x300.jpg 206w\" sizes=\"(max-width: 417px) 100vw, 417px\" \/><\/a>La Spagnola infett\u00f2 \u00a0mezzo miliardo di persone, vale a dire ben un terzo dell\u2019umanit\u00e0. Impropriamente fu chiamata\u00a0 \u201cspagnola\u201d, anche se\u00a0 l\u2019origine non avvenne in Spagna. E\u2019 certo \u00a0che avesse un tasso di riproduzione simile a quello del coronavirus &#8211; perch\u00e9 ogni contagiato la trasmetteva a altri due &#8211; ma in quegli anni non vi erano n\u00e9 antibiotici n\u00e8 ossigenoterapia, \u00a0e per di pi\u00f9 l\u2019Europa viveva gravissime difficolt\u00e0 per via della terribile Guerra che l\u2019aveva messa in ginocchio; la Pandemia della Spagnola fu la prima catastrofe della storia medica recente, perch\u00e9 morirono ben cento milioni di persone. L\u2019Italia del tempo si mobilit\u00f2 come pot\u00e8. Sul Corriere della Sera di domenica 29 settembre 1918, a pagina due, compariva\u00a0 \u201cil programma pratico del Governo per combattere la malattia attuale\u201d: \u201c\u00c8 chiaro che un programma di misure d\u2019igiene pubblica non pu\u00f2 essere fissato e svolto in via razionale\u201d se non ris<a href=\"https:\/\/blog.ilgiornale.it\/franza\/files\/2020\/03\/Clipboard-0066-kBpF-U3170906494648nxF-420x571@Corriere-Web-Sezioni.jpg\"><img loading=\"lazy\" class=\"  wp-image-18530 alignright\" src=\"https:\/\/blog.ilgiornale.it\/franza\/files\/2020\/03\/Clipboard-0066-kBpF-U3170906494648nxF-420x571@Corriere-Web-Sezioni.jpg\" alt=\"Clipboard-0066-kBpF-U3170906494648nxF-420x571@Corriere-Web-Sezioni\" width=\"320\" height=\"435\" srcset=\"https:\/\/blog.ilgiornale.it\/franza\/files\/2020\/03\/Clipboard-0066-kBpF-U3170906494648nxF-420x571@Corriere-Web-Sezioni.jpg 420w, https:\/\/blog.ilgiornale.it\/franza\/files\/2020\/03\/Clipboard-0066-kBpF-U3170906494648nxF-420x571@Corriere-Web-Sezioni-221x300.jpg 221w\" sizes=\"(max-width: 320px) 100vw, 320px\" \/><\/a>ponde a due domande: \u201cQual \u00e8 la natura della malattia infettiva che si \u00e8 diffusa in Italia? Qual \u00e8 la gravit\u00e0 reale che una tale epidemia presenta?\u201d. Si nota che l\u2019agente patogeno si trasmette \u201cmediante le particelle di muco che vengono emesse coll\u2019aria di espirazione durante il parlare e il tossire\u201d. Stesse formulazioni che vanno a coincidere con quanto\u00a0 circola nell\u2019Italia di oggi\u00a0 stretta dal Covid-19 detto\u00a0 Coronavirus. Ecco cosa si disse allora: \u201cSi raccomanda di cautelarsi contro il pericolo di inquinarsi: converr\u00e0 ch\u2019essi (medici e infermieri, <em>ndr<\/em>) portino a quest\u2019uopo una maschera di garza o qualche altro consimile mezzo di protezione\u201d. Anche allora si raccomand\u00f2 alla popolazione\u00a0 -certo come si pot\u00e8- di non baciarsi, non dare la mano, non andare al cinema e tenersi a un metro gli uni dagli altri. E ancora, il governo chiedeva di \u201cridurre al <em>minimum <\/em>gli affollamenti in genere e i contatti dei sani coi malati (ad esempio nelle visite agli ospedali)\u201d. Fu notato anche un interessante esperimento:\u201dIn un accampamento, dove l\u2019epidemia infieriva, bast\u00f2 ampliare il terreno occupato dalle truppe, e in questo modo diradare l\u2019affollamento dei soldati, per veder subito la malattia scomparire del tutto\u201d. Tutto questo avvenne nel 1918, quando i nostri\u00a0 nonni e bisnonni combattevano nelle\u00a0 trincee della Grande Guerra, ben descritte dal dall\u2019illustre poeta Giuseppe Ungaretti.<\/p>\n<p><strong><a href=\"https:\/\/blog.ilgiornale.it\/franza\/files\/2020\/03\/Clipboard-0079-kIJ-U3170906494648C2H-473x705@Corriere-Web-Sezioni.jpg\"><img loading=\"lazy\" class=\"alignleft  wp-image-18531\" src=\"https:\/\/blog.ilgiornale.it\/franza\/files\/2020\/03\/Clipboard-0079-kIJ-U3170906494648C2H-473x705@Corriere-Web-Sezioni.jpg\" alt=\"Clipboard-0079-kIJ-U3170906494648C2H-473x705@Corriere-Web-Sezioni\" width=\"342\" height=\"510\" srcset=\"https:\/\/blog.ilgiornale.it\/franza\/files\/2020\/03\/Clipboard-0079-kIJ-U3170906494648C2H-473x705@Corriere-Web-Sezioni.jpg 473w, https:\/\/blog.ilgiornale.it\/franza\/files\/2020\/03\/Clipboard-0079-kIJ-U3170906494648C2H-473x705@Corriere-Web-Sezioni-201x300.jpg 201w\" sizes=\"(max-width: 342px) 100vw, 342px\" \/><\/a>Poi si arriv\u00f2 alla Pandemia detta \u201cAsiatica\u201d del 1957.\u00a0 Data memorabile che ben ricordo, perch\u00e9 ne fui anch\u2019io contagiato nell\u2019ottobre del 1957 . <\/strong>In quell\u2019anno le primissime televisioni erano entrate nelle case degli italiani. \u00a0Ci fu il lancio dello Sputnik sovietico nello spazio e persino la nascita di Carosel<a href=\"https:\/\/blog.ilgiornale.it\/franza\/files\/2020\/03\/Clipboard-0062-kBpF-U3170906494648cNH-140x180@Corriere-Web-Sezioni-2.jpg\"><img loading=\"lazy\" class=\" size-full wp-image-18529 alignright\" src=\"https:\/\/blog.ilgiornale.it\/franza\/files\/2020\/03\/Clipboard-0062-kBpF-U3170906494648cNH-140x180@Corriere-Web-Sezioni-2.jpg\" alt=\"Clipboard-0062-kBpF-U3170906494648cNH-140x180@Corriere-Web-Sezioni (2)\" width=\"140\" height=\"180\" \/><\/a>lo. Ma in quell\u2019anno ci fu anche una pandemia chiamata \u201cAsiatica\u201d che uccise pi\u00f9 di un milione di persone, dopo averne contagiate fra 250 milioni e un miliardo nel mondo. \u00a0A voler raffrontare le due pandemie, l\u2019Asiatica e il Coronavirus \u00a0di oggi, \u00a0Covid-19 per ora \u00e8 stato diagnosticato in 94 mila persone e ne ha uccise 3.220 (dati aggiornati al 4 marzo): l\u2019Asiatica del \u201857 fu oltre trecento volte pi\u00f9 letale, eppure pochi oggi sembrano serbarne il ricordo. Io certo lo ricordo bene. Il 17 aprile del 1957 \u00a0sul \u201c<em>New York Time\u201d<\/em> compare giusto una notiziola dall\u2019allora colonia britannica di Hong Kong: \u00abLa stampa popolare riferisce che circa 250 mila residenti hanno ricevuto delle cure. La popolazione della colonia \u00e8 di circa 2,5 milioni. L\u2019afflusso di 700 mila rifugiati dalla Cina comunista ha creato un pericolo costante di sovraffollamento. Migliaia di malati aspettano cure in lunghe file, molte donne portano sulle spalle bambini dallo sguardo vitreo\u00bb.Anche \u201cIl Corriere della Sera\u201d del 20 settembre \u201857 parla della pandemia, in una pagina interna: \u201cVentidue morti in Inghilterra per l\u2019influenza asiatic<a href=\"https:\/\/blog.ilgiornale.it\/franza\/files\/2020\/03\/lapide_alla_spagnola._canosa1.jpg\"><img loading=\"lazy\" class=\"  wp-image-18532 alignright\" src=\"https:\/\/blog.ilgiornale.it\/franza\/files\/2020\/03\/lapide_alla_spagnola._canosa1.jpg\" alt=\"lapide_alla_spagnola._canosa(1)\" width=\"566\" height=\"377\" srcset=\"https:\/\/blog.ilgiornale.it\/franza\/files\/2020\/03\/lapide_alla_spagnola._canosa1.jpg 768w, https:\/\/blog.ilgiornale.it\/franza\/files\/2020\/03\/lapide_alla_spagnola._canosa1-300x200.jpg 300w\" sizes=\"(max-width: 566px) 100vw, 566px\" \/><\/a>a\u201d e 250 mila persone colpite \u201cin Germania occidentale\u201d con \u201coltre seicento scuole chiuse nella sola Bassa Sassonia\u201d. Allora il \u201c<em>Corriere dell\u2019Informazione\u201d<\/em> la chiam\u00f2 \u201cla nuova spagnola\u201d,\u00a0 e verso met\u00e0 dicembre si rivel\u00f2 \u201crincrudita a Roma\u201d. Badate bene che \u00a0l\u2019epidemia dell\u2019Asiatica non conquist\u00f2 quasi mai le prime pagine dei giornali e la sola volta che quell\u2019anno il \u201c<em>Corriere dell\u2019Informazione\u201d<\/em> dedic\u00f2 un titolo grande in prima a un virus, fu quando il Milan di Schiaffino &#8211; campione d\u2019Italia a met\u00e0 giugno &#8211; dovette andare \u201cin quarantena\u201d e rinviare varie partite. Ma quello fu \u201cmorbo giallo\u201d, ovvero\u00a0 \u201cepatite ittigerina\u201d presa da tutta la squadra nella vasca da bagno di uno spogliatoio.<\/p>\n<p><strong>E ancora l\u2019influenza di Hong Kong del \u201968-\u201969.<\/strong>\u00a0 Anche\u00a0 la cosiddetta e successiva \u201cinfluenza di Hong Kong\u201d \u00a0che si ebbe nel \u00a01968-\u201969 (pi\u00f9 di 250 milioni di contagiati, quasi un milione di morti nel mondo) non conquist\u00f2 mai grandi spazi sui media. Era gi\u00e0 andata cos\u00ec anche per la pandemia di poliomelite del 1952, che solo negli Stati Uniti infett\u00f2 58 mila persone e ne uccise tremiladuecento. Il 10 agosto del\u00a0 1952 \u00a0Il Corriere della Sera \u00a0registrava\u00a0 con poche righe\u00a0 \u201cduemila casi di poliomelite registrati quest\u2019estate in Germania\u201d; a settembre del \u201952 scriveva\u00a0 la giornalista\u00a0 italiana \u00a0Hedi A. Giusti da New York, \u00a0che le famiglie colpite dalla drammatica paralisi dei bambini hanno \u201cuna tranquilla fiducia\u201d grazie alla \u201cmeravigliosa certezza del popolo americano che nessuna precauzione sar\u00e0 trascurata\u201d.<\/p>\n<p><strong>La Pandemia A H1N1 detta \u201cinfluenza suina\u201d del 2009. <\/strong>La prima e finora unica pandemia influenzale del XXI secolo arriva nel 2009 quando arriv\u00f2 e fu \u00a0chiamata \u201cinfluenza suina\u201d, causata da un virus A H1N1. Si trattava di un virus con caratteristiche piuttosto uniche. Infatti, conteneva una combinazione di geni influenzali che non erano mai stati identificati nelle persone o negli animali. L\u2019Iss ha sottolineato che \u201cmentre la maggior parte dei casi di influenza pandemica sono stati lievi, a livello mondiale si stima che la pandemia ha causato tra i 100.000 e i 400.000 morti nel solo primo anno\u201d.<\/p>\n<p>Passano gli anni, passano i decenni, e le Pandemie ritornano a tambur battente, specie oggi che il mondo si \u00e8 globalizzato. E\u2019 possibile oggi che a seguito del Coronavirus\u00a0 la globalizzazione sar\u00e0 ormai\u00a0 messa \u00a0in quarantena, poi in soffitta. Ritorneremo a status precedenti. E forse sar\u00e0 la nostra salvezza. Se ci\u00f2 non avverr\u00e0 Pandemie come il Coronavirus le avremo ogni tre-quattro anni. La politica, i sociologi, e gli scienziati dicano la loro in tal senso e si prendano le opportune misure, finch\u00e8 si \u00e8 in tempo.<\/p>\n<p><strong>Carlo Franza<\/strong><\/p>\n<h5><\/h5>\n<h5><\/h5>\n","protected":false},"excerpt":{"rendered":"<p><p>Con la pestilenza del Coronavirus\u00a0 che ammorba il mondo, l\u2019Europa e l\u2019Italia, tutti parlano, tutti sanno, tutti hanno da dire la loro. Pochi guardano dentro la storia del passato\u00a0 per capirne di\u00a0 pi\u00f9. Proviamo a declinarne una breve storia. \u00a0Anzitutto l\u2019epidemia che \u00e8 stata chiamata \u201cla Spagnola\u201d. Siamo al 1918, e dentro la Prima Guerra Mondiale. Con data 24 ottobre 1918\u00a0 appariva sul \u201cIl Corriere della Sera\u201d del tempo il titolo \u201cCircolare di Orlando contro le voci false ed esagerate sull\u2019epidemia\u201d; Orlando era il siciliano Vittorio Emanuele Orlando\u00a0 Presidente del Consiglio e Ministro dell\u2019Interno. Il politico italiano nei mesi successivi [&hellip;]<\/p>\n&nbsp;&nbsp;<div class=\"readmore\"><a href=\"https:\/\/blog.ilgiornale.it\/franza\/2020\/03\/07\/le-pandemie-del-novecento-e-il-coronavirus\/\">Continua a leggere...<\/a><\/div><\/p>","protected":false},"author":1009,"featured_media":0,"comment_status":"open","ping_status":"closed","sticky":false,"template":"","format":"standard","meta":[],"categories":[59246,80688,59281,53709,87,26,80676,53833,64,28369,51665,4625],"tags":[392222,392223,59480,392227,392225,392224,392226],"_links":{"self":[{"href":"https:\/\/blog.ilgiornale.it\/franza\/wp-json\/wp\/v2\/posts\/18523"}],"collection":[{"href":"https:\/\/blog.ilgiornale.it\/franza\/wp-json\/wp\/v2\/posts"}],"about":[{"href":"https:\/\/blog.ilgiornale.it\/franza\/wp-json\/wp\/v2\/types\/post"}],"author":[{"embeddable":true,"href":"https:\/\/blog.ilgiornale.it\/franza\/wp-json\/wp\/v2\/users\/1009"}],"replies":[{"embeddable":true,"href":"https:\/\/blog.ilgiornale.it\/franza\/wp-json\/wp\/v2\/comments?post=18523"}],"version-history":[{"count":2,"href":"https:\/\/blog.ilgiornale.it\/franza\/wp-json\/wp\/v2\/posts\/18523\/revisions"}],"predecessor-version":[{"id":18534,"href":"https:\/\/blog.ilgiornale.it\/franza\/wp-json\/wp\/v2\/posts\/18523\/revisions\/18534"}],"wp:attachment":[{"href":"https:\/\/blog.ilgiornale.it\/franza\/wp-json\/wp\/v2\/media?parent=18523"}],"wp:term":[{"taxonomy":"category","embeddable":true,"href":"https:\/\/blog.ilgiornale.it\/franza\/wp-json\/wp\/v2\/categories?post=18523"},{"taxonomy":"post_tag","embeddable":true,"href":"https:\/\/blog.ilgiornale.it\/franza\/wp-json\/wp\/v2\/tags?post=18523"}],"curies":[{"name":"wp","href":"https:\/\/api.w.org\/{rel}","templated":true}]}}