{"id":19983,"date":"2020-07-28T22:19:16","date_gmt":"2020-07-28T22:19:16","guid":{"rendered":"https:\/\/blog.ilgiornale.it\/franza\/?p=19983"},"modified":"2020-07-28T22:19:16","modified_gmt":"2020-07-28T22:19:16","slug":"opere-di-aldo-mondino-il-mondo-attraverso-i-suoi-viaggi-straordinari-ed-esotici-in-una-mostra-a-villa-bertelli-a-forte-dei-marmi","status":"publish","type":"post","link":"https:\/\/blog.ilgiornale.it\/franza\/2020\/07\/28\/opere-di-aldo-mondino-il-mondo-attraverso-i-suoi-viaggi-straordinari-ed-esotici-in-una-mostra-a-villa-bertelli-a-forte-dei-marmi\/","title":{"rendered":"Opere di Aldo Mondino. Il mondo attraverso  i suoi \u201cviaggi straordinari\u201d ed esotici  in una mostra a Villa Bertelli a Forte dei Marmi."},"content":{"rendered":"<p><a href=\"https:\/\/blog.ilgiornale.it\/franza\/files\/2020\/07\/Festa_araba_a_Brera_cammello_di_nome_Badoglio_1985_86_Brera_Milano_Ph_Archivio_Garghetti_Milano.jpg\"><img loading=\"lazy\" class=\"alignleft size-full wp-image-19984\" src=\"https:\/\/blog.ilgiornale.it\/franza\/files\/2020\/07\/Festa_araba_a_Brera_cammello_di_nome_Badoglio_1985_86_Brera_Milano_Ph_Archivio_Garghetti_Milano.jpg\" alt=\"\" width=\"426\" height=\"298\" srcset=\"https:\/\/blog.ilgiornale.it\/franza\/files\/2020\/07\/Festa_araba_a_Brera_cammello_di_nome_Badoglio_1985_86_Brera_Milano_Ph_Archivio_Garghetti_Milano.jpg 426w, https:\/\/blog.ilgiornale.it\/franza\/files\/2020\/07\/Festa_araba_a_Brera_cammello_di_nome_Badoglio_1985_86_Brera_Milano_Ph_Archivio_Garghetti_Milano-300x210.jpg 300w\" sizes=\"(max-width: 426px) 100vw, 426px\" \/><\/a>Gli spazi ottocenteschi di <strong>Villa Bertelli a Forte dei Marmi (Lu)<\/strong> ospitano, <strong>dal 7<a href=\"https:\/\/blog.ilgiornale.it\/franza\/files\/2020\/07\/c1736_Aldo_Mondino_Das_meer_1980_olio_su_tela_cm_115x140.jpg\"><img loading=\"lazy\" class=\"size-full wp-image-19985 alignright\" src=\"https:\/\/blog.ilgiornale.it\/franza\/files\/2020\/07\/c1736_Aldo_Mondino_Das_meer_1980_olio_su_tela_cm_115x140.jpg\" alt=\"\" width=\"426\" height=\"336\" srcset=\"https:\/\/blog.ilgiornale.it\/franza\/files\/2020\/07\/c1736_Aldo_Mondino_Das_meer_1980_olio_su_tela_cm_115x140.jpg 426w, https:\/\/blog.ilgiornale.it\/franza\/files\/2020\/07\/c1736_Aldo_Mondino_Das_meer_1980_olio_su_tela_cm_115x140-300x237.jpg 300w\" sizes=\"(max-width: 426px) 100vw, 426px\" \/><\/a> agosto al 26 settembre 2020<\/strong>, la retrospettiva dedicata ai <strong>&#8220;Viaggi straordinari&#8221; di Aldo Mondino, a cura di Valerio Deh\u00f2<\/strong>. La mostra, <strong>promossa da Villa Bertelli con il patrocinio del Comune di Forte dei Marmi, in collaborazione con l&#8217;Archivio Aldo Mondino<\/strong>, sar\u00e0 inaugurata <strong>venerd\u00ec 7 agosto alle ore 18.00<\/strong>. Centrale, nella ricerca dell&#8217;artista torinese, \u00e8 il tema del viaggio, inteso sia in senso fisico che metaforico. Viaggi straordinari che nascono dalla curiosit\u00e0 e dalla propensione alla scoperta, abbracciando culture differenti e mondi esotici, ma anche i tanti linguaggi dell&#8217;arte incontrati nel corso di un&#8217;intera esistenza.<\/p>\n<p>I luoghi dell&#8217;arte in cui Aldo Mondino si \u00e8 &#8220;recato&#8221; negli anni sono stati davvero tanti, fin dagli inizi degli anni Sessanta: dalle<\/p>\n<div id=\"attachment_19986\" style=\"width: 250px\" class=\"wp-caption alignleft\"><a href=\"https:\/\/blog.ilgiornale.it\/franza\/files\/2020\/07\/c1736_Aldo_Mondino_Dervisci_2000_olio_su_linoleum_cm_80x60.jpg\"><img aria-describedby=\"caption-attachment-19986\" loading=\"lazy\" class=\"size-full wp-image-19986\" src=\"https:\/\/blog.ilgiornale.it\/franza\/files\/2020\/07\/c1736_Aldo_Mondino_Dervisci_2000_olio_su_linoleum_cm_80x60.jpg\" alt=\"\" width=\"240\" height=\"319\" srcset=\"https:\/\/blog.ilgiornale.it\/franza\/files\/2020\/07\/c1736_Aldo_Mondino_Dervisci_2000_olio_su_linoleum_cm_80x60.jpg 240w, https:\/\/blog.ilgiornale.it\/franza\/files\/2020\/07\/c1736_Aldo_Mondino_Dervisci_2000_olio_su_linoleum_cm_80x60-226x300.jpg 226w\" sizes=\"(max-width: 240px) 100vw, 240px\" \/><\/a><p id=\"caption-attachment-19986\" class=\"wp-caption-text\">B0063P 0018<\/p><\/div>\n<p>enciclopedie e dagli erbari a Felice Casorati, protagonista della pittura torinese ed europea, cui ha reso omaggio riprendendo la celebre &#8220;Maternit\u00e0&#8221;. Ha rivisitato l&#8217;arte astratta con garbo e ironia, la pittura Pop di Jim Dine, la xilografia mitteleuropea, Alberto Giacometti ed Umberto Boccioni, senza tralasciare l&#8217;enigmistica, i King, il codice stradale <a href=\"https:\/\/blog.ilgiornale.it\/franza\/files\/2020\/07\/post_800_primavolta_-wdtr.jpg\"><img loading=\"lazy\" class=\" wp-image-19988 alignright\" src=\"https:\/\/blog.ilgiornale.it\/franza\/files\/2020\/07\/post_800_primavolta_-wdtr.jpg\" alt=\"\" width=\"360\" height=\"360\" srcset=\"https:\/\/blog.ilgiornale.it\/franza\/files\/2020\/07\/post_800_primavolta_-wdtr.jpg 483w, https:\/\/blog.ilgiornale.it\/franza\/files\/2020\/07\/post_800_primavolta_-wdtr-300x300.jpg 300w, https:\/\/blog.ilgiornale.it\/franza\/files\/2020\/07\/post_800_primavolta_-wdtr-150x150.jpg 150w\" sizes=\"(max-width: 360px) 100vw, 360px\" \/><\/a>e molti altri linguaggi. La sua curiosit\u00e0 e il suo istinto verso lo sberleffo, l&#8217;ironia, il gioco di parole, la parodia lo hanno spinto a cercare sempre nuovi confronti, a rendere &#8220;mondiniana&#8221; quella parte di universo con cui \u00e8 entrato in contatto.<\/p>\n<p><strong>I suoi viaggi straordinari si sono spinti in Africa, nel bacino del Mediterraneo, ma anche in India, con l&#8217;esposizione a Calcutta, nel 2000, di alcuni lavori di grandi dimensioni.\u00a0 Spesso sono stati anche viaggi letterari, cio\u00e8 occasioni nate da libri o autori che ha sempre amato, come Paul Bowles e Blaise Cendrars. \u00c8 stato pi\u00f9 volte ad Essaouira, in Marocco, luogo mitico in cui Orson Wells realizz\u00f2 il suo impossibile &#8220;Otello&#8221;, ma anche nella terra dei Dervisci rotanti del Sufismo, con la loro danza dell&#8217;estasi. L&#8217;esotismo \u00e8 per Mondino estremamente attraente: lo dimostra la serie dei tappeti dipinti su pannelli di eraclit, un materiale povero di matrice industriale. Opere che fanno ormai parte di una dimensione in cui l&#8217;arte trasforma la cultura e l&#8217;artista si appropria dell&#8217;universo di segni e di culture <a href=\"https:\/\/blog.ilgiornale.it\/franza\/files\/2020\/07\/Mondino___Mon_Dine_fine_anni_90_Ph_Archivio_Garghetti_Milano_3.jpg\"><img loading=\"lazy\" class=\"alignleft size-full wp-image-19989\" src=\"https:\/\/blog.ilgiornale.it\/franza\/files\/2020\/07\/Mondino___Mon_Dine_fine_anni_90_Ph_Archivio_Garghetti_Milano_3.jpg\" alt=\"\" width=\"284\" height=\"426\" srcset=\"https:\/\/blog.ilgiornale.it\/franza\/files\/2020\/07\/Mondino___Mon_Dine_fine_anni_90_Ph_Archivio_Garghetti_Milano_3.jpg 284w, https:\/\/blog.ilgiornale.it\/franza\/files\/2020\/07\/Mondino___Mon_Dine_fine_anni_90_Ph_Archivio_Garghetti_Milano_3-200x300.jpg 200w\" sizes=\"(max-width: 284px) 100vw, 284px\" \/><\/a>da cui si sente attratto.\u00a0 <\/strong>\u00abMondino &#8211; scrive Deh\u00f2 nel testo critico in catalogo &#8211; ha realizzato una koin\u00e8 culturale davvero unica, in cui l&#8217;arte contemporanea \u00e8 non solo luogo di concentrazione del simbolico, ma anche archivio di culture differenti, panopticum borgesiano in cui osservare l&#8217;universo da una prospettiva unica. L&#8217;artista ha realmente dato al viaggio e al confronto tra mondi ed esperienz<a href=\"https:\/\/blog.ilgiornale.it\/franza\/files\/2020\/07\/Aldo_Mondino_Torso_torsolo_SD_1996_bronzo_cm_41x31x25.jpg\"><img loading=\"lazy\" class=\"size-full wp-image-19990 alignright\" src=\"https:\/\/blog.ilgiornale.it\/franza\/files\/2020\/07\/Aldo_Mondino_Torso_torsolo_SD_1996_bronzo_cm_41x31x25.jpg\" alt=\"\" width=\"360\" height=\"426\" srcset=\"https:\/\/blog.ilgiornale.it\/franza\/files\/2020\/07\/Aldo_Mondino_Torso_torsolo_SD_1996_bronzo_cm_41x31x25.jpg 360w, https:\/\/blog.ilgiornale.it\/franza\/files\/2020\/07\/Aldo_Mondino_Torso_torsolo_SD_1996_bronzo_cm_41x31x25-254x300.jpg 254w\" sizes=\"(max-width: 360px) 100vw, 360px\" \/><\/a>e diversi, non solo uno spazio nell&#8217;arte contemporanea, spesso ripiegata su se stessa, ma anche il fascino di un&#8217;avventura fisica e intellettuale. Nella pittura e nell&#8217;arte italiana Mondino ha saputo portare intelligenza e ironia, il suo lavoro \u00e8 stato sempre uno stimolo a guardare all&#8217;arte come ad una ricerca continua e felice\u00bb.<\/p>\n<p><strong>Il percorso espositivo comprende oltre quaranta opere tra dipinti, sculture e lavori su carta, provenienti da un&#8217;importante collezione privata toscana. Un&#8217;intera sala \u00e8 inoltre dedicata al tema della musica, molto caro all&#8217;artista e centrale nella sua produzione. <\/strong><\/p>\n<p>La mostra \u00e8 accompagnata da un catalogo NFC Edizioni con un testo di Valerio Deh\u00f2 e ricco apparato iconografico. Villa Bertelli nel mese di agosto sar\u00e0 aperta al pubblico con orario 17.00-22.00 (in concomitanza con gli spettacoli in calendario, la mostra potrebbe essere temporaneamente chiusa, si suggerisce quindi di contattare la sede prima della visita). Nel mese di settembre l&#8217;esposizione sar\u00e0 invece visitabile da luned\u00ec a venerd\u00ec con orario 9.00-13.00 e 15.00-19.00, sabato e domenica ore 16.00-19.00. Ingresso libero. Per informazioni: T. +39 0584 787251.<\/p>\n<p><strong><a href=\"https:\/\/blog.ilgiornale.it\/franza\/files\/2020\/07\/Aldo_Mondino_Mamma_di_Boccioni_6_di_8_1992_bronzo_e_bocce_da_bowling_cm_58x538x38.jpg\"><img loading=\"lazy\" class=\"alignleft size-full wp-image-19991\" src=\"https:\/\/blog.ilgiornale.it\/franza\/files\/2020\/07\/Aldo_Mondino_Mamma_di_Boccioni_6_di_8_1992_bronzo_e_bocce_da_bowling_cm_58x538x38.jpg\" alt=\"\" width=\"355\" height=\"438\" srcset=\"https:\/\/blog.ilgiornale.it\/franza\/files\/2020\/07\/Aldo_Mondino_Mamma_di_Boccioni_6_di_8_1992_bronzo_e_bocce_da_bowling_cm_58x538x38.jpg 355w, https:\/\/blog.ilgiornale.it\/franza\/files\/2020\/07\/Aldo_Mondino_Mamma_di_Boccioni_6_di_8_1992_bronzo_e_bocce_da_bowling_cm_58x538x38-243x300.jpg 243w\" sizes=\"(max-width: 355px) 100vw, 355px\" \/><\/a>Aldo Mondino<\/strong> <strong>\u00e8 nato a Torino nel 1938, dove \u00e8 morto nel 2005. <\/strong>Nel 1959 si trasferisce a Parigi, dove frequenta l&#8217;atelier di William Heyter, l&#8217;Ecole du Louvre e frequenta il corso di mosaico dell&#8217;Accademia di Belle Arti con Severini e Licata. Nel 1960, rientrato in Italia, inizia la sua attivit\u00e0 espositiva alla Galleria L&#8217;Immagine di Torino (1961) e alla Galleria Alfa di Venezia (1962). L&#8217;incontro con<a href=\"https:\/\/blog.ilgiornale.it\/franza\/files\/2020\/07\/c1736_Aldo_Mondino_Vietato_il_sorpasso_Art_106_1963_olio_su_faesite_cm_150x120.jpg\"><img loading=\"lazy\" class=\" wp-image-19992 alignright\" src=\"https:\/\/blog.ilgiornale.it\/franza\/files\/2020\/07\/c1736_Aldo_Mondino_Vietato_il_sorpasso_Art_106_1963_olio_su_faesite_cm_150x120.jpg\" alt=\"\" width=\"290\" height=\"358\" srcset=\"https:\/\/blog.ilgiornale.it\/franza\/files\/2020\/07\/c1736_Aldo_Mondino_Vietato_il_sorpasso_Art_106_1963_olio_su_faesite_cm_150x120.jpg 345w, https:\/\/blog.ilgiornale.it\/franza\/files\/2020\/07\/c1736_Aldo_Mondino_Vietato_il_sorpasso_Art_106_1963_olio_su_faesite_cm_150x120-243x300.jpg 243w\" sizes=\"(max-width: 290px) 100vw, 290px\" \/><\/a> Gian Enzo Sperone, direttore della Galleria Il Punto, risulta fondamentale per la sua carriera artistica, con un sodalizio tuttora portato avanti dall&#8217;Archivio Aldo Mondino. Importanti personali vengono presentate anche presso la Galleria Stein di Torino, lo Studio Marconi di Milano, la Galleria La Salita di Roma, la Galleria Paludetto di Torino. Tra le principali mostre si ricordano le due partecipazioni alle Biennale di Venezia del 1976 e del 1993, le personali al Museum fur Moderne Kunst &#8211; Palais Lichtenstein di Vienna (1991), al Suthanamet Museo Topkapi di Istanbul (1992, 1996), al Museo Ebraico di Bologna (1995), alla Galleria Civica d&#8217;Arte Moderna di Trento (2000). Le sue opere appartengono alle collezioni permanenti dei pi\u00f9 importanti Musei nazionali ed internazionali ed a numerose collezioni private. L&#8217;\u00e8 stato costituito a Milano nel 2006 per volont\u00e0 del figlio Antonio. Svolge attivit\u00e0 di ricerca sulla vita e le opere dell&#8217;artista torinese, al fine di tutelare e promuovere gli esiti della sua intensa attivit\u00e0 artistica. L&#8217;Archivio raccoglie, inoltre, ogni informazione relativa al suo operato ai fini dell&#8217;organizzazione del Catalogo Generale, di cui Allemandi ha pubblicato, nel 2017, il primo volume. <strong>Villa Bertelli<\/strong> \u00e8 il centro culturale e artistico del Comune di Forte dei Marmi, un&#8217;interfaccia strategica per il turismo cittadino e per l&#8217;intera Versilia. Con un&#8217;esperienza decennale nell&#8217;organizzazione di mostre personali e collettive, la Villa ospita annualmente eventi dedicati all&#8217;arte, ma anche alla musica, alla storia, alla letteratura, al dibattito, allo sport, al sociale e alla scuola, che trovano il loro spazio all&#8217;interno e all&#8217;esterno della struttura, quotidianamente aperta al pubblico.<\/p>\n<p><strong>Carlo Franza<\/strong><\/p>\n","protected":false},"excerpt":{"rendered":"<p><p>Gli spazi ottocenteschi di Villa Bertelli a Forte dei Marmi (Lu) ospitano, dal 7 agosto al 26 settembre 2020, la retrospettiva dedicata ai &#8220;Viaggi straordinari&#8221; di Aldo Mondino, a cura di Valerio Deh\u00f2. La mostra, promossa da Villa Bertelli con il patrocinio del Comune di Forte dei Marmi, in collaborazione con l&#8217;Archivio Aldo Mondino, sar\u00e0 inaugurata venerd\u00ec 7 agosto alle ore 18.00. Centrale, nella ricerca dell&#8217;artista torinese, \u00e8 il tema del viaggio, inteso sia in senso fisico che metaforico. Viaggi straordinari che nascono dalla curiosit\u00e0 e dalla propensione alla scoperta, abbracciando culture differenti e mondi esotici, ma anche i tanti [&hellip;]<\/p>\n&nbsp;&nbsp;<div class=\"readmore\"><a href=\"https:\/\/blog.ilgiornale.it\/franza\/2020\/07\/28\/opere-di-aldo-mondino-il-mondo-attraverso-i-suoi-viaggi-straordinari-ed-esotici-in-una-mostra-a-villa-bertelli-a-forte-dei-marmi\/\">Continua a leggere...<\/a><\/div><\/p>","protected":false},"author":1009,"featured_media":0,"comment_status":"open","ping_status":"closed","sticky":false,"template":"","format":"standard","meta":[],"categories":[59281,53889,53888,53710,9894,10357,44441,87,35351,35224,26,17505,35188,4625],"tags":[59308,406738,59480,406739,406740],"_links":{"self":[{"href":"https:\/\/blog.ilgiornale.it\/franza\/wp-json\/wp\/v2\/posts\/19983"}],"collection":[{"href":"https:\/\/blog.ilgiornale.it\/franza\/wp-json\/wp\/v2\/posts"}],"about":[{"href":"https:\/\/blog.ilgiornale.it\/franza\/wp-json\/wp\/v2\/types\/post"}],"author":[{"embeddable":true,"href":"https:\/\/blog.ilgiornale.it\/franza\/wp-json\/wp\/v2\/users\/1009"}],"replies":[{"embeddable":true,"href":"https:\/\/blog.ilgiornale.it\/franza\/wp-json\/wp\/v2\/comments?post=19983"}],"version-history":[{"count":1,"href":"https:\/\/blog.ilgiornale.it\/franza\/wp-json\/wp\/v2\/posts\/19983\/revisions"}],"predecessor-version":[{"id":19993,"href":"https:\/\/blog.ilgiornale.it\/franza\/wp-json\/wp\/v2\/posts\/19983\/revisions\/19993"}],"wp:attachment":[{"href":"https:\/\/blog.ilgiornale.it\/franza\/wp-json\/wp\/v2\/media?parent=19983"}],"wp:term":[{"taxonomy":"category","embeddable":true,"href":"https:\/\/blog.ilgiornale.it\/franza\/wp-json\/wp\/v2\/categories?post=19983"},{"taxonomy":"post_tag","embeddable":true,"href":"https:\/\/blog.ilgiornale.it\/franza\/wp-json\/wp\/v2\/tags?post=19983"}],"curies":[{"name":"wp","href":"https:\/\/api.w.org\/{rel}","templated":true}]}}