{"id":20663,"date":"2020-10-19T20:05:11","date_gmt":"2020-10-19T20:05:11","guid":{"rendered":"https:\/\/blog.ilgiornale.it\/franza\/?p=20663"},"modified":"2020-10-19T22:00:10","modified_gmt":"2020-10-19T22:00:10","slug":"intervista-al-regista-carlo-luglio-produttore-di-film-sperimentali-e-indipendenti","status":"publish","type":"post","link":"https:\/\/blog.ilgiornale.it\/franza\/2020\/10\/19\/intervista-al-regista-carlo-luglio-produttore-di-film-sperimentali-e-indipendenti\/","title":{"rendered":"Intervista al regista Carlo Luglio, produttore  di film  sperimentali e indipendenti."},"content":{"rendered":"<p><strong><a href=\"https:\/\/blog.ilgiornale.it\/franza\/files\/2020\/10\/Carlo-Luglio-regista.jpg\"><img loading=\"lazy\" class=\"alignleft size-full wp-image-20664\" src=\"https:\/\/blog.ilgiornale.it\/franza\/files\/2020\/10\/Carlo-Luglio-regista.jpg\" alt=\"\" width=\"200\" height=\"300\" \/><\/a>Figura singolare della produzione cinematografica italiana, Carlo Luglio (Napoli 1967)<\/strong>\u00a0 \u00e8 da qu<a href=\"https:\/\/blog.ilgiornale.it\/franza\/files\/2020\/10\/4B77B3B4-9D9F-4352-A6FC-B508821E763C.jpeg\"><img loading=\"lazy\" class=\" wp-image-20665 alignright\" src=\"https:\/\/blog.ilgiornale.it\/franza\/files\/2020\/10\/4B77B3B4-9D9F-4352-A6FC-B508821E763C.jpeg\" alt=\"\" width=\"486\" height=\"238\" srcset=\"https:\/\/blog.ilgiornale.it\/franza\/files\/2020\/10\/4B77B3B4-9D9F-4352-A6FC-B508821E763C.jpeg 875w, https:\/\/blog.ilgiornale.it\/franza\/files\/2020\/10\/4B77B3B4-9D9F-4352-A6FC-B508821E763C-300x147.jpeg 300w, https:\/\/blog.ilgiornale.it\/franza\/files\/2020\/10\/4B77B3B4-9D9F-4352-A6FC-B508821E763C-768x377.jpeg 768w\" sizes=\"(max-width: 486px) 100vw, 486px\" \/><\/a>alche tempo attivo sul fronte culturale ad accendere\u00a0 non solo stimoli novelli e storie di vita, attraverso pellicole originali, sperimentali, d\u2019Avanguardia\u00a0 e \u00a0indipendenti, ma anche strategie di lavoro per dare cornice a tradizioni del Sud, approcci antropologici e\u00a0 ampi sguardi di sociologia. \u00a0\u00a0Impegnato com\u2019\u00e8\u00a0 sia nella produzione di film, non ultimo il suo\u00a0 \u201cIl ladro di cardellini\u201d ( presentato all\u2019Anteo di Milano il 29 ottobre 2020), che nella docenza all\u2019Accademia di Belle Arti di Brera a Milano, lascia vivere \u00a0nei suoi lavori\u00a0 una lettura ante litteram del suo e del nostro tempo. A lui abbiamo rivolto una serie di domande, eccole:<\/p>\n<p>1) <strong>Cosa significa fare \u201ccinema indipendente\u201d oggi<\/strong>?<\/p>\n<p>Devo dire che sotto l&#8217;ombrello di questa definizione si trovano una variet\u00e0 di tipologie non sempre consone alla autonomia che dovrebbe necessitare un Cinema senza diktat. Purtroppo in Italia viviamo in un sistema dove pure gli autori conclamati si sono piegati alle supposte leggi del mercato dove un film di successo deve nascere spesso da un libro famoso oppure dalle vite di personaggi celebri. Dunque lottare per scrivere storie originali e cast liberi da vincoli \u00e8 gi\u00e0 il primo gradino per re<a href=\"https:\/\/blog.ilgiornale.it\/franza\/files\/2020\/10\/il-ladro-di-cardellini-00003.jpg\"><img loading=\"lazy\" class=\" wp-image-20667 alignright\" src=\"https:\/\/blog.ilgiornale.it\/franza\/files\/2020\/10\/il-ladro-di-cardellini-00003.jpg\" alt=\"\" width=\"503\" height=\"334\" srcset=\"https:\/\/blog.ilgiornale.it\/franza\/files\/2020\/10\/il-ladro-di-cardellini-00003.jpg 602w, https:\/\/blog.ilgiornale.it\/franza\/files\/2020\/10\/il-ladro-di-cardellini-00003-300x199.jpg 300w\" sizes=\"(max-width: 503px) 100vw, 503px\" \/><\/a>alizzare un film davvero indipendente.\u00a0 Poi bisogna <a href=\"https:\/\/blog.ilgiornale.it\/franza\/files\/2020\/10\/6885-L_1d45221a2feeb275f5b7e4583721ac08.jpg\"><img loading=\"lazy\" class=\"alignleft wp-image-20666\" src=\"https:\/\/blog.ilgiornale.it\/franza\/files\/2020\/10\/6885-L_1d45221a2feeb275f5b7e4583721ac08.jpg\" alt=\"\" width=\"267\" height=\"356\" srcset=\"https:\/\/blog.ilgiornale.it\/franza\/files\/2020\/10\/6885-L_1d45221a2feeb275f5b7e4583721ac08.jpg 400w, https:\/\/blog.ilgiornale.it\/franza\/files\/2020\/10\/6885-L_1d45221a2feeb275f5b7e4583721ac08-225x300.jpg 225w\" sizes=\"(max-width: 267px) 100vw, 267px\" \/><\/a>affrontare le lotte con i selezionatori dei festival e con i distributori per i quali, se non sei facilmente etichettabile (impegno civile, cinema rigoroso d&#8217;autore o sperimentale, per i primi; fenomeno da botteghino popolare o &#8220;autoriale&#8221;, per gli altri, non riesci a ritagliarti uno spazio.<\/p>\n<p>2) <strong>Ed in questo periodo di emergenza Covid \u00e8 ancora pi\u00f9 difficile per te come regista muoverti?<\/strong><\/p>\n<p>Paradossalmente il lockdown \u00e8 stato un periodo dove nell&#8217;isolamento \u00e8 germinata la creativit\u00e0. Un silenzio e una pausa che hanno acuito sia una creativit\u00e0 divergente sfociata in nuovi progetti, che una strategia per dare visibilit\u00e0, per esempio, <strong>al mio ultimo film \u201cIl Ladro di Cardellini<\/strong>\u201d, altrimenti ibernato per una concausa di eventi da tempo. Infatti, son riuscito a farlo girare in rassegne e festival estivi e ora \u00e8 stato appena presentato in concorso come unico film italiano al prestigioso <strong>Festival de la Commedie di Montecarlo<\/strong>\u00a0creato e condotto da Ezio Greggio con il compianto Mario Monicelli, dove <strong>Nando Paone <\/strong>ha vinto il premio <em>come miglior attore protagonista! <\/em>Finalmente questa opportunit\u00e0, auspico offrir\u00e0 ad un film anomalo e originale di uscire pure nelle sale ed avere una propria collocazione.<\/p>\n<p>3) <strong>A questo proposito mi parli di come \u00e8 nato questo film?<\/strong><\/p>\n<div id=\"attachment_20668\" style=\"width: 459px\" class=\"wp-caption alignleft\"><a href=\"https:\/\/blog.ilgiornale.it\/franza\/files\/2020\/10\/1539004131319.jpg\"><img aria-describedby=\"caption-attachment-20668\" loading=\"lazy\" class=\" wp-image-20668\" src=\"https:\/\/blog.ilgiornale.it\/franza\/files\/2020\/10\/1539004131319.jpg\" alt=\"\" width=\"449\" height=\"299\" srcset=\"https:\/\/blog.ilgiornale.it\/franza\/files\/2020\/10\/1539004131319.jpg 600w, https:\/\/blog.ilgiornale.it\/franza\/files\/2020\/10\/1539004131319-300x200.jpg 300w\" sizes=\"(max-width: 449px) 100vw, 449px\" \/><\/a><p id=\"caption-attachment-20668\" class=\"wp-caption-text\">foto di scena Io c&#8217;\u00e8<\/p><\/div>\n<p>Premesso che questo \u00e8 il terzo lungometraggio in venti anni di percorso registico, (&#8220;C<a href=\"https:\/\/blog.ilgiornale.it\/franza\/files\/2020\/10\/1548238278650.jpg\"><img loading=\"lazy\" class=\" wp-image-20669 alignright\" src=\"https:\/\/blog.ilgiornale.it\/franza\/files\/2020\/10\/1548238278650.jpg\" alt=\"\" width=\"519\" height=\"346\" srcset=\"https:\/\/blog.ilgiornale.it\/franza\/files\/2020\/10\/1548238278650.jpg 600w, https:\/\/blog.ilgiornale.it\/franza\/files\/2020\/10\/1548238278650-300x200.jpg 300w\" sizes=\"(max-width: 519px) 100vw, 519px\" \/><\/a>apo Nord&#8221;, &#8220;Sotto la stessa luna&#8221;), vi \u00e8 da dire che in questo periodo ho realizzato pure sei documentari. Spesso legati ad antiche tradizioni del mio Sud e con un particolare sguardo sul mondo musicale. (&#8220;Radici&#8221;, su e con Enzo Gragnaniello, &#8220;Magma&#8221; sui contadini delle tammorre vesuviane, &#8220;L&#8217;Ultimo Fuorilegge&#8221; -inedito- su e con Pino Mauro, re della sceneggiata). Nel 2005 invece realizzai &#8220;Cardilli addolorati&#8221; che racconta di questo mondo magico e desueto dei patiti degli uccellini domestici, che li catturano, collezionano, smerciano in modo illegale che per\u00f2 \u00e8 pure cos\u00ec assurdo che stimola tenerezza e sorrisi. Tutto gravita attorno al canto e al colore dei Cardellini. Il che crea pure scommesse, rapine, furti e camuffi. La commedia che ha poi\u00a0 scritto Diego\u00a0Olivares riprendendo un soggetto scritto a pi\u00f9 mani e germinato in varie declinazioni tra me, <a href=\"https:\/\/blog.ilgiornale.it\/franza\/files\/2020\/10\/arena-milano-est-il-ladro-di-cardellini-con-regista-e1603137539809.jpg\"><img loading=\"lazy\" class=\"alignleft size-full wp-image-20670\" src=\"https:\/\/blog.ilgiornale.it\/franza\/files\/2020\/10\/arena-milano-est-il-ladro-di-cardellini-con-regista-e1603137539809.jpg\" alt=\"\" width=\"502\" height=\"334\" \/><\/a>Massimiliano Virgilio e Annarita Altieri Pignalosa, racconta questo mondo come contesto in cui si animano per\u00f2 le relazioni umane quotidiane e straordinarie del protagonista con sua figlia, la moglie morta e il nutrito gruppo di personaggi che lo circondano. Sar\u00e0 un gioco funambolico per lo spettatore districarsi tra la vita intima e lunatica del protagonista e le azioni corali e picaresche che traccia insieme al gruppo di anziani e scalcinati bracconieri. Da una parte si porta avanti la mancanza di forza di gravit\u00e0 che serve proprio a noi autori a scrollarci di dosso quell&#8217;adesione\u00a0ad un realismo spesso sterile. Dall&#8217;altra, un approccio diverso con la morte che incombe o che ci portiamo dentro. Una strana convivenza naturale e leggera di Pasquale Cardinale (Nando Paone che interpreta magistralmente questo candido Don Chisciotte), con un immaginario distorto che viene a stimolare sia la spinta verso un cambiamento (sar\u00e0 costretto dalla figlia ad un paradossale matrimonio di convenienza con una rumena); che ad esorcizzare il tempo che passa assumendo improba<a href=\"https:\/\/blog.ilgiornale.it\/franza\/files\/2020\/10\/Il-ladro-di-cardellini.-a-sx-regista-Carlo-Luglio-a-dx-attore-protagonista-Nando-Paone.jpg\"><img loading=\"lazy\" class=\" wp-image-20671 alignright\" src=\"https:\/\/blog.ilgiornale.it\/franza\/files\/2020\/10\/Il-ladro-di-cardellini.-a-sx-regista-Carlo-Luglio-a-dx-attore-protagonista-Nando-Paone.jpg\" alt=\"\" width=\"494\" height=\"329\" srcset=\"https:\/\/blog.ilgiornale.it\/franza\/files\/2020\/10\/Il-ladro-di-cardellini.-a-sx-regista-Carlo-Luglio-a-dx-attore-protagonista-Nando-Paone.jpg 600w, https:\/\/blog.ilgiornale.it\/franza\/files\/2020\/10\/Il-ladro-di-cardellini.-a-sx-regista-Carlo-Luglio-a-dx-attore-protagonista-Nando-Paone-300x200.jpg 300w\" sizes=\"(max-width: 494px) 100vw, 494px\" \/><\/a>bili <em>droghe chimiche <\/em>come un po&#8217; tutti i vecchietti della combriccola.<\/p>\n<p><strong>4) Che paesaggi hai utilizzato per ambientare le riprese?<\/strong><\/p>\n<p>Anche questo \u00e8 un punto di rilievo del film che si svolge s<a href=\"https:\/\/blog.ilgiornale.it\/franza\/files\/2020\/10\/index.jpg\"><img loading=\"lazy\" class=\"alignleft size-full wp-image-20672\" src=\"https:\/\/blog.ilgiornale.it\/franza\/files\/2020\/10\/index.jpg\" alt=\"\" width=\"275\" height=\"183\" \/><\/a>ospeso in un non luogo del mediterraneo senza tempo e in spazi desueti e accoglienti di una provincia che sfrigola scintille di vita genuina ancora tra case di cortile dai muri consunti e scoloriti, e campagne amene. Non era il caso di raccontare per l&#8217;ennesima\u00a0volta una Napoli di\u00a0periferia degradata oppure da cartolina. Innanzitutto le pistole sono appese al chiodo in questo film\u00a0dove non \u00e8 presente la solita violenza criminale. E l&#8217;ingenuit\u00e0 del protagonista stride con il cinismo\u00a0 a cui siamo avvezzi. Perci\u00f2 mi interessava rappresentare un Sud dalle tradizioni genuine seppur sempre un p\u00f2 sopra le righe\u00a0ma mai grottesco, malavitoso\u00a0 o bozzettistico. Quel mio sud che \u00e8 a nord di tutto, che non piega il capo, quel sud\u00a0che non tradisce. Fatto di gente fiera che sa aspettare\u00a0e in silenzio sa sognare. E poi volare come i cardellini della storia.<\/p>\n<p>5 <strong>) Progetti per il futuro?<\/strong><\/p>\n<p>Un film,&#8221;Assediati&#8221;, una coproduzione italo francese, che sfater\u00e0 tutti i pregiudizi su intolleranza e razzismo che vigono qui da noi. Un guerra tra poveri che non vince nessuno dove tutti sono umiliati,offesi e sconfitti. <a href=\"https:\/\/blog.ilgiornale.it\/franza\/files\/2020\/10\/Ladro-Cardellini-Foto-Scena-1-1623x1080-1.jpg\"><img loading=\"lazy\" class=\"alignleft wp-image-20674\" src=\"https:\/\/blog.ilgiornale.it\/franza\/files\/2020\/10\/Ladro-Cardellini-Foto-Scena-1-1623x1080-1.jpg\" alt=\"\" width=\"426\" height=\"284\" srcset=\"https:\/\/blog.ilgiornale.it\/franza\/files\/2020\/10\/Ladro-Cardellini-Foto-Scena-1-1623x1080-1.jpg 655w, https:\/\/blog.ilgiornale.it\/franza\/files\/2020\/10\/Ladro-Cardellini-Foto-Scena-1-1623x1080-1-300x200.jpg 300w\" sizes=\"(max-width: 426px) 100vw, 426px\" \/><\/a>Un film che porteremo a Cannes e che ci dar\u00e0 soddisfazioni.<\/p>\n<p>6 <strong>) Chi sono i\u00a0tuoi riferimenti cinematografici attuali e passati?<\/strong><\/p>\n<p>Chi ama il cinema come me in modo onnivoro si nutre da decenni di variet\u00e0 infinite di autori. Da Truffaut e Godard a Cassavetes, Kubrick e Fellini, da Lynch, Cronenberg e Bunuel, ad Hasby e Forman, fino ad\u00a0 Altman, Cimino, Scorsese, Coppola, Ferreri e Bertolucci. Ma poi adoro Monicelli, De Seta, Scola e Risi. Ed oggi in Italia Virz\u00ec, Maresco e Sorrentino. E nel mondo Xavier Dolan, Eastwood, Malick, Paul Thomas\u00a0Anderson, Sean Penn e tutto il cinema indipendente che sbriglia emozioni e fantasie. Facendoci scoprire la vita ignota e acuendo il nostro bagaglio emotivo e il nostro spirito critico.<a href=\"https:\/\/blog.ilgiornale.it\/franza\/files\/2020\/10\/ladro-cardellini.jpg\"><img loading=\"lazy\" class=\"size-full wp-image-20673 alignright\" src=\"https:\/\/blog.ilgiornale.it\/franza\/files\/2020\/10\/ladro-cardellini.jpg\" alt=\"\" width=\"450\" height=\"300\" srcset=\"https:\/\/blog.ilgiornale.it\/franza\/files\/2020\/10\/ladro-cardellini.jpg 450w, https:\/\/blog.ilgiornale.it\/franza\/files\/2020\/10\/ladro-cardellini-300x200.jpg 300w\" sizes=\"(max-width: 450px) 100vw, 450px\" \/><\/a><\/p>\n<p>7) <strong>Trump o Biden?<\/strong><\/p>\n<p>Jane Fonda o Jack Nicholson for president! Per l&#8217;Italia se fossero vivi, Ugo Tognazzi presidente del consiglio e Marcello Mastroianni presidente della Repubblica.<\/p>\n<p><strong>Biografia e Filmografia\u00a0 di Carlo Luglio<\/strong><\/p>\n<p>E\u2019 nato a Castellammare di Stabia (Napoli) nel 1967. Laureato in Storia del Cinema al DAMS, ha realizzato due film lungometraggi (<em>Capo Nord <\/em>e <em>Sotto La Stessa Luna<\/em>), quattro documentari (<em>Pittura a mano <\/em>armata, Il <em>Cinema Salato, Cardilli<\/em> <em>Addolorati <\/em>e <em>Radici <\/em>), e un cortometraggio \u201cCiao Mamma\u201d che hanno partecipato a vari festival internazionali (Torino, Montreal, Valencia, Locarno, Annency, Cairo e Venezia), raccogliendo premi e menzioni. Per tutti, la Palma d&#8217;argento per \u201cCapo Nord\u201d al Festival di Valencia nel 2004, il Golden Award al Festival del Cairo 2006 per \u201cSotto la stessa luna\u201d, Migliore documentario a Torino Cinema Ambiente 2005 per \u201cCardilli Addolorati\u201d e Miglior cortometraggio al Napoli Film Festival 2014. Dal 2007, \u00e8 socio fondatore con Gaetano Di Vaio, di <em>Figli del Bronx produzioni<\/em>, con la quale ha prodotto i docufilm <em><a href=\"https:\/\/it.wikipedia.org\/w\/index.php?title=Radici_(film_2011)&amp;action=edit&amp;redlink=1\">Radici<\/a><\/em> con protagonista <a href=\"https:\/\/it.wikipedia.org\/wiki\/Enzo_Gragnaniello\">Enzo Gragnaniello<\/a>, <em>Magma<\/em> sui contadini delle tammurriate vesuviane. E il corto <em>Ciao mamma<\/em> per &#8220;L&#8217;altra faccia di Gomorra&#8221;. Insegna Teoria e Metodo dei Mass Media e Storia del Cinema nelle accademie di belle Arti di Brera a Milano e di Napoli. <strong>Insegna dal 2009 Teoria e Metodo dei Mass Media e Regia Cinematografica, Storia del Cinema e Cinematografia , rispettivamente nelle Accademie di Belle Arti di Brera a Milano,<\/strong> nella Sironi di Sassari e nell&#8217;Accademia di Belle Arti di Napoli e ha diretto alcuni episodi della soap \u201cUn posto al sole\u201d. Ha collaborato dal 2011 al 2016 con Il Sole 24ore per cui dirige e produce le due rubriche settimanali on line Parlamento 24 e Focus 24. \u00a0Ha realizzato nel 2015 \u201cMagma\u201d, sui contadini delle paranze di Somma Vesuviana. E&#8217; uscito nel 2019\u00a0 il nuovo film\u00a0 \u201cIl ladro di cardellini\u201d.<\/p>\n<p><strong>Filmografia<\/strong><\/p>\n<p>\u201cPittura a mano armata\u201d, doc &#8211; Ita 2000<\/p>\n<p>\u201cIl Cinema Salato\u201d, doc &#8211; Ita 2001<\/p>\n<p>\u201cCapo Nord\u201d , Film &#8211; Ita 2003<\/p>\n<p>\u201cCardilli Addolorati\u201d, doc \u2013 Ita 2005<\/p>\n<p>\u201cSotto la stessa Luna\u201d, Film \u2013 Ita 2006<\/p>\n<p>\u201cPiano \u2013 Forte\u201d , cortometraggio \u2013 Ita 2009<\/p>\n<p>\u201cRadici\u201d, doc \u2013 Ita 20011<\/p>\n<p>\u201cCiao Mamma\u201d, cortometraggio \u2013 Ita 2014<\/p>\n<p>\u201cMagma\u201d Ita 2015<\/p>\n<p>\u201cIl ladro di cardellini\u201d Ita 2019<\/p>\n<p>&nbsp;<\/p>\n<p><strong>Carlo Franza<\/strong><\/p>\n","protected":false},"excerpt":{"rendered":"<p><p>Figura singolare della produzione cinematografica italiana, Carlo Luglio (Napoli 1967)\u00a0 \u00e8 da qualche tempo attivo sul fronte culturale ad accendere\u00a0 non solo stimoli novelli e storie di vita, attraverso pellicole originali, sperimentali, d\u2019Avanguardia\u00a0 e \u00a0indipendenti, ma anche strategie di lavoro per dare cornice a tradizioni del Sud, approcci antropologici e\u00a0 ampi sguardi di sociologia. \u00a0\u00a0Impegnato com\u2019\u00e8\u00a0 sia nella produzione di film, non ultimo il suo\u00a0 \u201cIl ladro di cardellini\u201d ( presentato all\u2019Anteo di Milano il 29 ottobre 2020), che nella docenza all\u2019Accademia di Belle Arti di Brera a Milano, lascia vivere \u00a0nei suoi lavori\u00a0 una lettura ante litteram del suo [&hellip;]<\/p>\n&nbsp;&nbsp;<div class=\"readmore\"><a href=\"https:\/\/blog.ilgiornale.it\/franza\/2020\/10\/19\/intervista-al-regista-carlo-luglio-produttore-di-film-sperimentali-e-indipendenti\/\">Continua a leggere...<\/a><\/div><\/p>","protected":false},"author":1009,"featured_media":0,"comment_status":"open","ping_status":"closed","sticky":false,"template":"","format":"standard","meta":[],"categories":[44800,59281,9894,10357,44545,44441,87,13460,28340,23335,26,28369,51665,4625,44754],"tags":[386428,59480,409203,409204,409205],"_links":{"self":[{"href":"https:\/\/blog.ilgiornale.it\/franza\/wp-json\/wp\/v2\/posts\/20663"}],"collection":[{"href":"https:\/\/blog.ilgiornale.it\/franza\/wp-json\/wp\/v2\/posts"}],"about":[{"href":"https:\/\/blog.ilgiornale.it\/franza\/wp-json\/wp\/v2\/types\/post"}],"author":[{"embeddable":true,"href":"https:\/\/blog.ilgiornale.it\/franza\/wp-json\/wp\/v2\/users\/1009"}],"replies":[{"embeddable":true,"href":"https:\/\/blog.ilgiornale.it\/franza\/wp-json\/wp\/v2\/comments?post=20663"}],"version-history":[{"count":4,"href":"https:\/\/blog.ilgiornale.it\/franza\/wp-json\/wp\/v2\/posts\/20663\/revisions"}],"predecessor-version":[{"id":20678,"href":"https:\/\/blog.ilgiornale.it\/franza\/wp-json\/wp\/v2\/posts\/20663\/revisions\/20678"}],"wp:attachment":[{"href":"https:\/\/blog.ilgiornale.it\/franza\/wp-json\/wp\/v2\/media?parent=20663"}],"wp:term":[{"taxonomy":"category","embeddable":true,"href":"https:\/\/blog.ilgiornale.it\/franza\/wp-json\/wp\/v2\/categories?post=20663"},{"taxonomy":"post_tag","embeddable":true,"href":"https:\/\/blog.ilgiornale.it\/franza\/wp-json\/wp\/v2\/tags?post=20663"}],"curies":[{"name":"wp","href":"https:\/\/api.w.org\/{rel}","templated":true}]}}