{"id":20796,"date":"2020-10-31T20:35:13","date_gmt":"2020-10-31T20:35:13","guid":{"rendered":"https:\/\/blog.ilgiornale.it\/franza\/?p=20796"},"modified":"2020-10-31T22:28:33","modified_gmt":"2020-10-31T22:28:33","slug":"il-frisa-bistro-di-milano-e-al-top-come-ristorante-giovane-e-creativo-di-ricerca-e-di-tendenza-vera-eccellenza-del-gusto-che-ha-conquistato-il-titolo-di-azienda-dellanno-2020","status":"publish","type":"post","link":"https:\/\/blog.ilgiornale.it\/franza\/2020\/10\/31\/il-frisa-bistro-di-milano-e-al-top-come-ristorante-giovane-e-creativo-di-ricerca-e-di-tendenza-vera-eccellenza-del-gusto-che-ha-conquistato-il-titolo-di-azienda-dellanno-2020\/","title":{"rendered":"Il Fris\u00e0-Bistro\u2019 di Milano \u00e8 al top, come  ristorante giovane e creativo, di ricerca e di tendenza. Vera eccellenza del gusto che ha conquistato il titolo di  Azienda dell\u2019Anno 2020."},"content":{"rendered":"<p><strong><a href=\"https:\/\/blog.ilgiornale.it\/franza\/files\/2020\/10\/9edc01d4-101d-440a-afe9-71e005057c1d-e1604175534797.jpg\"><img loading=\"lazy\" class=\"alignleft size-full wp-image-20797\" src=\"https:\/\/blog.ilgiornale.it\/franza\/files\/2020\/10\/9edc01d4-101d-440a-afe9-71e005057c1d-e1604175534797.jpg\" alt=\"\" width=\"424\" height=\"282\" \/><\/a>Il quartiere Isola a Milano, una volta quartiere popolare, \u00e8 da qualche decennio luogo di gallerie d\u2019arte, di studi di artisti, di celebrata movida milanese \u00a0e di \u00a0rinomatissimi \u00a0spazi legati al food. Fra questi il celeberrimo Fris\u00e0 <a href=\"https:\/\/blog.ilgiornale.it\/franza\/files\/2020\/10\/86738709_145876343548606_9065083400867545088_o.jpg\"><img loading=\"lazy\" class=\" wp-image-20798 alignright\" src=\"https:\/\/blog.ilgiornale.it\/franza\/files\/2020\/10\/86738709_145876343548606_9065083400867545088_o.jpg\" alt=\"\" width=\"278\" height=\"494\" srcset=\"https:\/\/blog.ilgiornale.it\/franza\/files\/2020\/10\/86738709_145876343548606_9065083400867545088_o.jpg 405w, https:\/\/blog.ilgiornale.it\/franza\/files\/2020\/10\/86738709_145876343548606_9065083400867545088_o-169x300.jpg 169w\" sizes=\"(max-width: 278px) 100vw, 278px\" \/><\/a>Bistr\u00f2, \u00a0\u00a0in Via Alserio al 3, inaugurato da Paride Sans\u00f2 nel dicembre 2019.<\/strong> Vi sono transitato\u00a0 accompagnato da amici\u00a0 e devo dirvi che per l\u2019accoglienza e il gusto non si pu\u00f2 fare a meno di tornarvi. Non \u00e8 il solito buon cibo, qui vale il cibo come esperienza culturale, il cibo come comunicazione,\u00a0 il cibo come cultura, il cibo come simbolo, il cibo come arte, il cibo come scuola di vita.\u00a0 <strong>Paride Sans\u00f2 ha messo in piedi\u00a0 il food policy, ovvero una straordianria politica alimentare per la citt\u00e0, che parte al mattino con la colazione, poi il pranzo, l\u2019apericena e la cena, e ogni altro evento capace di far vivere un food and Artshow, e per finire l\u2019asporto\u00a0 Fris\u00e0\u00a0 con il piatto preferito che arriva a casa\u00a0 per far scoprire\u00a0 sempre meglio i migliori sapori salentini.<\/strong>\u00a0 Nel giro di pochi mesi dall\u2019apertura, nonostante la chiusura della Pandemia\u00a0 Covid 19, <strong>il patron chef\u00a0 Paride Sans\u00f2 \u00a0unitamente ai figli Samuele e Gabriele, \u00e8 riuscito a mettere in piedi\u00a0 in questo luogo dove il decalogo del gusto fa vivere anzitutto una fiamma di ospitalit\u00e0,<\/strong> <strong>grazie anche agli <a href=\"https:\/\/blog.ilgiornale.it\/franza\/files\/2020\/10\/IMG_9099.jpg\"><img loading=\"lazy\" class=\"alignleft wp-image-20800\" src=\"https:\/\/blog.ilgiornale.it\/franza\/files\/2020\/10\/IMG_9099.jpg\" alt=\"\" width=\"387\" height=\"560\" srcset=\"https:\/\/blog.ilgiornale.it\/franza\/files\/2020\/10\/IMG_9099.jpg 828w, https:\/\/blog.ilgiornale.it\/franza\/files\/2020\/10\/IMG_9099-207x300.jpg 207w, https:\/\/blog.ilgiornale.it\/franza\/files\/2020\/10\/IMG_9099-708x1024.jpg 708w, https:\/\/blog.ilgiornale.it\/franza\/files\/2020\/10\/IMG_9099-768x1111.jpg 768w\" sizes=\"(max-width: 387px) 100vw, 387px\" \/><\/a>artisti pittori che qui vi espongono\u00a0 &#8211; da ultimo Giuliano Grittini con le sue Marylin e i ritratti della poetessa Alda Merini-<\/strong>\u00a0 e soprattutto\u00a0 non\u00a0 manca quel super men\u00f9 che tutto cercano e spesso non trovano. E\u2019 vero che a Milano non mancano i locali pugliesi, ma vi assicuro che il Fris\u00e0 Bistr\u00f2 merito un voto in pi\u00f9 \u00a0per l\u2019eccellenza, tanto che una Giuria illustrissima di giornalisti \u00a0e intellettuali di chiara fama dopo averne analizzato tutti i meriti \u00a0gli ha fatto assegnare\u00a0 -la cerimonia sar\u00e0 a dicembre- il Premio delle Arti-Premio della Cultura\u00a0 Edizione XXXII -Milano 2020\u00a0 proprio come Azienda dell\u2019Anno 2020. Un traguardo che spetta a Paride Sans\u00f2\u00a0 che da anni ormai su Milano si \u00a0\u00e8 dedicato, ancor prima di aprire in Via Alserio 3, \u00a0a location\u00a0 del food\u00a0 con estrema signorilit\u00e0, avendo appreso dal padre Marcello Sans\u00f2, autore del famosissimo libro \u201c Il manuale del barista\u201d edito da Rizzoli, la lezione della ristorazione come culto del buon gusto. <strong>Dice: \u201cNon mi definisco un barman,mi definisco un profumatore\u201d.<\/strong> Buonissima la cucina che qui si gusta realmente, grazie a <strong>una trama gastronomica\u00a0 espressa in poche voci, ma decisamente profonda e speziata, una antologia <a href=\"https:\/\/blog.ilgiornale.it\/franza\/files\/2020\/10\/IMG_9084.jpg\"><img loading=\"lazy\" class=\" wp-image-20801 alignright\" src=\"https:\/\/blog.ilgiornale.it\/franza\/files\/2020\/10\/IMG_9084.jpg\" alt=\"\" width=\"432\" height=\"271\" srcset=\"https:\/\/blog.ilgiornale.it\/franza\/files\/2020\/10\/IMG_9084.jpg 828w, https:\/\/blog.ilgiornale.it\/franza\/files\/2020\/10\/IMG_9084-300x188.jpg 300w, https:\/\/blog.ilgiornale.it\/franza\/files\/2020\/10\/IMG_9084-768x481.jpg 768w\" sizes=\"(max-width: 432px) 100vw, 432px\" \/><\/a>pugliese\u00a0 di piatti\u00a0 tipici, con voci popolari di esplicita origine salentina; strascinati lunghi alla gallipolina ( pomodorini con polpo cozze cannolicchi e patate), Taieddha ( riso \u00a0con pomodorini sedano cozze patate e pecorino), Purea di fave con cicorie, Polpo in pignatta con patate. Tra i &#8220;primi&#8221;\u00a0 da gustare ancora orecchiette al sugo con ricotta scanta, cavatelli alla pignata di rag\u00f9 con lampascioni, cavatelli alla salentina, maccheroni con speck\u00a0 cicoria e carciofi. Tra i &#8220;secondi&#8221;, carne alla pizzaiola, arrosto con patate, pezzetti di\u00a0 carne al sugo, straccetti di carne con porcini, purea di fave e cime con crostoni di pancetta.<\/strong> E mi fermo qui, perch\u00e9 il Salento da moltissimi \u00e8 stato conosciuto nelle estati scorse, il tacco d\u2019Italia \u00e8 stato preso di mira dal turismo italiano e no<a href=\"https:\/\/blog.ilgiornale.it\/franza\/files\/2020\/10\/IMG_9087.jpg\"><img loading=\"lazy\" class=\"alignleft wp-image-20802\" src=\"https:\/\/blog.ilgiornale.it\/franza\/files\/2020\/10\/IMG_9087.jpg\" alt=\"\" width=\"287\" height=\"388\" srcset=\"https:\/\/blog.ilgiornale.it\/franza\/files\/2020\/10\/IMG_9087.jpg 400w, https:\/\/blog.ilgiornale.it\/franza\/files\/2020\/10\/IMG_9087-222x300.jpg 222w\" sizes=\"(max-width: 287px) 100vw, 287px\" \/><\/a>n.<strong> Tutti pazzi per il Salento: anche per la cucina.<\/strong> E se molti italiani la considerano genericamente pugliese, in realt\u00e0 questa cucina ha la sua cifra \u00a0colta\u00a0 proprio nell\u2019esaltare al massimo il concetto di cucina povera, frutto di tradizioni centenarie e di prodotti, provenienti, <a href=\"https:\/\/blog.ilgiornale.it\/franza\/files\/2020\/10\/IMG_9092.jpg\"><img loading=\"lazy\" class=\" wp-image-20803 alignright\" src=\"https:\/\/blog.ilgiornale.it\/franza\/files\/2020\/10\/IMG_9092.jpg\" alt=\"\" width=\"398\" height=\"299\" srcset=\"https:\/\/blog.ilgiornale.it\/franza\/files\/2020\/10\/IMG_9092.jpg 533w, https:\/\/blog.ilgiornale.it\/franza\/files\/2020\/10\/IMG_9092-300x225.jpg 300w\" sizes=\"(max-width: 398px) 100vw, 398px\" \/><\/a>soprattutto, dalle campagne. Ai piatti contribuiscono il pesce dell\u2019Adriatico e un po\u2019 di carne, preferibilmente di cavallo.\u00a0 Il Salento \u00e8 anche \u00a0il regno della verdura coltivata o selvatica, che qui al Fris\u00e0 si gusta alla grande. <strong>Lo chef del\u00a0 famosissimo\u00a0 ristorante salentino Fris\u00e0 Bistr\u00f2\u00a0 a Milano <\/strong><strong>nel lungo elenco di specialit\u00e0 da assaggiare per i neofiti del Salento, \u00a0consiglia la \u201cfrisa\u201d- da qui il nome del locale- \u00a0(un biscotto di grano duro) con il pomodoro, \u00a0poi lo sciuttidu che \u00e8 la gustosa peperonata locale, \u00a0le cicureddhe cu le fave nette (cicorie selvatiche con purea di fave) e infine la paparina e paparotta. Vi sembra poco?\u00a0 Per ogni voce del men\u00f9, dalla carne alla brace alla puccia croccante fuori e morbida dentro \u00e8 \u00a0proposto un abbinamento di vini\u00a0 pugliesi, primitivi e non solo, raffinatissimi, tanto che il palato ne conserva per giorni il profumo. \u00a0<\/strong><\/p>\n<p>Mi \u00e8 bastato\u00a0 dare un\u2019occhiata a questo locale per capire che si trattava di <strong>un\u2019eccellenza, un unicum senza pari,\u00a0 fin dall\u2019arredo, grandi spazi interni ed esterni, un bancone stile revival, tavoli di legno attraversati da tovagliette, uno scenario elegante, quasi severo\u00a0 nel suo minimalismo,<\/strong> <strong>che attira allo stesso modo della simpatia del patron chef\u00a0 Paride\u00a0 e dei figli che vi servono a tavola. <\/strong><\/p>\n<p>Il concetto di \u201cFris\u00e0 Bistr\u00f3\u201d nasce da una lunga e mirata \u00a0esperienza nel settore ristorativo e alberghiero data la lunga e continua ricerca non solo dei prodotti enogastronomici ma anche dal desiderio \u00a0di voler dare consulenza \u00a0anche a chi abbia\u00a0 intenzione di mettersi in gioco nell\u2019ambito di questo settore. <strong>Paride Sans\u00f3 ha creato\u00a0 con \u201cFris\u00e0 Bistr\u00f2\u201dil suo gioiello di ristorazione<\/strong> <strong>che vive\u00a0 anche di tradizione familiare<\/strong>\u00a0 grazie\u00a0 all\u2019esperienza del padre\u00a0 che ha certificato il passato soprattutto al Camparino in Galleria del Duomo;\u00a0 <strong>oggi Paride e figli nella loro location, richiestissima, per via del Salento style, certificano \u00a0e incorniciano il loro ristorante di ricerca e tendenza, frequentato,\u00a0 anzi frequentatissimo da personaggi di ogni et\u00e0, giovani\u00a0 e non, ma tutto con il desiderio di ritornare a gustare una cucina\u00a0 che\u00a0 certo \u00a0fa vivere a lungo. <\/strong><\/p>\n<p><strong><em>Carlo Franza <\/em><\/strong><\/p>\n","protected":false},"excerpt":{"rendered":"<p><p>Il quartiere Isola a Milano, una volta quartiere popolare, \u00e8 da qualche decennio luogo di gallerie d\u2019arte, di studi di artisti, di celebrata movida milanese \u00a0e di \u00a0rinomatissimi \u00a0spazi legati al food. Fra questi il celeberrimo Fris\u00e0 Bistr\u00f2, \u00a0\u00a0in Via Alserio al 3, inaugurato da Paride Sans\u00f2 nel dicembre 2019. Vi sono transitato\u00a0 accompagnato da amici\u00a0 e devo dirvi che per l\u2019accoglienza e il gusto non si pu\u00f2 fare a meno di tornarvi. Non \u00e8 il solito buon cibo, qui vale il cibo come esperienza culturale, il cibo come comunicazione,\u00a0 il cibo come cultura, il cibo come simbolo, il cibo [&hellip;]<\/p>\n&nbsp;&nbsp;<div class=\"readmore\"><a href=\"https:\/\/blog.ilgiornale.it\/franza\/2020\/10\/31\/il-frisa-bistro-di-milano-e-al-top-come-ristorante-giovane-e-creativo-di-ricerca-e-di-tendenza-vera-eccellenza-del-gusto-che-ha-conquistato-il-titolo-di-azienda-dellanno-2020\/\">Continua a leggere...<\/a><\/div><\/p>","protected":false},"author":1009,"featured_media":0,"comment_status":"open","ping_status":"closed","sticky":false,"template":"","format":"standard","meta":[],"categories":[59281,9894,10357,44441,87,35351,28340,26,17505,28369,51665],"tags":[59480,409272,409271,409275,409274,409268,409269,35202,409270,409276,409273],"_links":{"self":[{"href":"https:\/\/blog.ilgiornale.it\/franza\/wp-json\/wp\/v2\/posts\/20796"}],"collection":[{"href":"https:\/\/blog.ilgiornale.it\/franza\/wp-json\/wp\/v2\/posts"}],"about":[{"href":"https:\/\/blog.ilgiornale.it\/franza\/wp-json\/wp\/v2\/types\/post"}],"author":[{"embeddable":true,"href":"https:\/\/blog.ilgiornale.it\/franza\/wp-json\/wp\/v2\/users\/1009"}],"replies":[{"embeddable":true,"href":"https:\/\/blog.ilgiornale.it\/franza\/wp-json\/wp\/v2\/comments?post=20796"}],"version-history":[{"count":2,"href":"https:\/\/blog.ilgiornale.it\/franza\/wp-json\/wp\/v2\/posts\/20796\/revisions"}],"predecessor-version":[{"id":20805,"href":"https:\/\/blog.ilgiornale.it\/franza\/wp-json\/wp\/v2\/posts\/20796\/revisions\/20805"}],"wp:attachment":[{"href":"https:\/\/blog.ilgiornale.it\/franza\/wp-json\/wp\/v2\/media?parent=20796"}],"wp:term":[{"taxonomy":"category","embeddable":true,"href":"https:\/\/blog.ilgiornale.it\/franza\/wp-json\/wp\/v2\/categories?post=20796"},{"taxonomy":"post_tag","embeddable":true,"href":"https:\/\/blog.ilgiornale.it\/franza\/wp-json\/wp\/v2\/tags?post=20796"}],"curies":[{"name":"wp","href":"https:\/\/api.w.org\/{rel}","templated":true}]}}