{"id":21189,"date":"2020-12-03T20:17:37","date_gmt":"2020-12-03T20:17:37","guid":{"rendered":"https:\/\/blog.ilgiornale.it\/franza\/?p=21189"},"modified":"2020-12-03T20:17:37","modified_gmt":"2020-12-03T20:17:37","slug":"dante-nel-settecentesimo-anniversario-della-morte-dante-gli-occhi-e-la-mente-e-il-progetto-in-tre-mostre-che-fa-conoscere-il-padre-della-lingua-italiana-da-diverse-prospettive","status":"publish","type":"post","link":"https:\/\/blog.ilgiornale.it\/franza\/2020\/12\/03\/dante-nel-settecentesimo-anniversario-della-morte-dante-gli-occhi-e-la-mente-e-il-progetto-in-tre-mostre-che-fa-conoscere-il-padre-della-lingua-italiana-da-diverse-prospettive\/","title":{"rendered":"Dante  nel Settecentesimo anniversario della morte.  \u201cDante. Gli occhi e la mente\u201d  \u00e8 il progetto in tre mostre che fa conoscere il padre della lingua italiana  da diverse prospettive."},"content":{"rendered":"<p><strong><a href=\"https:\/\/blog.ilgiornale.it\/franza\/files\/2020\/12\/01-Maestro-della-Croce-434-San-Francesco-riceve-le-stimmate-tempera-e-oro-su-tavola-81x51cm-1250-circa.-150x150-1.jpg\"><img loading=\"lazy\" class=\"size-full wp-image-21192 alignright\" src=\"https:\/\/blog.ilgiornale.it\/franza\/files\/2020\/12\/01-Maestro-della-Croce-434-San-Francesco-riceve-le-stimmate-tempera-e-oro-su-tavola-81x51cm-1250-circa.-150x150-1.jpg\" alt=\"\" width=\"150\" height=\"150\" \/><\/a><a href=\"https:\/\/blog.ilgiornale.it\/franza\/files\/2020\/12\/DANTE-Chini.jpg\"><img loading=\"lazy\" class=\"alignleft  wp-image-21198\" src=\"https:\/\/blog.ilgiornale.it\/franza\/files\/2020\/12\/DANTE-Chini.jpg\" alt=\"\" width=\"510\" height=\"255\" srcset=\"https:\/\/blog.ilgiornale.it\/franza\/files\/2020\/12\/DANTE-Chini.jpg 770w, https:\/\/blog.ilgiornale.it\/franza\/files\/2020\/12\/DANTE-Chini-300x150.jpg 300w, https:\/\/blog.ilgiornale.it\/franza\/files\/2020\/12\/DANTE-Chini-768x384.jpg 768w\" sizes=\"(max-width: 510px) 100vw, 510px\" \/><\/a>Il Comune di Ravenna, l\u2019Assessorato alla cultura e il MAR \u2013 Museo d\u2019Arte della citt\u00e0 di Ravenna in occasione del Settecentesimo anniversario della morte di Dante Alighieri, presentano il progetto espositivo \u201cDante. Gli occhi e la mente\u201d. Un progetto, articolato in tre mostre, partito a settembre 2020 e visitabile \u00a0fino a luglio 2021, presso la Biblioteca Classense, la chiesa di San Romualdo e il MAR, che indaga la figura di Dante Alighieri da diverse prospettive.<\/strong> La prima, da settembre 2020 presso la Biblioteca Classense, \u00e8 un percorso di documentazione storica, \u201cInclusa est flamma. Ravenna 1921: il Secentenario della morte di Dante\u201d a cura di Benedetto Gugliotta, responsabile dell\u2019ufficio valorizzazione della Biblioteca Classense. Un\u2019esposizione che ricorda il VI centenario dantesco del 1921, inaugurato l\u2019anno prima alla presenza del Ministro della Pubblica Istruzione Benedetto Croce. Saranno esposti in mostra libri, manifesti, fotografie, dipinti, manoscritti e numerosi oggetti d\u2019arte conferiti come omaggio a Dante e alla citt\u00e0 \u201cultimo <a href=\"https:\/\/blog.ilgiornale.it\/franza\/files\/2020\/12\/4.-e1607025362626.jpg\"><img loading=\"lazy\" class=\" wp-image-21195 alignright\" src=\"https:\/\/blog.ilgiornale.it\/franza\/files\/2020\/12\/4.-e1607025362626.jpg\" alt=\"\" width=\"320\" height=\"460\" \/><\/a>rifugio\u201d del poeta oltre al manifesto del VI centenario realizzato dall\u2019artista Galileo Chini e i celebri sacchi contenenti foglie di alloro donati da Gabriele D\u2019Annunzio alla Tomba di Dante con i disegni di Adolfo De Carolis. Parallelamente alla mostra nel Corridoio grande, nella Manica lunga della Classense, \u00e8 <strong>ospitata l\u2019esposizione \u201cIl Dante di Guerrini\u201d<\/strong> con una sezione <a href=\"https:\/\/blog.ilgiornale.it\/franza\/files\/2020\/12\/3.jpeg\"><img loading=\"lazy\" class=\"alignleft  wp-image-21194\" src=\"https:\/\/blog.ilgiornale.it\/franza\/files\/2020\/12\/3.jpeg\" alt=\"\" width=\"326\" height=\"471\" srcset=\"https:\/\/blog.ilgiornale.it\/franza\/files\/2020\/12\/3.jpeg 1172w, https:\/\/blog.ilgiornale.it\/franza\/files\/2020\/12\/3-208x300.jpeg 208w, https:\/\/blog.ilgiornale.it\/franza\/files\/2020\/12\/3-709x1024.jpeg 709w, https:\/\/blog.ilgiornale.it\/franza\/files\/2020\/12\/3-768x1109.jpeg 768w, https:\/\/blog.ilgiornale.it\/franza\/files\/2020\/12\/3-1063x1536.jpeg 1063w\" sizes=\"(max-width: 326px) 100vw, 326px\" \/><\/a>di disegni danteschi dell\u2019artista ravennate Giovanni Guerrini a cura di Daniela Poggiali, responsabile delle collezioni grafiche della Biblioteca. <strong>La seconda mostra in<\/strong> <strong>programma \u201cLe Arti al tempo dell\u2019esilio\u201d, <\/strong>a cura di Massimo Medica, direttore dei Musei civici d\u2019Arte Antica di Bologna, si svolge presso la chiesa di San Romualdo dal mese di marzo fino al luglio 2021. Una mostra il cui progetto scientifico rivela lo spaccato culturale e artistico del tempo di Dante, mettendo in relazione la pittura e la scultura con la miniatura, le opere di oreficeria e i tessuti. La mostra, inoltre, \u00e8 parte di un percorso espositivo territoriale di cui Ravenna \u00e8 capofila e che esalta i luoghi d\u2019arte legati all\u2019esilio del poeta tra l\u2019Emilia-Romagna, la Toscana, le Marche e l\u2019Umbria. Sono presenti in mostra opere dei pi\u00f9 importanti artisti del tempo di Dante provenienti dai pi\u00f9 prestigiosi musei nazionali e internazionali. Il percorso espositivo, seguendo le tracce dell\u2019esilio dantesco, si apre, ovviamente, con l\u2019imponente scultura di Bonifacio VIII di Manno Bandini da Siena, alta pi\u00f9 di due metri, in prestito dal Museo civico medievale di Bologna che, con un accordo di collaborazione con il Museo d\u2019Arte della citt\u00e0, ospiter\u00e0 al suo posto un\u2019opera a mosaico del mosaicista ravennate Marco De Luca, consolidando, cos\u00ec, il rapporto con la citt\u00e0 di Ravenna capitale del mosaico non solo bizantino ma anche contemporaneo. Con la Galleria degli Uffizi il Comune di Ravenna ha avviato una collaborazione che vede la mostra come parte di un percorso espositivo in un circuito che coinvolge anche la citt\u00e0 di Forl\u00ec con la mostra dedicata a Dante Alighieri che si svolge presso i Musei di San Domenico. Gli importanti prestiti alla mostra ravennate \u00a0presentati in una conferenza stampa alla presenza del direttore della Galleria degli Uffizi Eike Schmidt. In virt\u00f9 della collaborazione pluriennale con la Galleria degli Uffizi di Firenze, il museo vede in prestito un nucleo di opere d\u2019arte ottocentesche per la Casa Dante di Ravenna con \u00a0una sezione espositiva dedicata al sommo poeta. Il museo, inoltre, partecipa ogni anno all\u2019Annuale dantesco con il prestito di un\u2019opera d\u2019arte dedicata a Dante Alighieri e un incontro di approfondimento. <strong>La terza mostra \u201cUn\u2019epopea pop\u201d, a cura di Giuseppe <a href=\"https:\/\/blog.ilgiornale.it\/franza\/files\/2020\/12\/occhi-mente-e1598946688746.jpeg\"><img loading=\"lazy\" class=\" wp-image-21197 alignright\" src=\"https:\/\/blog.ilgiornale.it\/franza\/files\/2020\/12\/occhi-mente-e1598946688746.jpeg\" alt=\"\" width=\"416\" height=\"284\" srcset=\"https:\/\/blog.ilgiornale.it\/franza\/files\/2020\/12\/occhi-mente-e1598946688746.jpeg 700w, https:\/\/blog.ilgiornale.it\/franza\/files\/2020\/12\/occhi-mente-e1598946688746-300x204.jpeg 300w\" sizes=\"(max-width: 416px) 100vw, 416px\" \/><\/a>Antonelli, professore ordinario di Linguistica Italiana all\u2019Universit\u00e0 di Pavia e nota firma del Corriere della Sera, si svolger\u00e0 al MAR<\/strong> \u2013 Museo d\u2019Arte della citt\u00e0 e mostrer\u00e0 la fortuna popolare della figura di Dante Alighieri, che attraversa i secoli e i generi espressivi. Un racconto che presenter\u00e0 testimonianze letterarie, grafiche e artistiche, fotografiche e cinematografiche, musicali e commerciali legate al Sommo Poeta, con centinaia di oggetti espositivi, dai manoscritti del Trecento fino agli articoli di merchandising. Una narr<a href=\"https:\/\/blog.ilgiornale.it\/franza\/files\/2020\/12\/02-Giotto-Polittico-di-Badia-tempera-su-tavola-142x337cm-1300-circa.-2.jpg\"><img loading=\"lazy\" class=\"alignleft  wp-image-21196\" src=\"https:\/\/blog.ilgiornale.it\/franza\/files\/2020\/12\/02-Giotto-Polittico-di-Badia-tempera-su-tavola-142x337cm-1300-circa.-2.jpg\" alt=\"\" width=\"475\" height=\"199\" srcset=\"https:\/\/blog.ilgiornale.it\/franza\/files\/2020\/12\/02-Giotto-Polittico-di-Badia-tempera-su-tavola-142x337cm-1300-circa.-2.jpg 1181w, https:\/\/blog.ilgiornale.it\/franza\/files\/2020\/12\/02-Giotto-Polittico-di-Badia-tempera-su-tavola-142x337cm-1300-circa.-2-300x126.jpg 300w, https:\/\/blog.ilgiornale.it\/franza\/files\/2020\/12\/02-Giotto-Polittico-di-Badia-tempera-su-tavola-142x337cm-1300-circa.-2-1024x429.jpg 1024w, https:\/\/blog.ilgiornale.it\/franza\/files\/2020\/12\/02-Giotto-Polittico-di-Badia-tempera-su-tavola-142x337cm-1300-circa.-2-768x322.jpg 768w\" sizes=\"(max-width: 475px) 100vw, 475px\" \/><\/a>azione filologica che mostrer\u00e0 il nome di Dante, le sue parole, il suo inconfondibile profilo usato come marchio commerciale e in chiave pubblicitaria (come nella celebre affiche della Olivetti); il Dante personaggio nelle trame di libri, film, trasmissioni televisive, fumetti, comics e manga, videogiochi. Legato alla mostra un ricco programma di eventi collaterali.<br \/>\nIntrecciato alla mostra un percorso d\u2019arte contemporanea, a cura di Giorgia Salerno, responsabile del coordinamento culturale del MAR. Una voce fuori campo che vedr\u00e0 le opere di artisti contemporanei scelte in attinenza concettuale a riferimenti danteschi con temi guida come le anime, il viaggio e la figura femminile. In mostra importanti artisti e artiste del panorama internazionale con un nome di punta dell\u2019arte italiana, Edoardo Tresoldi, che realizzer\u00e0 una grande architettura ispirata al Castello degli spiriti magni per il chiostro del museo. Non mancheranno, inoltre, con la scelta di valorizzare il patrimonio del museo stesso, opere della collezione permanente. Per la promozione delle mostre \u00e8 stato affidato l\u2019incarico alla societ\u00e0 Zeranta Edutainment Srl di produrre una piattaforma web con i virtual tour di tutte le m<a href=\"https:\/\/blog.ilgiornale.it\/franza\/files\/2020\/12\/108151-2.jpg\"><img loading=\"lazy\" class=\" wp-image-21202 alignright\" src=\"https:\/\/blog.ilgiornale.it\/franza\/files\/2020\/12\/108151-2.jpg\" alt=\"\" width=\"431\" height=\"323\" srcset=\"https:\/\/blog.ilgiornale.it\/franza\/files\/2020\/12\/108151-2.jpg 600w, https:\/\/blog.ilgiornale.it\/franza\/files\/2020\/12\/108151-2-300x225.jpg 300w\" sizes=\"(max-width: 431px) 100vw, 431px\" \/><\/a>ostre e diversi approfondimenti e focus che sar\u00e0 possibile consultare online e utilizzare come guida dei percorsi espositivi. <strong>Dal 10 ottobre 2020, inoltre, aperta al MAR la mostra \u201cPaolo Roversi \u2013 Studio Luce\u201d con il prezioso contributo di<a href=\"https:\/\/blog.ilgiornale.it\/franza\/files\/2020\/12\/1.-e1607025574235.jpg\"><img loading=\"lazy\" class=\"alignleft  wp-image-21200\" src=\"https:\/\/blog.ilgiornale.it\/franza\/files\/2020\/12\/1.-e1607025574235.jpg\" alt=\"\" width=\"298\" height=\"625\" \/><\/a> Christian Dior Couture, Dauphin e Pirelli e costituisce un\u2019occasione unica per conoscere il lavoro del grande fotografo ravennate, trasferitosi in Francia nel 1973.<\/strong> In occasione del Settecentesimo anniversario della morte di Dante Alighieri, \u00e8 presente un\u2019ampia selezione di scatti che celebrano la figura della \u201cmusa\u201d, una reinterpretazione contemporanea della figura di Beatrice della Divina Commedia, qui incarnata da donne iconiche come Kate Moss, Naomi Campbell e Rihanna. Anche per la mostra di Paolo Roversi \u00e8 in produzione il virtual tour consultabile dal sito del museo. Con l\u2019avvio delle celebrazioni dantesche, inoltre, il fotografo Paolo Roversi, prima firma italiana del Calendario Pirelli, realizza, per la sua citt\u00e0 natale una serie di scatti dedicati ai luoghi danteschi e per l\u2019Annuale Alex Majoli, presidente dell\u2019agenzia Magnum Photos dal 2011 al 2014 e a cui il MAR ha gi\u00e0 dedicato una grande mostra antologica con lavori inediti nel 2018, sar\u00e0 il regista del video delle celebrazioni.<\/p>\n<p>Si tratta della prima di tre mostre che compongono Il progetto espositivo <strong><em>Dante. Gli occhi e la <\/em>mente, <\/strong>ideato dal Comune di Ravenna &#8211; Assessorato alla cultura, dal MAR &#8211; Museo d\u2019Arte della citt\u00e0 di Ravenna e dalla Biblioteca Classense in occasione del 700\u00b0 anniversario della morte di Dante Alighieri. Le mostre si svolgono da settembre 2020 fino a luglio 2021 presso il MAR, la chiesa di San Romualdo e la Classense. <strong><em>Inclusa est flamma. Ravenna 1921: il Secentenario della morte di Dante<\/em><\/strong>, a cura di Benedetto Gugliotta, responsabile dell\u2019Ufficio Tutela e Valorizzazione della Biblioteca Classense, \u00e8 un percorso di documentazione storica che ha il suo nucleo centrale nelle celebrazioni nazionali per il VI centenario dantesco del 1921, inaugurate l\u2019anno prima proprio in Classense alla presenza del Ministro della Pubblica Istruzione Benedetto Croce. Sono esposti libri, manifesti, fotografie, dipinti, manoscritti e numerosi oggetti d&#8217;arte conferiti come omaggio a Dante e alla citt\u00e0 &#8220;ultimo rifugio&#8221; del poeta. Ciascuno degli oggetti, testimonianze della storia \u201cufficiale\u201d, offrir\u00e0 spunti per raccontare anche storie particolari, spesso sconosciute al grande pubblico e a volte sorprendenti.<\/p>\n<p>Il Secentenario del 1921 fu preceduto da altri momenti celebrativi di valenza nazionale, come per esempio le <strong>\u201cFeste dantesche\u201d del settembre 1908<\/strong>, organizzate dalla Societ\u00e0 Dantesca Italiana, che riunirono a Ravenna rappresentanti di citt\u00e0 e territori allora sotto la sovranit\u00e0 dell\u2019Impero asburgico. In quell\u2019anno si ritrovarono in un fraterno abbraccio Ravenna, Firenze, Trieste, Trento e le citt\u00e0 della Venezia Giulia, dell\u2019Istria e della Dalmazia che dopo la Grande Guerra completarono l\u2019Unit\u00e0 d\u2019Italia fino al Golfo del Quarnero. <strong>Nacque in quell\u2019occasione la <em>Cerimonia dell\u2019olio<\/em><\/strong>, in cui annualmente\u00a0 Firenze offre l\u2019olio destinato ad ardere nella lampada all\u2019interno della tomba, simbolico atto di espiazione per l\u2019esilio inflitto al poeta. E fu proprio nel settembre 1908 che venne presentata al pubblico la <strong>Collezione Dantesca Olschki<\/strong>, uno dei fondi bibliografici a soggetto dantesco pi\u00f9 importanti al mondo. Acquisita nel 1905 dal libraio antiquario ed editore Leo Samuel Olschki, \u00e8 ricca di oltre 4.000 volumi alcuni dei quali molto rari. Grazie alla collaborazione con la Casa editrice Olschki e con il Centro Dantesco dei Frati Minori Conventuali di Ravenna, \u00e8\u00a0 possibile vedere riuniti due esemplari di un\u2019edizione pregiatissima e a tiratura limitata (solo 306 esemplari) della <em>Commedia<\/em>, insieme al <strong>manoscritto autografo<\/strong> del proemio, scritto da <strong>Gabriele D\u2019Annunzio<\/strong>. Si tratta dell\u2019edizione celebrativa per i 50 anni dell\u2019Unit\u00e0 d\u2019Italia (1911). La copia prestata da Olschki (l\u2019altra \u00e8 della biblioteca) \u00e8 <strong>stampata su pergamena<\/strong> poi miniata e ha una <strong>legatura con borchie d\u2019argento<\/strong>: un monumento dell\u2019arte tipografica, stampata in soli 6 esemplari.<\/p>\n<p>\u00c8 stata inoltre<a href=\"https:\/\/blog.ilgiornale.it\/franza\/files\/2020\/12\/5a6d4ea24122b1a34ad4ffe6f35983e7-2-890x500-1.jpg\"><img loading=\"lazy\" class=\"alignleft  wp-image-21203\" src=\"https:\/\/blog.ilgiornale.it\/franza\/files\/2020\/12\/5a6d4ea24122b1a34ad4ffe6f35983e7-2-890x500-1.jpg\" alt=\"\" width=\"479\" height=\"269\" srcset=\"https:\/\/blog.ilgiornale.it\/franza\/files\/2020\/12\/5a6d4ea24122b1a34ad4ffe6f35983e7-2-890x500-1.jpg 890w, https:\/\/blog.ilgiornale.it\/franza\/files\/2020\/12\/5a6d4ea24122b1a34ad4ffe6f35983e7-2-890x500-1-300x169.jpg 300w, https:\/\/blog.ilgiornale.it\/franza\/files\/2020\/12\/5a6d4ea24122b1a34ad4ffe6f35983e7-2-890x500-1-768x431.jpg 768w\" sizes=\"(max-width: 479px) 100vw, 479px\" \/><\/a> stabilita una collaborazione con l\u2019Archivio Chini di Lido di Camaiore (LU), custode della memoria di <strong>Galileo Chini<\/strong> (1873-1956), forse il maggior interprete italiano dello stile Liberty. <strong>\u00c8 lui l\u2019autore del manifesto ufficiale del Secentenario, di grande formato (cm 200&#215;150) recentemente restaurato ed esposto a Ravenna per la prima volta dopo il 1921. Oltre a quanto gi\u00e0 citato, tra i pezzi pi\u00f9 importanti in mostra sono visibili il modello in bronzo del monumento di Dante a Trento<\/strong>, <strong>realizzato da Cesare Zocchi nel 1896<\/strong>; <strong><em>Dante nella pineta<\/em><\/strong> e <strong><em>I funerali di Dante<\/em><\/strong>, <strong>opere del triestino Carlo Wostry (1865-1943) <\/strong>e <strong>i celebri sacchi donati da<\/strong> <strong>Gabriele D\u2019Annunzio<\/strong> <strong>e decorati da<\/strong> <strong>Adolfo De <\/strong>Carolis <strong>col motto \u201cInclusa est flamma\u201d (\u201cla fiamma \u00e8 all\u2019interno\u201d) che d\u00e0 il titolo alla mostra.<\/strong> <strong>I sacchi in tela di juta, contenenti foglie di alloro in omaggio a Dante, furono trasportati in aereo a Ravenna da tre aviatori che avevano partecipato a famose imprese militari di D\u2019Annunzio, come il volo su Vienna del 1918 o l\u2019Impresa di Fiume. Il Vate stabil\u00ec un parallelo tra la fiamma che ardeva sulla tomba di Dante e la fiamma perenne che veniva custodita presso il santuario di Apollo a Delfi, considerato dagli antichi Greci il cuore vivo della loro civilt\u00e0. Una simbologia iniziatica che intendeva rappresentare Dante visto come profeta della Nazione oltre che padre della lingua italiana.\u00a0<\/strong> A scandire il percorso saranno diversi <strong>Albi di firme della Tomba di Dante e della Classense<\/strong>, che raccolgono autografi di visitatori e visitatrici illustri ma anche di comuni cittadini e cittadine che, tra XIX e XX secolo, intendevano testimoniare i loro sentimenti durante la visita al sepolcro di Dante. Curiosi, su tutti, <strong>gli autografi di papa Pio IX, che trascrisse dei versi danteschi ma non lasci\u00f2 firma,<\/strong> e di quell\u2019anonima fiorentina che, scossa dai sensi di colpa, chiese perdono al poeta quasi fosse stata lei stessa, cinque o sei secoli prima, a decretarne l\u2019esilio dalla sua citt\u00e0 natale. Un calendario di eventi e iniziative collaterali, curati insieme alla Fondazione Alfredo Oriani di Ravenna e all\u2019Istituto Storico per la Resistenza e l\u2019Et\u00e0 contemporanea della Provincia di Ravenna, approfondir\u00e0 di volta in volta alcuni aspetti del percorso espositivo.<\/p>\n<p><strong>Carlo Franza <\/strong><\/p>\n<p>&nbsp;<\/p>\n","protected":false},"excerpt":{"rendered":"<p><p>Il Comune di Ravenna, l\u2019Assessorato alla cultura e il MAR \u2013 Museo d\u2019Arte della citt\u00e0 di Ravenna in occasione del Settecentesimo anniversario della morte di Dante Alighieri, presentano il progetto espositivo \u201cDante. Gli occhi e la mente\u201d. Un progetto, articolato in tre mostre, partito a settembre 2020 e visitabile \u00a0fino a luglio 2021, presso la Biblioteca Classense, la chiesa di San Romualdo e il MAR, che indaga la figura di Dante Alighieri da diverse prospettive. La prima, da settembre 2020 presso la Biblioteca Classense, \u00e8 un percorso di documentazione storica, \u201cInclusa est flamma. Ravenna 1921: il Secentenario della morte di [&hellip;]<\/p>\n&nbsp;&nbsp;<div class=\"readmore\"><a href=\"https:\/\/blog.ilgiornale.it\/franza\/2020\/12\/03\/dante-nel-settecentesimo-anniversario-della-morte-dante-gli-occhi-e-la-mente-e-il-progetto-in-tre-mostre-che-fa-conoscere-il-padre-della-lingua-italiana-da-diverse-prospettive\/\">Continua a leggere...<\/a><\/div><\/p>","protected":false},"author":1009,"featured_media":0,"comment_status":"open","ping_status":"closed","sticky":false,"template":"","format":"standard","meta":[],"categories":[108264,44662,9894,409339,392155,41684,53794,41640,44545,44441,87,44560,17030,35407,44697,26,47,35185,17505,35188,28369,51665,4625,44598],"tags":[339736,13297,411955,355195,411956],"_links":{"self":[{"href":"https:\/\/blog.ilgiornale.it\/franza\/wp-json\/wp\/v2\/posts\/21189"}],"collection":[{"href":"https:\/\/blog.ilgiornale.it\/franza\/wp-json\/wp\/v2\/posts"}],"about":[{"href":"https:\/\/blog.ilgiornale.it\/franza\/wp-json\/wp\/v2\/types\/post"}],"author":[{"embeddable":true,"href":"https:\/\/blog.ilgiornale.it\/franza\/wp-json\/wp\/v2\/users\/1009"}],"replies":[{"embeddable":true,"href":"https:\/\/blog.ilgiornale.it\/franza\/wp-json\/wp\/v2\/comments?post=21189"}],"version-history":[{"count":1,"href":"https:\/\/blog.ilgiornale.it\/franza\/wp-json\/wp\/v2\/posts\/21189\/revisions"}],"predecessor-version":[{"id":21204,"href":"https:\/\/blog.ilgiornale.it\/franza\/wp-json\/wp\/v2\/posts\/21189\/revisions\/21204"}],"wp:attachment":[{"href":"https:\/\/blog.ilgiornale.it\/franza\/wp-json\/wp\/v2\/media?parent=21189"}],"wp:term":[{"taxonomy":"category","embeddable":true,"href":"https:\/\/blog.ilgiornale.it\/franza\/wp-json\/wp\/v2\/categories?post=21189"},{"taxonomy":"post_tag","embeddable":true,"href":"https:\/\/blog.ilgiornale.it\/franza\/wp-json\/wp\/v2\/tags?post=21189"}],"curies":[{"name":"wp","href":"https:\/\/api.w.org\/{rel}","templated":true}]}}