{"id":21466,"date":"2020-12-27T19:13:27","date_gmt":"2020-12-27T19:13:27","guid":{"rendered":"https:\/\/blog.ilgiornale.it\/franza\/?p=21466"},"modified":"2020-12-28T10:47:12","modified_gmt":"2020-12-28T10:47:12","slug":"basta-con-litalianglish-e-tempo-di-autarchia-linguistica-riappropriamoci-della-lingua-di-dante-ovvero-dellitaliano","status":"publish","type":"post","link":"https:\/\/blog.ilgiornale.it\/franza\/2020\/12\/27\/basta-con-litalianglish-e-tempo-di-autarchia-linguistica-riappropriamoci-della-lingua-di-dante-ovvero-dellitaliano\/","title":{"rendered":"Basta  con l\u2019Italianglish. E\u2019 tempo di  autarchia linguistica. Riappropriamoci della lingua di Dante, ovvero dell\u2019Italiano."},"content":{"rendered":"<p><strong><a href=\"https:\/\/blog.ilgiornale.it\/franza\/files\/2020\/12\/1608037533777.jpg\"><img loading=\"lazy\" class=\"alignleft wp-image-21467\" src=\"https:\/\/blog.ilgiornale.it\/franza\/files\/2020\/12\/1608037533777.jpg\" alt=\"\" width=\"394\" height=\"394\" srcset=\"https:\/\/blog.ilgiornale.it\/franza\/files\/2020\/12\/1608037533777.jpg 750w, https:\/\/blog.ilgiornale.it\/franza\/files\/2020\/12\/1608037533777-300x300.jpg 300w, https:\/\/blog.ilgiornale.it\/franza\/files\/2020\/12\/1608037533777-150x150.jpg 150w\" sizes=\"(max-width: 394px) 100vw, 394px\" \/><\/a>L\u2019inglese a scuola, l\u2019inglese nella musica, l\u2019inglese nelle lezioni universitarie (vedi il Politecnico di Milano), <a href=\"https:\/\/blog.ilgiornale.it\/franza\/files\/2020\/12\/unnamed-5.jpg\"><img loading=\"lazy\" class=\" wp-image-21468 alignright\" src=\"https:\/\/blog.ilgiornale.it\/franza\/files\/2020\/12\/unnamed-5.jpg\" alt=\"\" width=\"432\" height=\"324\" srcset=\"https:\/\/blog.ilgiornale.it\/franza\/files\/2020\/12\/unnamed-5.jpg 512w, https:\/\/blog.ilgiornale.it\/franza\/files\/2020\/12\/unnamed-5-300x225.jpg 300w\" sizes=\"(max-width: 432px) 100vw, 432px\" \/><\/a>l\u2019inglese nel lavoro, l\u2019inglese nelle relazioni e nella comunicazione, l\u2019inglese negli uffici stampa, l\u2019inglese nei giornali, l\u2019inglese\u2026. Basta con quest\u2019inglese. Ma la lingua italiana si parla ancora in Italia? E gli italiani conoscono ancora la lingua italiana? Poi questo governo Conte\u00a0 a trazione PD -Cinquestelle, Leu e oltre,\u00a0 ha dato il via, a tambur battente, \u00a0a termini inglesi in occasione della Pandemia da Covid 19<\/strong>.\u00a0\u00a0 E\u2019 cos\u00ec che oggi\u00a0 si usano \u00a0termini inglesi per indicare\u00a0 azioni e il da farsi, <strong>ecco \u201clockdown\u201d anzich\u00e9 \u201cconfinamento\u201d, \u201cRecovery fund\u201d al posto di \u201cfondi per la ripresa\u201d.<\/strong> Ma non tutti sanno \u00a0che in molti casi queste espressioni sono usate pure in maniera sbagliata, <strong>cos\u00ec il \u00a0\u201cJob Act\u201d che Renzi ha spinto in alto, \u00a0a Londra sarebbe \u201cEmployement Act\u201d e anche il \u201ccashback\u201d \u00a0di cui si gloria Conte, non ha il significato di rimborso che gli hanno \u00a0appena affibbiato.<\/strong><\/p>\n<p>Italiano meticciato, italiano contaminato da altre lingue, e molti sono convinti che se da una parte \u00e8 un attacco totale alla <a href=\"https:\/\/blog.ilgiornale.it\/franza\/files\/2020\/12\/VF9UBSGE86BA.jpg\"><img loading=\"lazy\" class=\" wp-image-21470 alignright\" src=\"https:\/\/blog.ilgiornale.it\/franza\/files\/2020\/12\/VF9UBSGE86BA.jpg\" alt=\"\" width=\"518\" height=\"267\" srcset=\"https:\/\/blog.ilgiornale.it\/franza\/files\/2020\/12\/VF9UBSGE86BA.jpg 1024w, https:\/\/blog.ilgiornale.it\/franza\/files\/2020\/12\/VF9UBSGE86BA-300x155.jpg 300w, https:\/\/blog.ilgiornale.it\/franza\/files\/2020\/12\/VF9UBSGE86BA-768x396.jpg 768w\" sizes=\"(max-width: 518px) 100vw, 518px\" \/><\/a> nostra lingua e alla sua estinzione, dall\u2019altra\u00a0 \u00e8 sintomo di vitalit\u00e0. \u00a0E\u2019 certo che la verit\u00e0 \u00e8 nel mezzo per\u00a0 vivere invece nell\u2019utilizzo di un inglese laddove \u00e8 necessario e non per seguire le mode e darsi delle arie\u00a0\u00a0 da supercolti.\u00a0 Dobbiamo ritornare a vivere la profondit\u00e0 della nostra lingua e della nostra patria, la lingua di Dante, perch\u00e9 la nostra lingua \u00e8 carica di mille significati\u00a0 e il mostro idioma ha mille sfaccettature, mille risvolti. <a href=\"https:\/\/blog.ilgiornale.it\/franza\/files\/2020\/12\/00e7056ec788d5b42162a6c13dbba43c_XL.jpg\"><img loading=\"lazy\" class=\"alignleft wp-image-21469\" src=\"https:\/\/blog.ilgiornale.it\/franza\/files\/2020\/12\/00e7056ec788d5b42162a6c13dbba43c_XL.jpg\" alt=\"\" width=\"417\" height=\"278\" srcset=\"https:\/\/blog.ilgiornale.it\/franza\/files\/2020\/12\/00e7056ec788d5b42162a6c13dbba43c_XL.jpg 900w, https:\/\/blog.ilgiornale.it\/franza\/files\/2020\/12\/00e7056ec788d5b42162a6c13dbba43c_XL-300x200.jpg 300w, https:\/\/blog.ilgiornale.it\/franza\/files\/2020\/12\/00e7056ec788d5b42162a6c13dbba43c_XL-768x512.jpg 768w\" sizes=\"(max-width: 417px) 100vw, 417px\" \/><\/a>Il vocabolario della lingua italiana\u00a0 \u00e8 un archivio sconfinato di sinonimi ed espressioni\u00a0 che rischiano di diventare desuete a causa di un utilizzo non solo sbrigativo \u00a0e basilare, occorre per l\u2019appunto fare ricorso a\u00a0 mille risvolti che sottendono\u00a0 a ogni singola parola. \u00a0<strong>Dicevamo che in questo periodo impazzano termini come <\/strong><strong>\u00a0il <\/strong><strong>\u201clockdown\u201d e il \u201crecovery fund\u201d,\u00a0 poi sono arrivati\u00a0 il \u201ccashback\u201d e il \u201ccashless\u201d di cui si \u00e8 reso lupus in fabula Giuseppe Conte Presidente del Consiglio nonostante manifesti nel parlare ancora il suo intercalare foggiano di Volturara Appula. Ma il degrado della lingua italiana sta marciando a gonfie vele.\u00a0 <\/strong><\/p>\n<p>In Europa siamo l\u2019unico Paese di lingua neolatina che sta rinunciando a rendere nella bellissima e millenaria lingua nazionale le<a href=\"https:\/\/blog.ilgiornale.it\/franza\/files\/2020\/12\/Home_latino_quotidiano1.jpg\"><img loading=\"lazy\" class=\" wp-image-21471 alignright\" src=\"https:\/\/blog.ilgiornale.it\/franza\/files\/2020\/12\/Home_latino_quotidiano1.jpg\" alt=\"\" width=\"398\" height=\"179\" srcset=\"https:\/\/blog.ilgiornale.it\/franza\/files\/2020\/12\/Home_latino_quotidiano1.jpg 536w, https:\/\/blog.ilgiornale.it\/franza\/files\/2020\/12\/Home_latino_quotidiano1-300x135.jpg 300w\" sizes=\"(max-width: 398px) 100vw, 398px\" \/><\/a> espressioni prese a prestito dall\u2019inglese. Non lo\u00a0 fa la\u00a0 Francia, non lo fa\u00a0 la Spagna, non lo fa il\u00a0 Portogallo,\u00a0 essi\u00a0 traducono sempre nelle loro lingue i vocaboli proposti dalla lingua globale, l\u2019inglese imposto urbi et <a href=\"https:\/\/blog.ilgiornale.it\/franza\/files\/2020\/12\/cropped-Copy-of-Untitled-Design.jpg\"><img loading=\"lazy\" class=\"alignleft wp-image-21472\" src=\"https:\/\/blog.ilgiornale.it\/franza\/files\/2020\/12\/cropped-Copy-of-Untitled-Design.jpg\" alt=\"\" width=\"471\" height=\"265\" srcset=\"https:\/\/blog.ilgiornale.it\/franza\/files\/2020\/12\/cropped-Copy-of-Untitled-Design.jpg 888w, https:\/\/blog.ilgiornale.it\/franza\/files\/2020\/12\/cropped-Copy-of-Untitled-Design-300x169.jpg 300w, https:\/\/blog.ilgiornale.it\/franza\/files\/2020\/12\/cropped-Copy-of-Untitled-Design-768x432.jpg 768w\" sizes=\"(max-width: 471px) 100vw, 471px\" \/><\/a>orba da un governo\u00a0 ombra massonico e mondiale. L\u2019inglese anche se viene proposto, non certo viene imposto, e dunque sta a noi e soprattutto ai nostro governanti, Conte \u00a0in testa\u00a0 -nonostante Di Maio non conosca \u00a0l\u2019inglese pur essendo Ministro degli Esteri- \u00a0utilizzarlo\u00a0 pi\u00f9 o meno, in piena libert\u00e0. Termini inglesi proposti, appunto, ma non imposti da nessuno. <strong>Si deve solo al provincialismo e alla sudditanza della classe dirigente che oggi abbiamo in Italia e badate bene, non solo politica, ma purtroppo anche giornalistica, economica e culturale<\/strong>, se solo in <a href=\"https:\/\/blog.ilgiornale.it\/franza\/files\/2020\/12\/4d13d001f98ec9c893bb190e10ca1e8c.jpg\"><img loading=\"lazy\" class=\"wp-image-21473 alignright\" src=\"https:\/\/blog.ilgiornale.it\/franza\/files\/2020\/12\/4d13d001f98ec9c893bb190e10ca1e8c.jpg\" alt=\"\" width=\"285\" height=\"524\" srcset=\"https:\/\/blog.ilgiornale.it\/franza\/files\/2020\/12\/4d13d001f98ec9c893bb190e10ca1e8c.jpg 736w, https:\/\/blog.ilgiornale.it\/franza\/files\/2020\/12\/4d13d001f98ec9c893bb190e10ca1e8c-163x300.jpg 163w, https:\/\/blog.ilgiornale.it\/franza\/files\/2020\/12\/4d13d001f98ec9c893bb190e10ca1e8c-557x1024.jpg 557w\" sizes=\"(max-width: 285px) 100vw, 285px\" \/><\/a>Italia abbiamo deciso di\u00a0 annullare \u00a0e umiliare la nostra lingua amata in tutto il mondo. Il termine <strong>itanglese<\/strong> (o <strong>itangliano<\/strong>, o <strong>italiese<\/strong>) viene definito dal dizionario Hoepli come\u00a0 \u201cla lingua italiana usata in certi contesti ed ambienti, caratterizzata da un ricorso frequente ed arbitrario a termini e locuzioni inglesi\u201d. In modo analogo a quanto accaduto con fenomeni simili\u00a0 -certo minori che da noi- in altre lingue \u2013 i cosiddetti\u00a0 spanglish, franglais e denglish (anche <em>denglisch<\/em> o <em>germish<\/em>), per citare i pi\u00f9 noti \u2013 lo sviluppo dell&#8217;itanglese ha suscitato l&#8217;interesse dell&#8217; opinione pubblica e dei linguisti.<\/p>\n<p>L&#8217;itanglese non ha risparmiato alcun aspetto della vita, ma gli esempi pi\u00f9 evidenti si possono riscontrare in ambito aziendale e nei linguaggi settoriali, dove, oltre al consistente utilizzo di parole inglesi, anche quando l&#8217;italiano prevede una o pi\u00f9 valide alternative, sono stati coniati veri e propri neologismi, ibridi fra le due lingue, usati come tecnicismi.<\/p>\n<ul>\n<li><strong><em>Schedulare<\/em><\/strong><strong>, da &#8220;<em>to schedule<\/em>&#8220;, che sostituisce l&#8217;italiano &#8220;pianificare, programmare&#8221;<\/strong><\/li>\n<li><strong><em>Splittare<\/em><\/strong><strong>, da &#8220;<em>to split<\/em>&#8220;, al posto di &#8220;dividere (in parti)&#8221;<\/strong><\/li>\n<li><strong><em>Switchare<\/em><\/strong><strong>, da &#8220;<em>to switch<\/em>&#8220;, al posto di &#8220;commutare&#8221; e talvolta anche &#8220;scambiare&#8221;<\/strong><\/li>\n<li><strong><em>Bypassare<\/em><\/strong><strong>, da &#8220;<em>to bypass<\/em>&#8220;, come sostituto di &#8220;aggirare&#8221;<\/strong><\/li>\n<li><strong><em>Matchare<\/em><\/strong><strong>, da &#8220;<em>to match<\/em>&#8220;, come sostituto di &#8220;abbinare, appaiare&#8221;<\/strong><\/li>\n<li><strong><em>Quittare<\/em><\/strong><strong>, da &#8220;<em>to quit<\/em>&#8220;, al posto di &#8220;uscire, chiudere&#8221;<\/strong><\/li>\n<li><strong><em>Buyare<\/em><\/strong><strong>, da &#8220;<em>to buy<\/em>&#8220;, &#8220;comprare&#8221;<\/strong><\/li>\n<li><strong><em>Implementare<\/em><\/strong><strong>, da &#8220;<em>to implement<\/em>&#8220;, &#8220;attuare&#8221;, &#8220;porre in opera&#8221;<\/strong><\/li>\n<li><strong><em>Killare<\/em><\/strong><strong>, da &#8220;<em>to kill<\/em>&#8220;, &#8220;uccidere&#8221;, &#8220;terminare&#8221;<\/strong><\/li>\n<li><strong><em>Bootare<\/em><\/strong><strong>, da &#8220;<em>to boot<\/em>&#8220;, in informatica, &#8220;avviare il sistema<\/strong>&#8220;<\/li>\n<li><strong><em>Startare<\/em><\/strong><strong>, da &#8220;<em>to start<\/em>&#8220;, &#8220;iniziare&#8221;, &#8220;cominciare&#8221;<\/strong><\/li>\n<\/ul>\n<p><a href=\"https:\/\/blog.ilgiornale.it\/franza\/files\/2020\/12\/unnamed.png\"><img loading=\"lazy\" class=\" wp-image-21475 alignright\" src=\"https:\/\/blog.ilgiornale.it\/franza\/files\/2020\/12\/unnamed.png\" alt=\"\" width=\"350\" height=\"285\" srcset=\"https:\/\/blog.ilgiornale.it\/franza\/files\/2020\/12\/unnamed.png 431w, https:\/\/blog.ilgiornale.it\/franza\/files\/2020\/12\/unnamed-300x244.png 300w\" sizes=\"(max-width: 350px) 100vw, 350px\" \/><\/a><\/p>\n<p><a href=\"https:\/\/blog.ilgiornale.it\/franza\/files\/2020\/12\/ffntedbzkua21-e1609095768796.png\"><img loading=\"lazy\" class=\"alignleft wp-image-21474\" src=\"https:\/\/blog.ilgiornale.it\/franza\/files\/2020\/12\/ffntedbzkua21-e1609095768796.png\" alt=\"\" width=\"312\" height=\"356\" \/><\/a>Basta lockdown: c\u2019\u00e8 il confinamento. Al diavolo il recovery fund, l\u2019Europa ci ha gi\u00e0 assegnato i fondi di recupero o a scelta (l\u2019italiano d\u00e0 sempre libert\u00e0 di scelta), fondi per la ripresa. Che ce ne facciamo del cashback, se disponiamo del rimborso, del denaro di ritorno, dei soldi indietro? N\u00e9 rischiamo il cashless: siamo gi\u00e0 senza contanti. E badate bene, \u00a0non occorre mobilitare le istituzioni preposte (dall\u2019Accademia della Crusca alla Societ\u00e0 Dante Alighieri, agli Istituti Italiani di Cultura nel mondo),\u00a0 basta confrontare in rete come gli altri rendano nelle loro lingue quel che noi beviamo, ubriacandoci, dall\u2019inglese. Con l\u2019ulteriore affronto -povero Shakespeare- dell\u2019imbarazzante pronuncia. \u201cRecovery fund\u201d in bocca a molti politici diventa un comico \u201crecovery found\u201d, \u00a0a dimostrazione\u00a0 cio\u00e8 che non sanno proprio ci\u00f2 di cui parlano. \u00a0Siamo l\u2019unica nazione che da tempo ha denominato \u201cquestion time\u201d uno degli atti pi\u00f9 importanti del suo Parlamento. Senza che nessuno richieda l\u2019ora delle domande.<\/p>\n<p><strong>Sveglia italiani, e la sveglia va data anche ai politici, a Conte,\u00a0 Di Maio, Renzi, Speranza, Boccia, Zingaretti\u00a0 &#8211; e ai loro addetti tipo Arcuri e Casalino-, ci metto anche Salvini e la Meloni. E inoltre, gli intelletttuali tutti &#8211; visto che <a href=\"https:\/\/blog.ilgiornale.it\/franza\/files\/2020\/12\/unnamed.jpgttt.jpg\"><img loading=\"lazy\" class=\" wp-image-21476 alignright\" src=\"https:\/\/blog.ilgiornale.it\/franza\/files\/2020\/12\/unnamed.jpgttt.jpg\" alt=\"\" width=\"231\" height=\"331\" srcset=\"https:\/\/blog.ilgiornale.it\/franza\/files\/2020\/12\/unnamed.jpgttt.jpg 348w, https:\/\/blog.ilgiornale.it\/franza\/files\/2020\/12\/unnamed.jpgttt-209x300.jpg 209w\" sizes=\"(max-width: 231px) 100vw, 231px\" \/><\/a>oggi son tutti pronti a scrivere libri che io molto spesso cestinerei- che aspetta l\u2019intellighenzia italiana a sollevarsi contro l\u2019insopportabile esterofilia tipica di chi \u00a0spesso non parla altre lingue? Chi,\u00a0 infatti, non le conosce \u00a0si pavoneggia in italiano con l\u2019inglese maccheronico.<\/strong><\/p>\n<p><a href=\"https:\/\/blog.ilgiornale.it\/franza\/files\/2020\/12\/corso_lingua_italiana-e1609095874357.jpg\"><img loading=\"lazy\" class=\"alignleft wp-image-21477\" src=\"https:\/\/blog.ilgiornale.it\/franza\/files\/2020\/12\/corso_lingua_italiana-e1609095874357.jpg\" alt=\"\" width=\"419\" height=\"236\" \/><\/a>Qui non si chiede l\u2019autarchia linguistica tout court, ma smettiamola di non usare bene a\u00a0 modo la lingua italiana. \u00a0Le lingue sono ricche anche perch\u00e9 da secoli vivono di contaminazioni. Dobbiamo assolutamente, semplicemente,\u00a0 fare uso delle parole in italiano ogniqualvolta ci\u00f2 sia possibile. Vedrete, anzi lo scoprirete \u00a0che \u00e8 possibile sempre. \u00a0Formiamo una catena di amanti della lingua italiana. Vi assicuro che siamo in tanti. E finiamoli con questi stranieri &#8211; \u00e8 il caso del calciatore-\u00a0 che si comprava l\u2019esame \u00a0e il diploma dell\u2019uso della lingua all\u2019Universit\u00e0 per stranieri di Perugia, senza conoscere una parola di italiano..\u00a0 Ci sono di esempio Francia, Spagna e Portogallo. <strong>In italiano con dolcezza nel settecentesimo anniversario di Dante. Questo anniversario pu\u00f2 essere un segnale. Occorre che parta <\/strong>\u00a0\u00a0<strong>un\u2019iniziativa di politici e giornalisti &#8211; ad iniziare da noi de Il Giornale-, direttori di giornale e scrittori, cantanti e artisti per porre \u00a0fine all\u2019abuso avvilente di termini che attentano alla nostra lingua, termini che, oltretutto, danneggiano\u00a0 la\u00a0 comunicazione\u00a0\u00a0 chiara \u00a0e comprensibile<\/strong>. Alziamo tutti, ripeto tutti,\u00a0 la voce, a gran voce\u00a0 disseminiamo la lingua italiana, lingua d\u2019Italia e del mondo.<\/p>\n<p><strong>Carlo Franza <\/strong><\/p>\n","protected":false},"excerpt":{"rendered":"<p><p>L\u2019inglese a scuola, l\u2019inglese nella musica, l\u2019inglese nelle lezioni universitarie (vedi il Politecnico di Milano), l\u2019inglese nel lavoro, l\u2019inglese nelle relazioni e nella comunicazione, l\u2019inglese negli uffici stampa, l\u2019inglese nei giornali, l\u2019inglese\u2026. Basta con quest\u2019inglese. Ma la lingua italiana si parla ancora in Italia? E gli italiani conoscono ancora la lingua italiana? Poi questo governo Conte\u00a0 a trazione PD -Cinquestelle, Leu e oltre,\u00a0 ha dato il via, a tambur battente, \u00a0a termini inglesi in occasione della Pandemia da Covid 19.\u00a0\u00a0 E\u2019 cos\u00ec che oggi\u00a0 si usano \u00a0termini inglesi per indicare\u00a0 azioni e il da farsi, ecco \u201clockdown\u201d anzich\u00e9 \u201cconfinamento\u201d, \u201cRecovery [&hellip;]<\/p>\n&nbsp;&nbsp;<div class=\"readmore\"><a href=\"https:\/\/blog.ilgiornale.it\/franza\/2020\/12\/27\/basta-con-litalianglish-e-tempo-di-autarchia-linguistica-riappropriamoci-della-lingua-di-dante-ovvero-dellitaliano\/\">Continua a leggere...<\/a><\/div><\/p>","protected":false},"author":1009,"featured_media":0,"comment_status":"open","ping_status":"closed","sticky":false,"template":"","format":"standard","meta":[],"categories":[108264,59281,35499,44662,44545,44441,87,44560,17030,42,44697,26,44756,35185,53833,80448,64,28369,51665,4625,44754],"tags":[65834,53585,78232,51207,398580,52218,412138,72338,412140,406672,17143,355195,412141,6111,412144,14563],"_links":{"self":[{"href":"https:\/\/blog.ilgiornale.it\/franza\/wp-json\/wp\/v2\/posts\/21466"}],"collection":[{"href":"https:\/\/blog.ilgiornale.it\/franza\/wp-json\/wp\/v2\/posts"}],"about":[{"href":"https:\/\/blog.ilgiornale.it\/franza\/wp-json\/wp\/v2\/types\/post"}],"author":[{"embeddable":true,"href":"https:\/\/blog.ilgiornale.it\/franza\/wp-json\/wp\/v2\/users\/1009"}],"replies":[{"embeddable":true,"href":"https:\/\/blog.ilgiornale.it\/franza\/wp-json\/wp\/v2\/comments?post=21466"}],"version-history":[{"count":8,"href":"https:\/\/blog.ilgiornale.it\/franza\/wp-json\/wp\/v2\/posts\/21466\/revisions"}],"predecessor-version":[{"id":21486,"href":"https:\/\/blog.ilgiornale.it\/franza\/wp-json\/wp\/v2\/posts\/21466\/revisions\/21486"}],"wp:attachment":[{"href":"https:\/\/blog.ilgiornale.it\/franza\/wp-json\/wp\/v2\/media?parent=21466"}],"wp:term":[{"taxonomy":"category","embeddable":true,"href":"https:\/\/blog.ilgiornale.it\/franza\/wp-json\/wp\/v2\/categories?post=21466"},{"taxonomy":"post_tag","embeddable":true,"href":"https:\/\/blog.ilgiornale.it\/franza\/wp-json\/wp\/v2\/tags?post=21466"}],"curies":[{"name":"wp","href":"https:\/\/api.w.org\/{rel}","templated":true}]}}