{"id":23621,"date":"2021-07-12T11:24:53","date_gmt":"2021-07-12T11:24:53","guid":{"rendered":"https:\/\/blog.ilgiornale.it\/franza\/?p=23621"},"modified":"2021-07-12T11:32:28","modified_gmt":"2021-07-12T11:32:28","slug":"le-follie-della-globalizzazione-come-uscirne","status":"publish","type":"post","link":"https:\/\/blog.ilgiornale.it\/franza\/2021\/07\/12\/le-follie-della-globalizzazione-come-uscirne\/","title":{"rendered":"Le follie della globalizzazione. Come uscirne."},"content":{"rendered":"<p>Sembrerebbero tutti felici con <a href=\"https:\/\/blog.ilgiornale.it\/franza\/files\/2021\/07\/1625765293036.jpg\"><img loading=\"lazy\" class=\"alignleft wp-image-23622\" src=\"https:\/\/blog.ilgiornale.it\/franza\/files\/2021\/07\/1625765293036.jpg\" alt=\"\" width=\"344\" height=\"429\" srcset=\"https:\/\/blog.ilgiornale.it\/franza\/files\/2021\/07\/1625765293036.jpg 720w, https:\/\/blog.ilgiornale.it\/franza\/files\/2021\/07\/1625765293036-240x300.jpg 240w\" sizes=\"(max-width: 344px) 100vw, 344px\" \/><\/a>questa globalizzazione, ad iniziare dalla Chiesa e dal Papa Bergoglio.\u00a0 L\u2019accoglienza \u00a0ad uso e costume della Chiesa <a href=\"https:\/\/blog.ilgiornale.it\/franza\/files\/2021\/07\/Piccole-per-modo-di-dire_prima-di-copertina-kTIG-835x437@IlSole24Ore-Web.jpg\"><img loading=\"lazy\" class=\" wp-image-23623 alignright\" src=\"https:\/\/blog.ilgiornale.it\/franza\/files\/2021\/07\/Piccole-per-modo-di-dire_prima-di-copertina-kTIG-835x437@IlSole24Ore-Web.jpg\" alt=\"\" width=\"341\" height=\"190\" srcset=\"https:\/\/blog.ilgiornale.it\/franza\/files\/2021\/07\/Piccole-per-modo-di-dire_prima-di-copertina-kTIG-835x437@IlSole24Ore-Web.jpg 762w, https:\/\/blog.ilgiornale.it\/franza\/files\/2021\/07\/Piccole-per-modo-di-dire_prima-di-copertina-kTIG-835x437@IlSole24Ore-Web-300x167.jpg 300w\" sizes=\"(max-width: 341px) 100vw, 341px\" \/><\/a>-compreso anche il PD- \u00a0ha gi\u00e0 stancato l\u2019Europa e maggiormente l\u2019Italia.\u00a0 Ma ascoltate\u00a0 cosa succede. <strong>Una confettura di pere, coltivate in Argentina, confezionate in Tailandia, vendute negli Stati Uniti.\u00a0 <\/strong>Occorre rendersi \u00a0conto\u00a0 che \u00a0la vera rivolta ecologica \u00e8 una lotta seria e profonda alla follia della globalizzazione delle merci, \u00a0altroch\u00e8 \u00a0le auto elettriche e i piatti in cellulosa. Non \u00e8 pi\u00f9 possibile prendere in giro la gente. Occorre essere oggi veramente rivoluzionari. Mi direte, ma come? \u00a0<strong>Comprate soltanto prodotti di prossimit\u00e0 e leggete bene le etichette di provenienza delle materie prime e di confezionamento delle merci. Favorire i prodotti locali non equivale n\u00e9 a nazionalismo n\u00e9 a fascismo n\u00e9 a protezionismo ma \u00e8 soltanto sintomo di intelligenza e rispetto dell&#8217;ambiente.<\/strong><\/p>\n<p>Piccolo \u00e8 bello, si diceva un tempo, per sottolineare come la struttura produttiva italiana, basata su una miriade di piccole imprese, sia stato per decenni l\u2019elemento di forza che ha consentito all\u2019 economia \u00a0italiana di crescere e affermarsi nel modo grazie ai propri brand, all\u2019inventiva e alla <a href=\"https:\/\/blog.ilgiornale.it\/franza\/files\/2021\/07\/end-of-globalization-chart-2.png\"><img loading=\"lazy\" class=\" wp-image-23624 alignright\" src=\"https:\/\/blog.ilgiornale.it\/franza\/files\/2021\/07\/end-of-globalization-chart-2.png\" alt=\"\" width=\"386\" height=\"189\" srcset=\"https:\/\/blog.ilgiornale.it\/franza\/files\/2021\/07\/end-of-globalization-chart-2.png 714w, https:\/\/blog.ilgiornale.it\/franza\/files\/2021\/07\/end-of-globalization-chart-2-300x147.png 300w\" sizes=\"(max-width: 386px) 100vw, 386px\" \/><\/a>capacit\u00e0 di stare sul mercato con prodotti di qualit\u00e0. Poi \u00e8 arrivata la globalizzazione e il gioco si \u00e8 fatto pi\u00f9 duro. La competizione globale ha spazzato via quelle imprese che non sono riuscite a innovare per tempo prodotti e modelli di business. Ma \u00e8 proprio cos\u00ec? La lettura del <strong>saggio pubblicato da Fausto Lupetti editore dal titolo \u201cPiccole per modo di dire\u201d, offre interessanti spunti al riguardo.<\/strong><\/p>\n<p><strong>Paolo Agnelli<\/strong>, presidente del gruppo industriale Alluminio Agnelli e di Confimi Industria (la Confederazione delle industrie manifatturiere italiane) scopre subito le carte, e sciorina <strong>un elenco di imprese italiane che italiane non sono pi\u00f9: Buitoni, Parmalat, Valentino, Peroni, Fiorucci, Fendi, Buolgari, Cova, Poltrone Frau.<\/strong> <strong>Una settantina di marchi storici del Made in Italy, della moda e dell&#8217;agroalimentare che in poco tempo sono passati in mani francesi, arabe, cinesi. \u00c8 il mercato, bellezza!<\/strong><\/p>\n<p><strong>Sveglia italiani, riprendiamoci il nostro e bando a ogni ciarlatano che ci innaffia di parole sul futuro e sulla ragnatela della globalizzazione che ci uccide. <\/strong><\/p>\n<p><strong>Carlo Franza<\/strong><\/p>\n<p>&nbsp;<\/p>\n","protected":false},"excerpt":{"rendered":"<p><p>Sembrerebbero tutti felici con questa globalizzazione, ad iniziare dalla Chiesa e dal Papa Bergoglio.\u00a0 L\u2019accoglienza \u00a0ad uso e costume della Chiesa -compreso anche il PD- \u00a0ha gi\u00e0 stancato l\u2019Europa e maggiormente l\u2019Italia.\u00a0 Ma ascoltate\u00a0 cosa succede. Una confettura di pere, coltivate in Argentina, confezionate in Tailandia, vendute negli Stati Uniti.\u00a0 Occorre rendersi \u00a0conto\u00a0 che \u00a0la vera rivolta ecologica \u00e8 una lotta seria e profonda alla follia della globalizzazione delle merci, \u00a0altroch\u00e8 \u00a0le auto elettriche e i piatti in cellulosa. Non \u00e8 pi\u00f9 possibile prendere in giro la gente. Occorre essere oggi veramente rivoluzionari. Mi direte, ma come? \u00a0Comprate soltanto prodotti [&hellip;]<\/p>\n&nbsp;&nbsp;<div class=\"readmore\"><a href=\"https:\/\/blog.ilgiornale.it\/franza\/2021\/07\/12\/le-follie-della-globalizzazione-come-uscirne\/\">Continua a leggere...<\/a><\/div><\/p>","protected":false},"author":1009,"featured_media":0,"comment_status":"open","ping_status":"closed","sticky":false,"template":"","format":"standard","meta":[],"categories":[108264,41744,136780,59281,87,17030,26,47,64,28369,13541,51665,4625],"tags":[419502,419507,31547,15787,68065,40,419513,419511,419512,419510,44064,946,419514,419505,419509,355195,20690],"_links":{"self":[{"href":"https:\/\/blog.ilgiornale.it\/franza\/wp-json\/wp\/v2\/posts\/23621"}],"collection":[{"href":"https:\/\/blog.ilgiornale.it\/franza\/wp-json\/wp\/v2\/posts"}],"about":[{"href":"https:\/\/blog.ilgiornale.it\/franza\/wp-json\/wp\/v2\/types\/post"}],"author":[{"embeddable":true,"href":"https:\/\/blog.ilgiornale.it\/franza\/wp-json\/wp\/v2\/users\/1009"}],"replies":[{"embeddable":true,"href":"https:\/\/blog.ilgiornale.it\/franza\/wp-json\/wp\/v2\/comments?post=23621"}],"version-history":[{"count":3,"href":"https:\/\/blog.ilgiornale.it\/franza\/wp-json\/wp\/v2\/posts\/23621\/revisions"}],"predecessor-version":[{"id":23627,"href":"https:\/\/blog.ilgiornale.it\/franza\/wp-json\/wp\/v2\/posts\/23621\/revisions\/23627"}],"wp:attachment":[{"href":"https:\/\/blog.ilgiornale.it\/franza\/wp-json\/wp\/v2\/media?parent=23621"}],"wp:term":[{"taxonomy":"category","embeddable":true,"href":"https:\/\/blog.ilgiornale.it\/franza\/wp-json\/wp\/v2\/categories?post=23621"},{"taxonomy":"post_tag","embeddable":true,"href":"https:\/\/blog.ilgiornale.it\/franza\/wp-json\/wp\/v2\/tags?post=23621"}],"curies":[{"name":"wp","href":"https:\/\/api.w.org\/{rel}","templated":true}]}}