{"id":24139,"date":"2021-09-09T21:46:44","date_gmt":"2021-09-09T21:46:44","guid":{"rendered":"https:\/\/blog.ilgiornale.it\/franza\/?p=24139"},"modified":"2021-09-09T21:47:25","modified_gmt":"2021-09-09T21:47:25","slug":"inaugurato-il-murale-be-water-di-cattelan-alla-piscina-cozzi-di-milano-i-simboli-colti-del-fuorisalone-per-il-59-salone-del-mobile-2021","status":"publish","type":"post","link":"https:\/\/blog.ilgiornale.it\/franza\/2021\/09\/09\/inaugurato-il-murale-be-water-di-cattelan-alla-piscina-cozzi-di-milano-i-simboli-colti-del-fuorisalone-per-il-59-salone-del-mobile-2021\/","title":{"rendered":"Inaugurato il murale \u201cBe Water\u201d di Cattelan alla piscina Cozzi di Milano. I simboli colti del Fuorisalone per il 59\u00b0 Salone del Mobile 2021."},"content":{"rendered":"<p><strong><a href=\"https:\/\/blog.ilgiornale.it\/franza\/files\/2021\/09\/2021-09-07-Urbanfile-Milano-Porta-Nuova-Piscina-Cozzi-Maurizio-Cattelan-Be-Water-2-e1631223505447.jpg\"><img loading=\"lazy\" class=\"alignleft wp-image-24140\" src=\"https:\/\/blog.ilgiornale.it\/franza\/files\/2021\/09\/2021-09-07-Urbanfile-Milano-Porta-Nuova-Piscina-Cozzi-Maurizio-Cattelan-Be-Water-2-e1631223505447.jpg\" alt=\"\" width=\"478\" height=\"318\" \/><\/a>Inaugurata la maxi opera murale &#8220;Be Water&#8221; di Cattelan alla piscina Cozzi di Milano. ll gigantesco murale di 246 mq occuper\u00e0 gli spazi della piscina Cozzi in viale Tunisia a Milano fino a settembre 2022. <\/strong>In occasione della Design Week, \u00e8 stata inaugurata alla presenza del sindaco <strong>Giuseppe Sala<\/strong> e dell&#8217;assessore allo Sport<strong> Roberta Guaineri<\/strong> l&#8217;opera <strong>&#8216;Be Water,&#8217;<\/strong> una grande installazione firmata dall&#8217;artista <strong>Maurizio Cattelan<\/strong> e dal fotografo <strong>Pierpaolo Ferrari<\/strong>, che da oggi fino a settembre 2022 occuper\u00e0 gli spazi della piscina Cozzi in viale Tunisia.<a href=\"https:\/\/blog.ilgiornale.it\/franza\/files\/2021\/09\/bbab332960d330e9c1b353ee4efeac14-700x467-1.jpg\"><img loading=\"lazy\" class=\" wp-image-24141 alignright\" src=\"https:\/\/blog.ilgiornale.it\/franza\/files\/2021\/09\/bbab332960d330e9c1b353ee4efeac14-700x467-1.jpg\" alt=\"\" width=\"448\" height=\"299\" srcset=\"https:\/\/blog.ilgiornale.it\/franza\/files\/2021\/09\/bbab332960d330e9c1b353ee4efeac14-700x467-1.jpg 700w, https:\/\/blog.ilgiornale.it\/franza\/files\/2021\/09\/bbab332960d330e9c1b353ee4efeac14-700x467-1-300x200.jpg 300w\" sizes=\"(max-width: 448px) 100vw, 448px\" \/><\/a><\/p>\n<p><strong>Mi occorre subito dire che in quest\u2019opera, come d\u2019altronde in tutte le opere di Maurizio Cattelan, c\u2019\u00e8 un rapporto diretto con la Storia. Tale dato \u00e8 essenziale nel percorso di un\u2019artista. Lo diceva Giulio Carlo Argan, lo ribadisco oggi io in modo ancor pi\u00f9 significante. <\/strong><\/p>\n<p>L&#8217;opera \u00e8 un gigantesco murale di 246 mq che ritrae il volto e le mani di una donna, con le unghie e il rossetto rosso, mentre galleggia in acqua. Il progetto, promosso dal Comune di Milano e Milanosport, \u00e8 realizzato in collaborazione con Desigual, brand di moda spagnolo fondato a Barcellona nel 1984. Il progetto si pone come il primo momento di una partnership creativa tra Desigual e TOILETPAPER magazine. L\u2019attitudine alla sperimentazione senza confini contraddistingue da sempre TOILETPAPER. Be Water \u00e8 nata come una fotografia per il magazine e nella piscina Cozzi ha acquisito una dimensione ambientale, diventando un gigantesco murale (246 mq di superficie dipinta, con una base di circa 30 m e un&#8217;altezza massima di oltre 10 m) che domina il vasto spazio interno della piscina.<\/p>\n<p>\u201cNell&#8217;immagine\u201d, spiega ToiletPaper in una nota, \u201cuna superficie \u201cacquea\u201d riveste totalmente il corpo di una donna distesa, lasciandone emergere solo le mani e il viso. La figura femminile, con una bellezza dal sapore retr\u00f2 data dal rosso acceso del rossetto e dello smalto, rivolge il suo sguardo enigmatico verso lo spettatore, suscitando una percezione di spaesamento legata al suo indecifrabile stato d\u2019animo\u201d.<\/p>\n<p><strong><a href=\"https:\/\/blog.ilgiornale.it\/franza\/files\/2021\/09\/154112467-57cd18e2-d008-4ca5-87a3-78b29d87826c.jpg\"><img loading=\"lazy\" class=\"alignleft wp-image-24142\" src=\"https:\/\/blog.ilgiornale.it\/franza\/files\/2021\/09\/154112467-57cd18e2-d008-4ca5-87a3-78b29d87826c.jpg\" alt=\"\" width=\"507\" height=\"287\" srcset=\"https:\/\/blog.ilgiornale.it\/franza\/files\/2021\/09\/154112467-57cd18e2-d008-4ca5-87a3-78b29d87826c.jpg 735w, https:\/\/blog.ilgiornale.it\/franza\/files\/2021\/09\/154112467-57cd18e2-d008-4ca5-87a3-78b29d87826c-300x170.jpg 300w\" sizes=\"(max-width: 507px) 100vw, 507px\" \/><\/a>Maurizio Cattelan: \u201cLa piscina Cozzi fa parte della mia vita\u201d. Cos\u00ec Cattelan: <\/strong>\u201cLa piscina Cozzi fa parte della mia vita, quando sono a Milano vado l\u00ec tutti i giorni a nuotare\u201d, racconta Maurizio Cattelan. \u201c\u00c8 un luogo a cui sono legato da anni, e quando \u00e8 nata la possibilit\u00e0 di realizzare un progetto per questi spazi, che hanno qualcosa di magico, solenne, si \u00e8 concretizzato un pensiero che diverse volte, durante le mie nuotate in Cozzi, mi ha accompagnato\u201d, ha concluso l&#8217;artista.<\/p>\n<p>\u201cBe Water\u201d \u00e8 un\u2019opera intensa e profondamente coinvolgente che per un anno intero impreziosir\u00e0 la piscina Cozzi, creando uno stupefacente connubio visionario tra sport e arte negli spazi di un simbolo architettonico della nostra citt\u00e0 oltre che il punto di riferimento per il nuoto di tutti i milanesi.<a href=\"https:\/\/blog.ilgiornale.it\/franza\/files\/2021\/09\/opera-cattelan-piscina-cozzi-milano-e1631223629941.jpeg\"><img loading=\"lazy\" class=\"size-full wp-image-24144 alignright\" src=\"https:\/\/blog.ilgiornale.it\/franza\/files\/2021\/09\/opera-cattelan-piscina-cozzi-milano-e1631223629941.jpeg\" alt=\"\" width=\"424\" height=\"283\" \/><\/a><\/p>\n<p><strong>La<\/strong> <strong>piscina comunale coperta Roberto Cozzi<\/strong> <strong>\u00e8 una struttura sportiva coperta sita a Milano, in via Tunisia, inaugurata il 3 maggio 1934. Prima piscina interamente coperta in Italia, \u00e8 opera dell&#8217;ingegnere e architetto Luigi Lorenzo Secchi \u00a0(1899-1992) che aveva edificato pochi anni prima l&#8217;impianto scoperto della Piscina Romano.. La piscina \u00e8 intitolata al militare milanese medaglia d\u2019oro al valor militare Roberto Cozzi (1893- 1918 ). \u00a0Oggi la struttura \u00e8 centro federale della Federazione Italiana Nuoto. La costruzione della piscina coperta Cozzi fu promessa nel luglio 1929 dall&#8217;allora Podest\u00e0 di Milano Giuseppe De Capitani d\u2019Arzago durante la cerimonia di inaugurazione della piscina scoperta Romano. Per volere del podest\u00e0 Marcello Visconti di Modrone, succeduto a Capitani, a quello stesso 1929 risalgono i primi progetti della nuova struttura che sarebbe diventata la pi\u00f9 grande piscina coperta d&#8217;Europa di quei tempi, superando nell&#8217;ampiezza dei saloni e delle vasche le piscine Hallenschwimmbad di \u00a0Berlin-Mitte in Germania e dell&#8217; isola Margherita di<a href=\"https:\/\/blog.ilgiornale.it\/franza\/files\/2021\/09\/be-water-piscina-cozzi-foto-fb-milanosport-2.jpeg\"><img loading=\"lazy\" class=\"alignleft wp-image-24143\" src=\"https:\/\/blog.ilgiornale.it\/franza\/files\/2021\/09\/be-water-piscina-cozzi-foto-fb-milanosport-2.jpeg\" alt=\"\" width=\"437\" height=\"246\" srcset=\"https:\/\/blog.ilgiornale.it\/franza\/files\/2021\/09\/be-water-piscina-cozzi-foto-fb-milanosport-2.jpeg 640w, https:\/\/blog.ilgiornale.it\/franza\/files\/2021\/09\/be-water-piscina-cozzi-foto-fb-milanosport-2-300x169.jpeg 300w\" sizes=\"(max-width: 437px) 100vw, 437px\" \/><\/a> Budapest in Ungheria.<\/strong><\/p>\n<p>\u201cUna dimostrazione vivida di come i luoghi dedicati all\u2019attivit\u00e0 sportiva siano dei vettori fondamentali per la crescita della nostra comunit\u00e0, sia dal punto di vista sociale che da quello culturale. Anche in questo senso i Giochi Olimpici e Paralimpici Invernali del 2026 rappresentano una straordinaria occasione di crescita e arricchimento per Milano e i milanesi&#8221;, ha commentato l&#8217;assessore allo Sport Roberta Guaineri.<\/p>\n<p><strong>Queste le parole del \u00a0sindaco Sala<\/strong> <strong>su Facebook dopo all&#8217;inaugurazione: <\/strong>\u201cL&#8217;opera Be Water, realizzata da Maurizio Cattelan e Pierpaolo Ferrari render\u00e0 magico un luogo che gi\u00e0 oggi \u00e8 di grande valore artistico e simbolico per lo sport a Milano,\u00a0 ha raccontato di nuotare proprio nella Piscina Cozzi, quando \u00e8 nella nostra citt\u00e0, e ha voluto tributare un luogo per lui importante con un&#8217;opera straordinaria, di cui gli siamo riconoscenti\u201d. E ancora: \u201cQuesta operazione \u00e8 una testimonianza di ci\u00f2 che Milano sa gi\u00e0 essere e che vuole essere ancora di pi\u00f9 nel futuro: una citt\u00e0 che sappia mescolare le sue tante anime per costruire un&#8217;identit\u00e0 fatta di attenzione alle persone con la capacit\u00e0 innovativa e di sperimentazione di nuovi linguaggi artistici e culturali\u201d.<\/p>\n<p><strong>Carlo Franza<\/strong><\/p>\n<p><strong>\u00a0<\/strong><\/p>\n<p>&nbsp;<\/p>\n<p>&nbsp;<\/p>\n","protected":false},"excerpt":{"rendered":"<p><p>Inaugurata la maxi opera murale &#8220;Be Water&#8221; di Cattelan alla piscina Cozzi di Milano. ll gigantesco murale di 246 mq occuper\u00e0 gli spazi della piscina Cozzi in viale Tunisia a Milano fino a settembre 2022. In occasione della Design Week, \u00e8 stata inaugurata alla presenza del sindaco Giuseppe Sala e dell&#8217;assessore allo Sport Roberta Guaineri l&#8217;opera &#8216;Be Water,&#8217; una grande installazione firmata dall&#8217;artista Maurizio Cattelan e dal fotografo Pierpaolo Ferrari, che da oggi fino a settembre 2022 occuper\u00e0 gli spazi della piscina Cozzi in viale Tunisia. Mi occorre subito dire che in quest\u2019opera, come d\u2019altronde in tutte le opere di [&hellip;]<\/p>\n&nbsp;&nbsp;<div class=\"readmore\"><a href=\"https:\/\/blog.ilgiornale.it\/franza\/2021\/09\/09\/inaugurato-il-murale-be-water-di-cattelan-alla-piscina-cozzi-di-milano-i-simboli-colti-del-fuorisalone-per-il-59-salone-del-mobile-2021\/\">Continua a leggere...<\/a><\/div><\/p>","protected":false},"author":1009,"featured_media":0,"comment_status":"open","ping_status":"closed","sticky":false,"template":"","format":"standard","meta":[],"categories":[44800,59281,31446,9894,252921,10357,44441,87,35351,17493,28308,26,17505,64,28369,13541,51665,4625],"tags":[420006,44445,59305,420008,420007,355195,420009],"_links":{"self":[{"href":"https:\/\/blog.ilgiornale.it\/franza\/wp-json\/wp\/v2\/posts\/24139"}],"collection":[{"href":"https:\/\/blog.ilgiornale.it\/franza\/wp-json\/wp\/v2\/posts"}],"about":[{"href":"https:\/\/blog.ilgiornale.it\/franza\/wp-json\/wp\/v2\/types\/post"}],"author":[{"embeddable":true,"href":"https:\/\/blog.ilgiornale.it\/franza\/wp-json\/wp\/v2\/users\/1009"}],"replies":[{"embeddable":true,"href":"https:\/\/blog.ilgiornale.it\/franza\/wp-json\/wp\/v2\/comments?post=24139"}],"version-history":[{"count":2,"href":"https:\/\/blog.ilgiornale.it\/franza\/wp-json\/wp\/v2\/posts\/24139\/revisions"}],"predecessor-version":[{"id":24146,"href":"https:\/\/blog.ilgiornale.it\/franza\/wp-json\/wp\/v2\/posts\/24139\/revisions\/24146"}],"wp:attachment":[{"href":"https:\/\/blog.ilgiornale.it\/franza\/wp-json\/wp\/v2\/media?parent=24139"}],"wp:term":[{"taxonomy":"category","embeddable":true,"href":"https:\/\/blog.ilgiornale.it\/franza\/wp-json\/wp\/v2\/categories?post=24139"},{"taxonomy":"post_tag","embeddable":true,"href":"https:\/\/blog.ilgiornale.it\/franza\/wp-json\/wp\/v2\/tags?post=24139"}],"curies":[{"name":"wp","href":"https:\/\/api.w.org\/{rel}","templated":true}]}}